{"id":93665,"date":"2023-10-08T12:05:49","date_gmt":"2023-10-08T15:05:49","guid":{"rendered":"https:\/\/corrientesdetarde.com\/?p=93665"},"modified":"2023-10-08T12:05:50","modified_gmt":"2023-10-08T15:05:50","slug":"tassano-con-un-trabajo-progresivo-hicimos-que-las-playas-sean-uno-de-los-puntos-mas-atractivos-de-la-ciudad","status":"publish","type":"post","link":"https:\/\/corrientesdetarde.com\/index.php\/locales\/tassano-con-un-trabajo-progresivo-hicimos-que-las-playas-sean-uno-de-los-puntos-mas-atractivos-de-la-ciudad\/","title":{"rendered":"Tassano: \u201cCon un trabajo progresivo hicimos que las playas sean uno de los puntos m\u00e1s atractivos de la ciudad\u201d"},"content":{"rendered":"\n<p><em>El intendente dej\u00f3 oficialmente inaugurada la temporada en los balnearios capitalinos. Luego del acto formal, continu\u00f3 la fiesta con bandas en vivo, presentaciones art\u00edsticas y propuestas deportivas.<\/em><\/p>\n\n\n\n<p>Con el slogan \u201cViv\u00ed el verano m\u00e1s largo de la Argentina\u201d, en la playa Arazaty II se llev\u00f3 a cabo la inauguraci\u00f3n oficial de la temporada 2023-2024 en las cinco playas p\u00fablicas de la ciudad, en un acto encabezado por el intendente Eduardo Tassano.<\/p>\n\n\n\n<p>Por segundo a\u00f1o consecutivo, ser\u00e1 la temporada m\u00e1s extensa de balnearios habilitados, de octubre a abril pr\u00f3ximo, con el funcionamiento de todos los servicios necesarios, en seguridad y comodidad, para el disfrute de los vecinos y turistas. Esto se ha convertido en un eje central para el impulso del turismo en la ciudad, a partir de un trabajo mancomunado de la Municipalidad y el Gobierno provincial que apunta a consolidar la actividad y el desarrollo econ\u00f3mico en Corrientes.<\/p>\n\n\n\n<p>En el acto desarrollado este s\u00e1bado, acompa\u00f1aron a Tassano el vicegobernador Pedro Braillard Poccard; el secretario de Turismo y Deportes del Municipio, Juan Enrique Braillard Poccard; el subsecretario de Turismo, H\u00e9ctor D\u00e1vila; el subsecretario de Desarrollo Deportivo y Grandes Eventos, Mat\u00edas Bocal\u00f3n; el director general de playas, Adri\u00e1n Meza; el intendente de Paso de la Patria, Guillermo Osnaghi y las concejales Florencia Ojeda y Cecilia Ojeda Duarte.<\/p>\n\n\n\n<p>Luego de la inauguraci\u00f3n, los vecinos y turistas disfrutaron de m\u00fasica en vivo de la mano de Viento Norte y Super Hobby, la presentaci\u00f3n de la academia de danza &#8220;\u00c1ngelus&#8221;, baile Anime, y se pudieron sumar a clases de zumba, escuela de atletismo y taekwondo. Hubo, adem\u00e1s, patio gastron\u00f3mico y barras de jugos y licuados.<\/p>\n\n\n\n<figure class=\"wp-block-image size-large\"><img loading=\"lazy\" decoding=\"async\" width=\"1024\" height=\"676\" src=\"https:\/\/corrientesdetarde.com\/wp-content\/uploads\/2023\/10\/Captura-de-pantalla-2023-10-08-120229-1024x676.png\" alt=\"\" class=\"wp-image-93670\" srcset=\"https:\/\/corrientesdetarde.com\/wp-content\/uploads\/2023\/10\/Captura-de-pantalla-2023-10-08-120229-1024x676.png 1024w, https:\/\/corrientesdetarde.com\/wp-content\/uploads\/2023\/10\/Captura-de-pantalla-2023-10-08-120229-300x198.png 300w, https:\/\/corrientesdetarde.com\/wp-content\/uploads\/2023\/10\/Captura-de-pantalla-2023-10-08-120229-768x507.png 768w, https:\/\/corrientesdetarde.com\/wp-content\/uploads\/2023\/10\/Captura-de-pantalla-2023-10-08-120229.png 1373w\" sizes=\"auto, (max-width: 1024px) 100vw, 1024px\" \/><\/figure>\n\n\n\n<figure class=\"wp-block-image size-large\"><img loading=\"lazy\" decoding=\"async\" width=\"1024\" height=\"678\" src=\"https:\/\/corrientesdetarde.com\/wp-content\/uploads\/2023\/10\/image-207-1024x678.png\" alt=\"\" class=\"wp-image-93671\" srcset=\"https:\/\/corrientesdetarde.com\/wp-content\/uploads\/2023\/10\/image-207-1024x678.png 1024w, https:\/\/corrientesdetarde.com\/wp-content\/uploads\/2023\/10\/image-207-300x199.png 300w, https:\/\/corrientesdetarde.com\/wp-content\/uploads\/2023\/10\/image-207-768x508.png 768w, https:\/\/corrientesdetarde.com\/wp-content\/uploads\/2023\/10\/image-207.png 1269w\" sizes=\"auto, (max-width: 1024px) 100vw, 1024px\" \/><\/figure>\n\n\n\n<p>Tassano destac\u00f3 que la habilitaci\u00f3n de estos espacios gratuitos y abiertos a todo p\u00fablico se logr\u00f3 \u201cgracias a un trabajo progresivo que hizo que sea \u2013la playa- uno de los puntos m\u00e1s atractivos de la ciudad, que sea un punto diferencial reconocido con nominaciones y premios en todo el mundo, como recientemente un sitio especializado en viajes y turismo la ubic\u00f3 en tercer lugar entre las mejores playas de Argentina. Sobre todo, tenemos que destacar que est\u00e1 abierto para todos los vecinos, pero tambi\u00e9n para todos los argentinos y&nbsp; turistas que nos visitan de otros lugares\u201d.<\/p>\n\n\n\n<p>Haciendo referencia a la belleza de las playas capitalinas, indic\u00f3: \u201cTodo esto muestra un potencial en el desarrollo del turismo y hacia ese camino vamos, hacia una ciudad tur\u00edstica en la Argentina y en la regi\u00f3n, abierta para todos y con playas frente a un r\u00edo majestuoso. Tenemos todo, vamos a cuidar eso y potenciarlo\u201d.<\/p>\n\n\n\n<p>Al mismo tiempo, destac\u00f3 el trabajo en equipo de la Municipalidad que va desde la organizaci\u00f3n de eventos, la habilitaci\u00f3n para los deportes de playa, hasta el saneamiento y los servicios. \u201cTodo eso se ve gracias al gran trabajo de los equipos y por eso venimos a darles el apoyo y el est\u00edmulo para seguir adelante en esto que se ha constituido como un punto central de Corrientes\u201d, afirm\u00f3.<\/p>\n\n\n\n<p>ACTIVIDADES<\/p>\n\n\n\n<p>Por su parte, el secretario de Turismo y Deportes del Municipio, Juan Enrique Braillard Poccard, adelant\u00f3 que habr\u00e1 mucha actividad deportiva durante toda la temporada.<\/p>\n\n\n\n<p>\u201cHabr\u00e1 torneos nacionales e internacionales de beach v\u00f3ley, vamos a tener f\u00fatbol de playa tambi\u00e9n y rugby beach, entre muchos otros deportes y actividades. Todo el mundo nos pide hacer ac\u00e1 los eventos, por ello es necesario el mantenimiento y la limpieza de este espacio y as\u00ed poder brindarles el mejor lugar para que se puedan desarrollar adem\u00e1s actividades culturales, entre otras que tenemos previstas\u201d.<\/p>\n\n\n\n<figure class=\"wp-block-image size-large\"><img loading=\"lazy\" decoding=\"async\" width=\"1024\" height=\"680\" src=\"https:\/\/corrientesdetarde.com\/wp-content\/uploads\/2023\/10\/image-206-1024x680.png\" alt=\"\" class=\"wp-image-93667\" srcset=\"https:\/\/corrientesdetarde.com\/wp-content\/uploads\/2023\/10\/image-206-1024x680.png 1024w, https:\/\/corrientesdetarde.com\/wp-content\/uploads\/2023\/10\/image-206-300x199.png 300w, https:\/\/corrientesdetarde.com\/wp-content\/uploads\/2023\/10\/image-206-768x510.png 768w, https:\/\/corrientesdetarde.com\/wp-content\/uploads\/2023\/10\/image-206.png 1261w\" sizes=\"auto, (max-width: 1024px) 100vw, 1024px\" \/><\/figure>\n\n\n\n<p>HORARIOS&nbsp;<\/p>\n\n\n\n<p>Desde el pasado 1 de octubre, ya est\u00e1n habilitados, de 8 a 20, los cinco balnearios p\u00fablicos capitalinos: Arazaty I y II, Islas Malvinas I y II (este \u00faltimo es paseo balneario recreativo habilitado para canes) y Molina Punta. Todos ellos cuentan con guardavidas, servicios, ba\u00f1os y otras prestaciones gratuitas para los vecinos.<\/p>\n\n\n\n<p>Vale recordar que el horario de servicio de ba\u00f1os p\u00fablicos es en: Arazaty I de 8 a 24, en Arazaty II de 8 a 22, en Malvinas I de 8 a 23, en Malvinas II y Molina Punta de 8 a 20.<\/p>\n\n\n\n<p>LA CIUDAD EN LA FIT&nbsp;<\/p>\n\n\n\n<p>Asimismo, mencion\u00f3 la excelente participaci\u00f3n del Municipio de la ciudad de Corrientes en la Feria Internacional del Turismo (FIT), uno de los eventos m\u00e1s convocantes que se desarroll\u00f3 desde el 30 de septiembre al 3 de octubre en el predio de La Rural de Palermo (CABA).<\/p>\n\n\n\n<p>En el marco de la Feria, la provincia de Corrientes se destac\u00f3 como un destino tur\u00edstico incomparable que combina la belleza natural, la riqueza cultural y la hospitalidad de su gente. Bajo el lema &#8220;Corrientes, el coraz\u00f3n del Litoral Argentino&#8221;, se presentaron los Carnavales Correntinos y el destino Iber\u00e1, cautivando a visitantes nacionales e internacionales con sus atractivos \u00fanicos.<\/p>\n\n\n\n<p>Adem\u00e1s, se present\u00f3 \u201cEl verano m\u00e1s largo de la Argentina\u201d, donde la capital correntina se luci\u00f3 con sus balnearios y la belleza de sus paisajes. \u201cLa gente se acercaba preguntando de qu\u00e9 se trataba, pidiendo folleter\u00eda y eso nos llena de mucho orgullo\u201d, reconoci\u00f3 el secretario de Turismo y Deportes.<\/p>\n","protected":false},"excerpt":{"rendered":"<p>El intendente dej\u00f3 oficialmente inaugurada la temporada en los balnearios capitalinos. Luego del acto formal, continu\u00f3 la fiesta con bandas en vivo, presentaciones art\u00edsticas y propuestas deportivas. Con el slogan&hellip; <\/p>\n","protected":false},"author":4,"featured_media":93666,"comment_status":"closed","ping_status":"open","sticky":false,"template":"","format":"standard","meta":{"footnotes":""},"categories":[8],"tags":[],"class_list":["post-93665","post","type-post","status-publish","format-standard","has-post-thumbnail","hentry","category-locales"],"_links":{"self":[{"href":"https:\/\/corrientesdetarde.com\/index.php\/wp-json\/wp\/v2\/posts\/93665","targetHints":{"allow":["GET"]}}],"collection":[{"href":"https:\/\/corrientesdetarde.com\/index.php\/wp-json\/wp\/v2\/posts"}],"about":[{"href":"https:\/\/corrientesdetarde.com\/index.php\/wp-json\/wp\/v2\/types\/post"}],"author":[{"embeddable":true,"href":"https:\/\/corrientesdetarde.com\/index.php\/wp-json\/wp\/v2\/users\/4"}],"replies":[{"embeddable":true,"href":"https:\/\/corrientesdetarde.com\/index.php\/wp-json\/wp\/v2\/comments?post=93665"}],"version-history":[{"count":1,"href":"https:\/\/corrientesdetarde.com\/index.php\/wp-json\/wp\/v2\/posts\/93665\/revisions"}],"predecessor-version":[{"id":93672,"href":"https:\/\/corrientesdetarde.com\/index.php\/wp-json\/wp\/v2\/posts\/93665\/revisions\/93672"}],"wp:featuredmedia":[{"embeddable":true,"href":"https:\/\/corrientesdetarde.com\/index.php\/wp-json\/wp\/v2\/media\/93666"}],"wp:attachment":[{"href":"https:\/\/corrientesdetarde.com\/index.php\/wp-json\/wp\/v2\/media?parent=93665"}],"wp:term":[{"taxonomy":"category","embeddable":true,"href":"https:\/\/corrientesdetarde.com\/index.php\/wp-json\/wp\/v2\/categories?post=93665"},{"taxonomy":"post_tag","embeddable":true,"href":"https:\/\/corrientesdetarde.com\/index.php\/wp-json\/wp\/v2\/tags?post=93665"}],"curies":[{"name":"wp","href":"https:\/\/api.w.org\/{rel}","templated":true}]}}