{"id":93676,"date":"2023-10-08T17:45:32","date_gmt":"2023-10-08T20:45:32","guid":{"rendered":"https:\/\/corrientesdetarde.com\/?p=93676"},"modified":"2023-10-08T17:45:38","modified_gmt":"2023-10-08T20:45:38","slug":"argentina-inicia-los-entrenamientos-para-jugar-ante-paraguay-y-peru","status":"publish","type":"post","link":"https:\/\/corrientesdetarde.com\/index.php\/deportes\/argentina-inicia-los-entrenamientos-para-jugar-ante-paraguay-y-peru\/","title":{"rendered":"Argentina inicia los entrenamientos para jugar ante Paraguay y Per\u00fa."},"content":{"rendered":"\n<h2 class=\"wp-block-heading\">El seleccionado campe\u00f3n mundial arranca la preparaci\u00f3n para una nueva ventana. Buscar\u00e1 acercarse m\u00e1s a Norteam\u00e9rica 2026.<\/h2>\n\n\n\n<p>El seleccionado argentino campe\u00f3n mundial en Qatar 2022 iniciar\u00e1 este lunes sus entrenamientos en el predio Lionel Andr\u00e9s Messi de Ezeiza para disputar sus pr\u00f3ximos partidos ante Paraguay y Per\u00fa, por la tercera y cuarta fecha de las Eliminatorias Sudamericanas rumbo al Mundial Estados Unidos, Canad\u00e1, M\u00e9xico 2026.<\/p>\n\n\n\n<p>La primera sesi\u00f3n de trabajo est\u00e1 programada para ma\u00f1ana a las 17.00 a puertas cerradas. Las pr\u00e1cticas de los dos d\u00edas siguientes ser\u00e1n en el mismo horario, con los \u00faltimos 15 minutos abierto a los medios, el martes.<\/p>\n\n\n\n<p>El DT Lionel Scaloni brindar\u00e1 su habitual conferencia de prensa el mi\u00e9rcoles en horario a determinar.<\/p>\n\n\n\n<p>Argentina recibir\u00e1 a Paraguay el jueves desde las 20:00 en el Monumental y el martes 17 se presentar\u00e1 frente a Per\u00fa en el Estadio Nacional de Lima a partir de las 23.00.<\/p>\n\n\n\n<p>En esta nueva ventana FIFA, Scaloni no contar\u00e1 con tres campeones del mundo: el defensor Juan Foyth y los delanteros \u00c1ngel Di Mar\u00eda y \u00c1ngel Correa, en todos los casos por lesi\u00f3n.<\/p>\n\n\n\n<p>En tanto, se espera una definici\u00f3n por el atacante Paulo Dybala, quien este domingo sufri\u00f3 un golpe en la rodilla izquierda que lo oblig\u00f3 a abandonar el partido de Roma en Cagliari durante el primer tiempo.<\/p>\n\n\n\n<p>Foyth qued\u00f3 desafectado hoy luego de jugar la totalidad del partido que Villarreal perdi\u00f3 ante Las Palmas (1-2) en LaLiga de Espa\u00f1a. En su lugar ingresar\u00e1 el marcador central del Lens de Francia Facundo Medina, de 24 a\u00f1os, quien recibi\u00f3 as\u00ed su segunda citaci\u00f3n en estas Eliminatorias.<\/p>\n\n\n\n<p>Al margen de Dybala, cuya situaci\u00f3n est\u00e1 supeditada al informe m\u00e9dico de la Roma, los jugadores que formar\u00e1n parte del seleccionado argentino en la tercera y cuarta fecha de la carrera mundialista son los siguientes:<\/p>\n\n\n\n<p>Arqueros: Emiliano Mart\u00ednez, Franco Armani, Juan Musso y Walter Ben\u00edtez.<\/p>\n\n\n\n<p>Defensores: Medina, Gonzalo Montiel, Nahuel Molina, Germ\u00e1n Pezzella, Cristian Romero, Lucas Mart\u00ednez Quarta, Nicol\u00e1s Otamendi, Marcos Acu\u00f1a y Nicol\u00e1s Tagliafico.<\/p>\n\n\n\n<p>Mediocampistas: Leandro Paredes, Guido Rodr\u00edguez, Enzo Fern\u00e1ndez, Rodrigo De Paul, Exequiel Palacios, Giovani Lo Celso y Alexis Mac Allister:<\/p>\n\n\n\n<p>Delanteros: Thiago Almada, Lionel Messi, Juli\u00e1n \u00c1lvarez, Lautaro Mart\u00ednez, Lucas Beltr\u00e1n, Alejandro Garnacho, Nicol\u00e1s Gonz\u00e1lez y Lucas Ocampos.<\/p>\n\n\n\n<p>Argentina lidera junto a Brasil la clasificaci\u00f3n sudamericana con 6 puntos, luego de imponerse 1-0 ante Ecuador en Buenos Aires y de golear 3-0 a Bolivia en la altura de La Paz.<\/p>\n","protected":false},"excerpt":{"rendered":"<p>El seleccionado campe\u00f3n mundial arranca la preparaci\u00f3n para una nueva ventana. Buscar\u00e1 acercarse m\u00e1s a Norteam\u00e9rica 2026. El seleccionado argentino campe\u00f3n mundial en Qatar 2022 iniciar\u00e1 este lunes sus entrenamientos&hellip; <\/p>\n","protected":false},"author":6,"featured_media":93680,"comment_status":"closed","ping_status":"open","sticky":false,"template":"","format":"standard","meta":{"footnotes":""},"categories":[4],"tags":[],"class_list":["post-93676","post","type-post","status-publish","format-standard","has-post-thumbnail","hentry","category-deportes"],"_links":{"self":[{"href":"https:\/\/corrientesdetarde.com\/index.php\/wp-json\/wp\/v2\/posts\/93676","targetHints":{"allow":["GET"]}}],"collection":[{"href":"https:\/\/corrientesdetarde.com\/index.php\/wp-json\/wp\/v2\/posts"}],"about":[{"href":"https:\/\/corrientesdetarde.com\/index.php\/wp-json\/wp\/v2\/types\/post"}],"author":[{"embeddable":true,"href":"https:\/\/corrientesdetarde.com\/index.php\/wp-json\/wp\/v2\/users\/6"}],"replies":[{"embeddable":true,"href":"https:\/\/corrientesdetarde.com\/index.php\/wp-json\/wp\/v2\/comments?post=93676"}],"version-history":[{"count":1,"href":"https:\/\/corrientesdetarde.com\/index.php\/wp-json\/wp\/v2\/posts\/93676\/revisions"}],"predecessor-version":[{"id":93681,"href":"https:\/\/corrientesdetarde.com\/index.php\/wp-json\/wp\/v2\/posts\/93676\/revisions\/93681"}],"wp:featuredmedia":[{"embeddable":true,"href":"https:\/\/corrientesdetarde.com\/index.php\/wp-json\/wp\/v2\/media\/93680"}],"wp:attachment":[{"href":"https:\/\/corrientesdetarde.com\/index.php\/wp-json\/wp\/v2\/media?parent=93676"}],"wp:term":[{"taxonomy":"category","embeddable":true,"href":"https:\/\/corrientesdetarde.com\/index.php\/wp-json\/wp\/v2\/categories?post=93676"},{"taxonomy":"post_tag","embeddable":true,"href":"https:\/\/corrientesdetarde.com\/index.php\/wp-json\/wp\/v2\/tags?post=93676"}],"curies":[{"name":"wp","href":"https:\/\/api.w.org\/{rel}","templated":true}]}}