{"id":93682,"date":"2023-10-08T17:59:36","date_gmt":"2023-10-08T20:59:36","guid":{"rendered":"https:\/\/corrientesdetarde.com\/?p=93682"},"modified":"2023-10-08T17:59:49","modified_gmt":"2023-10-08T20:59:49","slug":"una-familia-fue-asaltada-por-delincuentes-organizados","status":"publish","type":"post","link":"https:\/\/corrientesdetarde.com\/index.php\/policiales\/una-familia-fue-asaltada-por-delincuentes-organizados\/","title":{"rendered":"Una familia fue asaltada por delincuentes organizados."},"content":{"rendered":"\n<h2 class=\"wp-block-heading\">El atraco se produjo en una vivienda del capitalino barrio Doctor Monta\u00f1a. Cuatro hombres con armas de fuego maniataron con precintos a un matrimonio, un amigo e incluso redujeron a una nena de cinco a\u00f1os. Sustrajeron dinero, una moto y tel\u00e9fonos celulares.<\/h2>\n\n\n\n<p>El golpe tipo comando sucedi\u00f3 mientras Boca Juniors jugaba la semifinal de Copa Libertadores con el Palmeiras en Brasil. Cuatro hombres con capuchas, chalecos antibala colocados y portando radios handie sorprendieron a los integrantes de una familia en el barrio Doctor Monta\u00f1a de la ciudad de Corrientes.<\/p>\n\n\n\n<p>Mientras preguntaban &#8220;d\u00f3nde est\u00e1 la droga&#8221; y &#8220;la plata de la droga&#8221; atormentaron a sus v\u00edctimas hasta que al final robaron una motocicleta, tel\u00e9fonos celulares y un par de billeteras con dinero, seg\u00fan informaron fuentes policiales.<\/p>\n\n\n\n<p>Si bien la noticia tard\u00f3 en salir a la luz, ayer este medio consigui\u00f3 detalles de lo que ser\u00eda un &#8220;golpe planificado&#8221; y no &#8220;al voleo&#8221;, tal como presumen los investigadores.<\/p>\n\n\n\n<p>El propietario de la vivienda de la manzana 61 es un mec\u00e1nico que vivi\u00f3 momentos de suma tensi\u00f3n junto a su concubina, una nena de cinco a\u00f1os y un amigo que estaba de visita.<\/p>\n\n\n\n<p>Alrededor de las 22:30 del jueves y en forma repentina ingresaron a la propiedad cuatro hombres con sus rostros cubiertos con capuchas, barbijos y vestidos como si pertenecieran a alguna fuerza de seguridad.<\/p>\n\n\n\n<p>De acuerdo a la denuncia mencionada frente a las autoridades de la Comisar\u00eda Seccional Decimocuarta, el due\u00f1o de casa fue el principal apuntado por parte de la banda criminal que exhibi\u00f3 armas de fuego tipo pistolas.<\/p>\n\n\n\n<p>A esa persona golpearon en reiteradas ocasiones mientras ped\u00edan con cierta insistencia saber sobre &#8220;la plata&#8221; o el lugar &#8220;donde ten\u00eda guardada&#8221; la droga, algo de lo que el damnificado, explic\u00f3, no sabe nada.<\/p>\n\n\n\n<p>Mientras uno de ellos vigilaba el ingreso a la vivienda, el resto revis\u00f3 las distintas habitaciones a la b\u00fasqueda de valores.<\/p>\n\n\n\n<p>Las personas damnificadas permanecieron inmovilizadas con precintos pl\u00e1sticos colocados.<\/p>\n\n\n\n<p>Luego de varios minutos de amenazas, la banda decidi\u00f3 dar por terminado el delito con la sustracci\u00f3n de una motocicleta Honda CG Tit\u00e1n 150, los celulares y las billeteras cargadas de escasa suma de dinero.<\/p>\n\n\n\n<p>Luego de escuchar que los asaltantes se alejaron, en la moto y posiblemente en un veh\u00edculo automotor estacionado en las inmediaciones, las v\u00edctimas pudieron solicitar ayuda a vecinos.<\/p>\n\n\n\n<p>Rato m\u00e1s tarde, mediante llamados al sistema de emergencias, acudieron al domicilio efectivos de la Comisar\u00eda Decimocuarta.<\/p>\n\n\n\n<p>Dada la gravedad del suceso intervino la Unidad Fiscal de Recepci\u00f3n e Investigaciones Concretas m\u00e1s el apoyo de la Direcci\u00f3n de Investigaci\u00f3n Criminal, Pericias Cient\u00edficas, Delitos Complejos y Divisi\u00f3n Antiarrebatos.<\/p>\n\n\n\n<p>Todas esas \u00e1reas estaban abocadas al esclarecimiento del delito caratulado como &#8220;robo calificado&#8221; en poblado y en banda.<\/p>\n\n\n\n<p>Ayer, la fuerza de seguridad realiz\u00f3 el allanamiento a una casa del barrio ya que este \u00faltimo episodio delictivo no fue el \u00fanico registrado en las \u00faltimas semanas en ese sector de Capital.<\/p>\n\n\n\n<p>Vecinos deslizaron su inquietud ante numerosos sucesos de hurtos cometidos, presuntamente, por j\u00f3venes consumidores de droga.<\/p>\n\n\n\n<p>Al cierre de esta edici\u00f3n no trascendieron detalles del procedimiento, aunque s\u00ed el secuestro preventivo de numerosos objetos de &#8220;dudosa procedencia&#8221;.<\/p>\n","protected":false},"excerpt":{"rendered":"<p>El atraco se produjo en una vivienda del capitalino barrio Doctor Monta\u00f1a. Cuatro hombres con armas de fuego maniataron con precintos a un matrimonio, un amigo e incluso redujeron a&hellip; <\/p>\n","protected":false},"author":6,"featured_media":93689,"comment_status":"closed","ping_status":"open","sticky":false,"template":"","format":"standard","meta":{"footnotes":""},"categories":[33],"tags":[],"class_list":["post-93682","post","type-post","status-publish","format-standard","has-post-thumbnail","hentry","category-policiales"],"_links":{"self":[{"href":"https:\/\/corrientesdetarde.com\/index.php\/wp-json\/wp\/v2\/posts\/93682","targetHints":{"allow":["GET"]}}],"collection":[{"href":"https:\/\/corrientesdetarde.com\/index.php\/wp-json\/wp\/v2\/posts"}],"about":[{"href":"https:\/\/corrientesdetarde.com\/index.php\/wp-json\/wp\/v2\/types\/post"}],"author":[{"embeddable":true,"href":"https:\/\/corrientesdetarde.com\/index.php\/wp-json\/wp\/v2\/users\/6"}],"replies":[{"embeddable":true,"href":"https:\/\/corrientesdetarde.com\/index.php\/wp-json\/wp\/v2\/comments?post=93682"}],"version-history":[{"count":1,"href":"https:\/\/corrientesdetarde.com\/index.php\/wp-json\/wp\/v2\/posts\/93682\/revisions"}],"predecessor-version":[{"id":93690,"href":"https:\/\/corrientesdetarde.com\/index.php\/wp-json\/wp\/v2\/posts\/93682\/revisions\/93690"}],"wp:featuredmedia":[{"embeddable":true,"href":"https:\/\/corrientesdetarde.com\/index.php\/wp-json\/wp\/v2\/media\/93689"}],"wp:attachment":[{"href":"https:\/\/corrientesdetarde.com\/index.php\/wp-json\/wp\/v2\/media?parent=93682"}],"wp:term":[{"taxonomy":"category","embeddable":true,"href":"https:\/\/corrientesdetarde.com\/index.php\/wp-json\/wp\/v2\/categories?post=93682"},{"taxonomy":"post_tag","embeddable":true,"href":"https:\/\/corrientesdetarde.com\/index.php\/wp-json\/wp\/v2\/tags?post=93682"}],"curies":[{"name":"wp","href":"https:\/\/api.w.org\/{rel}","templated":true}]}}