{"id":93683,"date":"2023-10-08T17:57:00","date_gmt":"2023-10-08T20:57:00","guid":{"rendered":"https:\/\/corrientesdetarde.com\/?p=93683"},"modified":"2023-10-08T17:57:01","modified_gmt":"2023-10-08T20:57:01","slug":"borrachos-al-volante-insultaron-a-policias-y-terminaron-demorados","status":"publish","type":"post","link":"https:\/\/corrientesdetarde.com\/index.php\/policiales\/borrachos-al-volante-insultaron-a-policias-y-terminaron-demorados\/","title":{"rendered":"Borrachos al volante: insultaron a polic\u00edas y terminaron demorados."},"content":{"rendered":"\n<h2 class=\"wp-block-heading\">La Polic\u00eda apres\u00f3 a dos hombres quienes circulaban a bordo de un autom\u00f3vil en aparente estado de ebriedad. Se intentaron dar a la fuga sin \u00e9xito.<\/h2>\n\n\n\n<p>En las primeras horas de este domingo 8, efectivos policiales dependientes del Departamento de Distritos Policiales y Unidades Operativas momentos en que realizaban recorridas de prevenci\u00f3n, observaron a un veh\u00edculo automotor \u2013marca Chevrolet Corsa- con dos ocupantes quienes se encontraban aparente estado de ebriedad y quienes al notar la presencia de los efectivos empezaron a insultar verbalmente a los mismos.<\/p>\n\n\n\n<p>Es por ello, que al intentar ser identificados contin\u00faan su circulaci\u00f3n hacia Avenida Centenario, donde el personal policial logra detener la marcha del rodado e identificar s sus ocupantes, trat\u00e1ndose de dos personas mayores de 29 y 30 a\u00f1os de edad.<\/p>\n\n\n\n<p>En la oportunidad, se solicit\u00f3 la colaboraci\u00f3n de personal de Tr\u00e1nsito Municipal quienes procedieron al secuestro del veh\u00edculo automotor, en tanto que los demorados fueron trasladados hasta la comisaria D\u00e9cimo Sexta por razones de jurisdicci\u00f3n, a fin de continuar con las diligencias correspondientes del caso.<\/p>\n","protected":false},"excerpt":{"rendered":"<p>La Polic\u00eda apres\u00f3 a dos hombres quienes circulaban a bordo de un autom\u00f3vil en aparente estado de ebriedad. Se intentaron dar a la fuga sin \u00e9xito. En las primeras horas&hellip; <\/p>\n","protected":false},"author":6,"featured_media":93687,"comment_status":"closed","ping_status":"open","sticky":false,"template":"","format":"standard","meta":{"footnotes":""},"categories":[33],"tags":[],"class_list":["post-93683","post","type-post","status-publish","format-standard","has-post-thumbnail","hentry","category-policiales"],"_links":{"self":[{"href":"https:\/\/corrientesdetarde.com\/index.php\/wp-json\/wp\/v2\/posts\/93683","targetHints":{"allow":["GET"]}}],"collection":[{"href":"https:\/\/corrientesdetarde.com\/index.php\/wp-json\/wp\/v2\/posts"}],"about":[{"href":"https:\/\/corrientesdetarde.com\/index.php\/wp-json\/wp\/v2\/types\/post"}],"author":[{"embeddable":true,"href":"https:\/\/corrientesdetarde.com\/index.php\/wp-json\/wp\/v2\/users\/6"}],"replies":[{"embeddable":true,"href":"https:\/\/corrientesdetarde.com\/index.php\/wp-json\/wp\/v2\/comments?post=93683"}],"version-history":[{"count":1,"href":"https:\/\/corrientesdetarde.com\/index.php\/wp-json\/wp\/v2\/posts\/93683\/revisions"}],"predecessor-version":[{"id":93688,"href":"https:\/\/corrientesdetarde.com\/index.php\/wp-json\/wp\/v2\/posts\/93683\/revisions\/93688"}],"wp:featuredmedia":[{"embeddable":true,"href":"https:\/\/corrientesdetarde.com\/index.php\/wp-json\/wp\/v2\/media\/93687"}],"wp:attachment":[{"href":"https:\/\/corrientesdetarde.com\/index.php\/wp-json\/wp\/v2\/media?parent=93683"}],"wp:term":[{"taxonomy":"category","embeddable":true,"href":"https:\/\/corrientesdetarde.com\/index.php\/wp-json\/wp\/v2\/categories?post=93683"},{"taxonomy":"post_tag","embeddable":true,"href":"https:\/\/corrientesdetarde.com\/index.php\/wp-json\/wp\/v2\/tags?post=93683"}],"curies":[{"name":"wp","href":"https:\/\/api.w.org\/{rel}","templated":true}]}}