{"id":93684,"date":"2023-10-08T17:56:07","date_gmt":"2023-10-08T20:56:07","guid":{"rendered":"https:\/\/corrientesdetarde.com\/?p=93684"},"modified":"2023-10-08T17:56:13","modified_gmt":"2023-10-08T20:56:13","slug":"jesica-cirio-conto-como-se-encuentran-los-hijos-de-martin-insaurralde-tras-el-escandalo","status":"publish","type":"post","link":"https:\/\/corrientesdetarde.com\/index.php\/espectaculos\/jesica-cirio-conto-como-se-encuentran-los-hijos-de-martin-insaurralde-tras-el-escandalo\/","title":{"rendered":"Jesica Cirio cont\u00f3 c\u00f3mo se encuentran los hijos de Mart\u00edn Insaurralde tras el esc\u00e1ndalo."},"content":{"rendered":"\n<h2 class=\"wp-block-heading\">La modelo asegur\u00f3 que su v\u00ednculo con Mart\u00edn, Rodrigo y Bautista est\u00e1 intacto y que todos est\u00e1n para sostener a Chlo\u00e9, la m\u00e1s peque\u00f1a del clan.<\/h2>\n\n\n\n<p><strong>Jesica Cirio\u00a0<\/strong>volvi\u00f3 a hablar sobre el esc\u00e1ndalo que se desat\u00f3 luego de conocerse el\u00a0<strong>romance de Mart\u00edn Insaurralde con Sof\u00eda Clerici<\/strong>. Al aire de<em>\u00a0La Pe\u00f1a de Morfi<\/em>\u00a0(<em>Telefe<\/em>), la conductora se refiri\u00f3 a la angustia que siente producto de la traici\u00f3n de su exmarido y cont\u00f3\u00a0<strong>c\u00f3mo lo est\u00e1n enfrentando los hijos del pol\u00edtico<\/strong>.<\/p>\n\n\n\n<p>\u201cEstoy destrozada an\u00edmicamente, pero a la vez tengo que estar fuerte para sostener a Chlo\u00e9\u201d, dijo en referencia a su hija de cinco a\u00f1os, fruto de su relaci\u00f3n con el exjefe de Gabinete bonaerense.<\/p>\n\n\n\n<p>Georgina Barbarossa aprovech\u00f3 para consultarle por su v\u00ednculo con\u00a0Mart\u00edn, Rodrigo y Bautista, los hijos de su exmarido, entonces Cirio remarc\u00f3 que la relaci\u00f3n con ellos est\u00e1 intacta. Respecto a c\u00f3mo est\u00e1n atravesando el esc\u00e1ndalo, se\u00f1al\u00f3:\u00a0<strong>\u201cEst\u00e1n muy tristes\u201d.<\/strong><\/p>\n\n\n\n<figure class=\"wp-block-image\"><img decoding=\"async\" src=\"https:\/\/tn.com.ar\/resizer\/4iyAKAusWCdFo8hkri6fIkWD4GY=\/767x0\/smart\/filters:format(webp)\/cloudfront-us-east-1.images.arcpublishing.com\/artear\/Z6HSJCOSENCONIHB5BVTOVIOC4.jpg\" alt=\"Mart\u00edn Insaurralde y J\u00e9sica Cirio junto a su familia en el cumplea\u00f1os de su hija Chlo\u00e9. (Foto: Instagram \/minsaurralde_)\"\/><figcaption>Mart\u00edn Insaurralde y J\u00e9sica Cirio junto a su familia en el cumplea\u00f1os de su hija Chlo\u00e9. (Foto: Instagram \/minsaurralde_)<\/figcaption><\/figure>\n\n\n\n<p>\u201c\u00bfHablan con el pap\u00e1?\u201d, quiso saber la actriz, pero la modelo aclar\u00f3: \u201cTrato de no preguntarles, pero seguro que hablan\u201d. Y continu\u00f3: \u201c<strong>Trato de mantener mi relaci\u00f3n con ellos y que sea lo m\u00e1s sana posible<\/strong>&nbsp;porque para ellos tambi\u00e9n fue muy duro. Es muy duro para todos. Todos&nbsp;<strong>estamos tratando de sostener a la m\u00e1s chiquita<\/strong>&nbsp;porque los hijos son m\u00e1s grandes\u201d.<\/p>\n\n\n\n<p>En cuanto al v\u00ednculo de los hijos del pol\u00edtico con Chlo\u00e9, destac\u00f3:&nbsp;<strong>\u201cSon todo lo que est\u00e1 bien.<\/strong>&nbsp;Ellos todo el tiempo est\u00e1n tratando de colaborar, de sostenerme a m\u00ed, que voy pasando por picos de angustia, llanto, bronca, dolor, desilusi\u00f3n&#8230;\u201d.<\/p>\n\n\n\n<figure class=\"wp-block-image\"><img decoding=\"async\" src=\"https:\/\/tn.com.ar\/resizer\/LumQitxkbub-5AYMucAkeGR5-AY=\/767x0\/smart\/filters:format(webp)\/cloudfront-us-east-1.images.arcpublishing.com\/artear\/Y5NC45KB4BBLPOS3IWK2FPSVS4.jpg\" alt=\"Mart\u00edn Insaurralde y Jesica Cirio tuvieron una hija en com\u00fan durante su matrimonio. (Foto: Instagram\/@jesicacirio)\n\"\/><figcaption>Mart\u00edn Insaurralde y Jesica Cirio tuvieron una hija en com\u00fan durante su matrimonio. (Foto: Instagram\/@jesicacirio)<\/figcaption><\/figure>\n\n\n\n<p>\u201cY de sentirte una tarada, de no darte cuenta\u201d, a\u00f1adi\u00f3 Barbarossa. Cirio reafirm\u00f3: \u201cY de sentirme una tarada. Lo que pasa que uno a veces dice \u2018No puede ser\u2019. Eso es lo que me pas\u00f3 en noviembre porque quiz\u00e1s me dec\u00edan cosas y yo dec\u00eda \u2018No puede ser\u2019. Y cuando este fin de semana me vino toda la realidad a la cara&#8230; es muy fuerte\u201d.<\/p>\n\n\n\n<p>A modo de cierre, cont\u00f3 que esta semana estuvo desconectada de las redes sociales porque se concentr\u00f3 en \u201ccontener a los chicos y a la nena\u201d.&nbsp;<strong>\u201cEstamos tratando de acompa\u00f1arnos como se puede\u201d,&nbsp;<\/strong>concluy\u00f3.<\/p>\n\n\n\n<h2 class=\"wp-block-heading\">Jesica Cirio llor\u00f3 en vivo y acus\u00f3 a Mart\u00edn Insaurralde de traicionarla<\/h2>\n\n\n\n<p><strong>Jesica Cirio<\/strong>&nbsp;volvi\u00f3 a hablar sobre el esc\u00e1ndalo que se desat\u00f3 luego de conocerse el&nbsp;<strong>romance de Mart\u00edn Insaurralde con Sof\u00eda Clerici<\/strong>.<\/p>\n\n\n\n<p><strong>\u201cFue muy angustiante, me sent\u00ed defraudada y frustrada. Es una traici\u00f3n muy fuerte\u201d<\/strong>, dijo este domingo en<em>\u00a0La pe\u00f1a de Morfi (Telefe)<\/em>.<strong>\u00a0\u201c\u00bfEn qu\u00e9 fall\u00e9? \u00bfPor qu\u00e9 pas\u00f3 todo esto?\u201d<\/strong>, se cuestion\u00f3 con l\u00e1grimas en los ojos mientras dialogaba con su compa\u00f1era.<\/p>\n\n\n\n<p>Jesica hizo \u00e9nfasis en la sorpresa que se llev\u00f3 por la relaci\u00f3n de Insaurralde con Clerici. Sin embargo, recalc\u00f3 que&nbsp;<strong>sospechaba de \u00e9l desde noviembre del a\u00f1o pasado<\/strong>. \u201cNo ten\u00eda confirmaciones de nada, solo&nbsp;<strong>cosas que no me cerraban y no me hac\u00edan bien ni feliz<\/strong>\u201d, asegur\u00f3.<\/p>\n\n\n\n<p>Tambi\u00e9n, explic\u00f3 que se enter\u00f3 el fin de semana pasado con la difusi\u00f3n de las fotos y el fogoso video de Mart\u00edn en la cama con la modelo. Sobre esta infidelidad, se\u00f1al\u00f3 entre l\u00e1grimas: \u201cFue muy triste, muy duro.&nbsp;<strong>Sent\u00ed que fue una traici\u00f3n<\/strong>. Si una persona es capaz durante tantos a\u00f1os de<strong>&nbsp;hacerme creer que no era as\u00ed<\/strong>, ya no s\u00e9 qu\u00e9 pensar\u201d.<\/p>\n\n\n\n<p><strong>\u201cSent\u00ed que todo lo que viv\u00ed con \u00e9l fue una mentira\u201d<\/strong>, lanz\u00f3 Jesica con angustia por todos los a\u00f1os que estuvo en pareja con el ahora ex Jefe de Gobierno bonaerense.<\/p>\n\n\n\n<p><em>Fuente: Todo Noticias.<\/em><\/p>\n","protected":false},"excerpt":{"rendered":"<p>La modelo asegur\u00f3 que su v\u00ednculo con Mart\u00edn, Rodrigo y Bautista est\u00e1 intacto y que todos est\u00e1n para sostener a Chlo\u00e9, la m\u00e1s peque\u00f1a del clan. Jesica Cirio\u00a0volvi\u00f3 a hablar&hellip; <\/p>\n","protected":false},"author":6,"featured_media":93685,"comment_status":"closed","ping_status":"open","sticky":false,"template":"","format":"standard","meta":{"footnotes":""},"categories":[19],"tags":[],"class_list":["post-93684","post","type-post","status-publish","format-standard","has-post-thumbnail","hentry","category-espectaculos"],"_links":{"self":[{"href":"https:\/\/corrientesdetarde.com\/index.php\/wp-json\/wp\/v2\/posts\/93684","targetHints":{"allow":["GET"]}}],"collection":[{"href":"https:\/\/corrientesdetarde.com\/index.php\/wp-json\/wp\/v2\/posts"}],"about":[{"href":"https:\/\/corrientesdetarde.com\/index.php\/wp-json\/wp\/v2\/types\/post"}],"author":[{"embeddable":true,"href":"https:\/\/corrientesdetarde.com\/index.php\/wp-json\/wp\/v2\/users\/6"}],"replies":[{"embeddable":true,"href":"https:\/\/corrientesdetarde.com\/index.php\/wp-json\/wp\/v2\/comments?post=93684"}],"version-history":[{"count":1,"href":"https:\/\/corrientesdetarde.com\/index.php\/wp-json\/wp\/v2\/posts\/93684\/revisions"}],"predecessor-version":[{"id":93686,"href":"https:\/\/corrientesdetarde.com\/index.php\/wp-json\/wp\/v2\/posts\/93684\/revisions\/93686"}],"wp:featuredmedia":[{"embeddable":true,"href":"https:\/\/corrientesdetarde.com\/index.php\/wp-json\/wp\/v2\/media\/93685"}],"wp:attachment":[{"href":"https:\/\/corrientesdetarde.com\/index.php\/wp-json\/wp\/v2\/media?parent=93684"}],"wp:term":[{"taxonomy":"category","embeddable":true,"href":"https:\/\/corrientesdetarde.com\/index.php\/wp-json\/wp\/v2\/categories?post=93684"},{"taxonomy":"post_tag","embeddable":true,"href":"https:\/\/corrientesdetarde.com\/index.php\/wp-json\/wp\/v2\/tags?post=93684"}],"curies":[{"name":"wp","href":"https:\/\/api.w.org\/{rel}","templated":true}]}}