{"id":93691,"date":"2023-10-08T18:05:28","date_gmt":"2023-10-08T21:05:28","guid":{"rendered":"https:\/\/corrientesdetarde.com\/?p=93691"},"modified":"2023-10-08T18:05:33","modified_gmt":"2023-10-08T21:05:33","slug":"tres-argentinos-fallecidos-y-dos-desaparecidos-tras-el-ataque-terrorista-de-hamas-contra-israel","status":"publish","type":"post","link":"https:\/\/corrientesdetarde.com\/index.php\/internacionales\/tres-argentinos-fallecidos-y-dos-desaparecidos-tras-el-ataque-terrorista-de-hamas-contra-israel\/","title":{"rendered":"Tres argentinos fallecidos y dos desaparecidos tras el ataque terrorista de Hamas contra Israel."},"content":{"rendered":"\n<h2 class=\"wp-block-heading\">Iair y Eitan Horn son hijos del periodista Itzik Horn, que viven en el Kibutz Nir Oz, uno de los primeros atacados por los terroristas.\u201dNo le deseo a nadie lo que estoy pasando\u201d, sostuvo.<\/h2>\n\n\n\n<p>Al menos dos argentinos est\u00e1n desaparecidos luego de la salvaje operaci\u00f3n terrorista de Hamas contra Israel. Se trata de<strong>\u00a0Iair y Eitan Horn,<\/strong>\u00a0hijos del periodista\u00a0<strong>Itzik Horn<\/strong>, de quienes no hay informaci\u00f3n desde ayer cuando inici\u00f3 el ataque en el Kibutz Nir Oz, cercano a la Franja de Gaza.<\/p>\n\n\n\n<p>\u201cNo tengo ninguna noticia, publicamos las fotos en todas las redes, entre amistades que tenemos en Israel, en Argentina y en otros pa\u00edses; la mayor\u00eda de la gente se enter\u00f3 que a sus familiares los secuestraron viendo las filmaciones de Hamas, y en ninguna de esas pel\u00edculas alcanc\u00e9 a ver a mis hijos\u201d, se\u00f1al\u00f3\u00a0<strong>Itzik Horn\u00a0<\/strong>en di\u00e1logo con radio\u00a0<em>La Once Diez<\/em>.<\/p>\n\n\n\n<p>Y agreg\u00f3: \u201cEst\u00e1n desaparecidos desde ayer, cuando los guerrilleros entraron al Kibut. No hay nombres de desaparecidos, nadie del gobierno se ha comunicado. No le deseo a nadie lo que estoy pasando\u201d.<\/p>\n\n\n\n<p>M\u00e1s all\u00e1 de la situaci\u00f3n de Iair y Eitan Horn,\u00a0<strong>hasta el momento son tres los argentinos que murieron por el ataque terrorista.\u00a0<\/strong>En las \u00faltimas horas se confirm\u00f3\u00a0el fallecimiento de Silvia Mirensky,\u00a0de 80 a\u00f1os, que viv\u00eda en la granja colectiva Ein Hashlosh\u00e1, a 17 kil\u00f3metros de Gaza. En el ataque, se incendi\u00f3 su casa y ella no alcanz\u00f3 a salir.<\/p>\n\n\n\n<p>Ayer, tambi\u00e9n se hab\u00eda confirmado\u00a0la muerte de Rodolfo Fabi\u00e1n Skariszewski, de 56 a\u00f1os, que viv\u00eda en Moshav Ohad, en el sur de Israel, a 15 minutos de la frontera con la Franja de Gaza. Y tambi\u00e9n de\u00a0Abi Korin, hijo de un importante referente de la comunidad jud\u00eda en la Argentina.<\/p>\n\n\n\n<h2 class=\"wp-block-heading\">Asistencia consular<\/h2>\n\n\n\n<p>Por otro lado, el Gobierno, a trav\u00e9s de Canciller\u00eda, inform\u00f3 un n\u00famero de tel\u00e9fono de emergencia para los argentinos que se encuentran en el territorio de Israel. \u201c<strong>Se informa que el Consulado General en Tel Aviv tiene disponible el tel\u00e9fono de guardia consular de emergencias: + 972 52 597 8359 (n\u00famero local)<\/strong>\u201d, indicaron a trav\u00e9s de las redes sociales. Tambi\u00e9n se puso a disposici\u00f3n una casilla de correo: consultasargentinosisrael@mrecic.gob.ar.<\/p>\n\n\n\n<p>\u201cSe recomienda estar atentos al desarrollo de la situaci\u00f3n, mantenerse informados y seguir las directivas de seguridad de las autoridades locales. En especial, en cuanto a las recomendaciones de no salir del hogar, la obligaci\u00f3n de permanecer dentro de un refugio o la necesidad de encontrarse en las cercan\u00edas de un refugio\u201d, agregaron.<\/p>\n\n\n\n<h2 class=\"wp-block-heading\">\u201cEstado de Guerra\u201d<\/h2>\n\n\n\n<p>Por otro lado,\u00a0el Consejo de Seguridad de Israel aprob\u00f3 oficialmente el estado de guerra\u00a0en todo el pa\u00eds, una medida que capacita al Ej\u00e9rcito para llevar a cabo \u201cdestacadas actividades militares\u201d en el marco del conflicto con el grupo terrorista Ham\u00e1s, informan medios israel\u00edes.<\/p>\n\n\n\n<p>La decisi\u00f3n, necesaria para actuar en concordancia con la Ley B\u00e1sica de Israel, a pesar de que Netanyahu ya declar\u00f3 al pa\u00eds en guerra poco despu\u00e9s de la ofensiva del movimiento islamista, ha sido finalmente adoptada tras el encuentro mantenido entre el primer ministro y su c\u00fapula de seguridad, comprendida entre otros por el ministro de Defensa, Yoav Gallant y el jefe del Estado Mayor, el general Herzi Halevi.<\/p>\n\n\n\n<p><strong>Hasta el momento, Israel\u00a0<\/strong>confirm\u00f3 que el n\u00famero de muertos tras los\u00a0<strong>ataques terroristas de Hamas<\/strong>\u00a0el s\u00e1bado\u00a0ya super\u00f3 los\u00a0<strong>600<\/strong>. Entre los muertos hay\u00a0<strong>decenas de soldados y polic\u00edas\u00a0<\/strong>que murieron combatiendo a los terroristas. El Ministerio de Sanidad confirm\u00f3 tambi\u00e9n que el n\u00famero de heridos en los hospitales asciende a<strong>\u00a02.048<\/strong>, 20 de ellos en estado cr\u00edtico y 330 heridos graves.<\/p>\n\n\n\n<p><em>Fuente: Infobae.<\/em><\/p>\n\n\n\n<p><a rel=\"noreferrer noopener\" href=\"https:\/\/www.infobae.com\/america\/mundo\/2023\/10\/07\/identificaron-a-una-joven-que-esta-desaparecida-y-fue-vista-en-una-camioneta-de-terroristas-de-hamas-en-el-sur-de-israel\/\" target=\"_blank\"><\/a><\/p>\n","protected":false},"excerpt":{"rendered":"<p>Iair y Eitan Horn son hijos del periodista Itzik Horn, que viven en el Kibutz Nir Oz, uno de los primeros atacados por los terroristas.\u201dNo le deseo a nadie lo&hellip; <\/p>\n","protected":false},"author":6,"featured_media":93694,"comment_status":"closed","ping_status":"open","sticky":false,"template":"","format":"standard","meta":{"footnotes":""},"categories":[11],"tags":[],"class_list":["post-93691","post","type-post","status-publish","format-standard","has-post-thumbnail","hentry","category-internacionales"],"_links":{"self":[{"href":"https:\/\/corrientesdetarde.com\/index.php\/wp-json\/wp\/v2\/posts\/93691","targetHints":{"allow":["GET"]}}],"collection":[{"href":"https:\/\/corrientesdetarde.com\/index.php\/wp-json\/wp\/v2\/posts"}],"about":[{"href":"https:\/\/corrientesdetarde.com\/index.php\/wp-json\/wp\/v2\/types\/post"}],"author":[{"embeddable":true,"href":"https:\/\/corrientesdetarde.com\/index.php\/wp-json\/wp\/v2\/users\/6"}],"replies":[{"embeddable":true,"href":"https:\/\/corrientesdetarde.com\/index.php\/wp-json\/wp\/v2\/comments?post=93691"}],"version-history":[{"count":1,"href":"https:\/\/corrientesdetarde.com\/index.php\/wp-json\/wp\/v2\/posts\/93691\/revisions"}],"predecessor-version":[{"id":93695,"href":"https:\/\/corrientesdetarde.com\/index.php\/wp-json\/wp\/v2\/posts\/93691\/revisions\/93695"}],"wp:featuredmedia":[{"embeddable":true,"href":"https:\/\/corrientesdetarde.com\/index.php\/wp-json\/wp\/v2\/media\/93694"}],"wp:attachment":[{"href":"https:\/\/corrientesdetarde.com\/index.php\/wp-json\/wp\/v2\/media?parent=93691"}],"wp:term":[{"taxonomy":"category","embeddable":true,"href":"https:\/\/corrientesdetarde.com\/index.php\/wp-json\/wp\/v2\/categories?post=93691"},{"taxonomy":"post_tag","embeddable":true,"href":"https:\/\/corrientesdetarde.com\/index.php\/wp-json\/wp\/v2\/tags?post=93691"}],"curies":[{"name":"wp","href":"https:\/\/api.w.org\/{rel}","templated":true}]}}