{"id":93692,"date":"2023-10-08T18:11:03","date_gmt":"2023-10-08T21:11:03","guid":{"rendered":"https:\/\/corrientesdetarde.com\/?p=93692"},"modified":"2023-10-08T18:11:10","modified_gmt":"2023-10-08T21:11:10","slug":"el-papa-francisco-hablo-del-conflicto-entre-israel-y-hamas","status":"publish","type":"post","link":"https:\/\/corrientesdetarde.com\/index.php\/internacionales\/el-papa-francisco-hablo-del-conflicto-entre-israel-y-hamas\/","title":{"rendered":"El Papa Francisco habl\u00f3 del conflicto entre Israel y Hamas."},"content":{"rendered":"\n<h2 class=\"wp-block-heading\">El papa Francisco pidi\u00f3 hoy que &#8220;cesen los ataques&#8221; en Israel y afirm\u00f3 que &#8220;el terrorismo y la guerra no llevan a ninguna soluci\u00f3n&#8221;.<\/h2>\n\n\n\n<p>&#8220;Sigo con aprehensi\u00f3n y dolor lo que est\u00e1 ocurriendo en Israel&#8221;, declar\u00f3 tras la oraci\u00f3n del \u00c1ngelus desde la plaza de San Pedro del Vaticano.&nbsp;<strong>&#8220;Traslado mi cercan\u00eda a las familias de las v\u00edctimas&#8221;<\/strong>, prosigui\u00f3, inform\u00f3 la agencia de noticias AFP.<\/p>\n\n\n\n<p><strong>&#8220;Que cesen los ataques y las armas, les pido por favor&#8221;<\/strong>&nbsp;, dijo a los fieles congregados.<\/p>\n\n\n\n<p>&#8220;El terrorismo y la guerra no llevan a ninguna soluci\u00f3n, s\u00f3lo a la muerte y el\u00a0<strong>sufrimiento de tantos inocentes<\/strong>&#8220;, asegur\u00f3.<\/p>\n\n\n\n<p>&#8220;La guerra es una derrota.<strong>&nbsp;Toda guerra es una derrota<\/strong>. Recemos para que haya paz en Israel y en Palestina&#8221;, dijo el Papa.<\/p>\n\n\n\n<p>El pont\u00edfice se abstuvo de hacer una referencia espec\u00edfica a la Franja de Gaza o al grupo palestino Hamas, que ayer por la madrugada lanz\u00f3 una ofensiva sorpresa en Israel que ha dejado cientos de muertos en ambos bandos.<\/p>\n","protected":false},"excerpt":{"rendered":"<p>El papa Francisco pidi\u00f3 hoy que &#8220;cesen los ataques&#8221; en Israel y afirm\u00f3 que &#8220;el terrorismo y la guerra no llevan a ninguna soluci\u00f3n&#8221;. &#8220;Sigo con aprehensi\u00f3n y dolor lo&hellip; <\/p>\n","protected":false},"author":6,"featured_media":93697,"comment_status":"closed","ping_status":"open","sticky":false,"template":"","format":"standard","meta":{"footnotes":""},"categories":[11],"tags":[],"class_list":["post-93692","post","type-post","status-publish","format-standard","has-post-thumbnail","hentry","category-internacionales"],"_links":{"self":[{"href":"https:\/\/corrientesdetarde.com\/index.php\/wp-json\/wp\/v2\/posts\/93692","targetHints":{"allow":["GET"]}}],"collection":[{"href":"https:\/\/corrientesdetarde.com\/index.php\/wp-json\/wp\/v2\/posts"}],"about":[{"href":"https:\/\/corrientesdetarde.com\/index.php\/wp-json\/wp\/v2\/types\/post"}],"author":[{"embeddable":true,"href":"https:\/\/corrientesdetarde.com\/index.php\/wp-json\/wp\/v2\/users\/6"}],"replies":[{"embeddable":true,"href":"https:\/\/corrientesdetarde.com\/index.php\/wp-json\/wp\/v2\/comments?post=93692"}],"version-history":[{"count":1,"href":"https:\/\/corrientesdetarde.com\/index.php\/wp-json\/wp\/v2\/posts\/93692\/revisions"}],"predecessor-version":[{"id":93698,"href":"https:\/\/corrientesdetarde.com\/index.php\/wp-json\/wp\/v2\/posts\/93692\/revisions\/93698"}],"wp:featuredmedia":[{"embeddable":true,"href":"https:\/\/corrientesdetarde.com\/index.php\/wp-json\/wp\/v2\/media\/93697"}],"wp:attachment":[{"href":"https:\/\/corrientesdetarde.com\/index.php\/wp-json\/wp\/v2\/media?parent=93692"}],"wp:term":[{"taxonomy":"category","embeddable":true,"href":"https:\/\/corrientesdetarde.com\/index.php\/wp-json\/wp\/v2\/categories?post=93692"},{"taxonomy":"post_tag","embeddable":true,"href":"https:\/\/corrientesdetarde.com\/index.php\/wp-json\/wp\/v2\/tags?post=93692"}],"curies":[{"name":"wp","href":"https:\/\/api.w.org\/{rel}","templated":true}]}}