{"id":93693,"date":"2023-10-08T18:11:11","date_gmt":"2023-10-08T21:11:11","guid":{"rendered":"https:\/\/corrientesdetarde.com\/?p=93693"},"modified":"2023-10-08T18:11:12","modified_gmt":"2023-10-08T21:11:12","slug":"atacaron-un-stand-con-publicaciones-lgbtiq-en-la-feria-del-libro","status":"publish","type":"post","link":"https:\/\/corrientesdetarde.com\/index.php\/nacionales\/atacaron-un-stand-con-publicaciones-lgbtiq-en-la-feria-del-libro\/","title":{"rendered":"Atacaron un stand con publicaciones LGBTIQ+ en la Feria del Libro."},"content":{"rendered":"\n<h2 class=\"wp-block-heading\">El hecho gener\u00f3 conmoci\u00f3n en Mendoza. Los violentos aseguraban que &#8220;cuando gane Milei esto se termina&#8221; y fueron repudiados.<\/h2>\n\n\n\n<p>Un grupo de personas atac\u00f3 verbalmente y amenaz\u00f3 con da\u00f1ar diversos libros y publicaciones, entre ellas algunas de la comunidad LGBTIQ+, expuestas en un stand en la Feria Internacional del Libro que se desarrolla en la ciudad de Mendoza.<\/p>\n\n\n\n<p>En videos difundidos en las redes sociales se observa a cuatro hombres que ayer por la tarde atacaron el stand numero 15 de &#8220;Trabajadorxs de la Literatura&#8221; compartido por varias editoriales independientes, donde se exponen libros de diversas tem\u00e1ticas y tambi\u00e9n un revistero de la &#8220;Marcha del Orgullo Mendoza&#8221;.<\/p>\n\n\n\n<p>En las im\u00e1genes difundidas, los hombres visiblemente alterados y a los gritos aseguraban que las publicaciones &#8220;atentaban contra las familias&#8221; y que los textos &#8220;promov\u00edan la prostituci\u00f3n infantil&#8221;, por lo que tuvo que intervenir personal de seguridad del lugar.<\/p>\n\n\n\n<p>Desde las editoriales denunciaron mediante un comunicado que &#8220;un grupo de antiderechos e intolerantes atac\u00f3 el Stand de Trabajadorxs de la Literatura con gritos, queri\u00e9ndose llevar y da\u00f1ar material y prepoteando a quienes estaban presentes&#8221;.<\/p>\n\n\n\n<p>En el texto afirmaron que estas personas &#8220;amenazaron con quemar libros y el stand, vomitarlos, diciendo que el feminismo deb\u00eda morir y expresaron disconformidad con el contenido pol\u00edtico, sobre ESI (Educaci\u00f3n Sexual Integral) y disidencias de las publicaciones&#8221;.<\/p>\n\n\n\n<p>La reacci\u00f3n del p\u00fablico fue cantar &#8220;que se vayan&#8221; y mediante aplausos logr\u00f3 que se retiren, describieron sobre la situaci\u00f3n ocurrida en la Feria.<\/p>\n\n\n\n<p>Indicaron adem\u00e1s que dentro del grupo que los agredi\u00f3 tambi\u00e9n se escuch\u00f3 el grito de &#8220;cuando gane (Javier) Milei esto se termina&#8221;.<\/p>\n\n\n\n<p>Tambi\u00e9n cuestionaron que &#8220;el Subsecretario de Cultura ni se present\u00f3 ni se comunic\u00f3&#8221; y que una de las autoridades de la Feria lleg\u00f3 &#8220;cuando ya todo se hab\u00eda calmado en nuestro stand&#8221; y pidi\u00f3 a &#8220;quienes est\u00e1bamos que nos tranquiliz\u00e1ramos&#8221;.<\/p>\n\n\n\n<p>Por su parte, esta tarde, la ministra de Cultura y Turismo de Mendoza, Nora Vicario, repudi\u00f3 el hecho a trav\u00e9s de un mensaje publicado en las redes sociales.<\/p>\n\n\n\n<p>&#8220;Desde el Ministerio de Cultura y Turismo repudiamos todo acto de agravio y violencia que busque censurar la libertad de expresi\u00f3n y pensamiento, como el vivido ayer en la Feria del Libro, donde celebramos la pluralidad, la inclusi\u00f3n y la diversidad por los 40 a\u00f1os de Democracia&#8221;, escribi\u00f3 la funcionaria en la red social X (antes Twitter).<\/p>\n\n\n\n<p>La Feria Internacional del Libro &#8220;Las voces de las letras&#8221; que comenz\u00f3 el viernes 29 de septiembre se desarrollar\u00e1 hasta hoy en el Auditorio \u00c1ngel Bustelo y en el Centro de Congreso y Exposiciones de la Ciudad de Mendoza.<\/p>\n\n\n\n<p>La nueva edici\u00f3n, dedicada a los 40 a\u00f1os de la restauraci\u00f3n de la democracia en Argentina cuenta con la presencia de escritores nacionales e internacionales, con propuestas art\u00edsticas y musicales.<\/p>\n","protected":false},"excerpt":{"rendered":"<p>El hecho gener\u00f3 conmoci\u00f3n en Mendoza. Los violentos aseguraban que &#8220;cuando gane Milei esto se termina&#8221; y fueron repudiados. Un grupo de personas atac\u00f3 verbalmente y amenaz\u00f3 con da\u00f1ar diversos&hellip; <\/p>\n","protected":false},"author":6,"featured_media":93696,"comment_status":"closed","ping_status":"open","sticky":false,"template":"","format":"standard","meta":{"footnotes":""},"categories":[10],"tags":[],"class_list":["post-93693","post","type-post","status-publish","format-standard","has-post-thumbnail","hentry","category-nacionales"],"_links":{"self":[{"href":"https:\/\/corrientesdetarde.com\/index.php\/wp-json\/wp\/v2\/posts\/93693","targetHints":{"allow":["GET"]}}],"collection":[{"href":"https:\/\/corrientesdetarde.com\/index.php\/wp-json\/wp\/v2\/posts"}],"about":[{"href":"https:\/\/corrientesdetarde.com\/index.php\/wp-json\/wp\/v2\/types\/post"}],"author":[{"embeddable":true,"href":"https:\/\/corrientesdetarde.com\/index.php\/wp-json\/wp\/v2\/users\/6"}],"replies":[{"embeddable":true,"href":"https:\/\/corrientesdetarde.com\/index.php\/wp-json\/wp\/v2\/comments?post=93693"}],"version-history":[{"count":1,"href":"https:\/\/corrientesdetarde.com\/index.php\/wp-json\/wp\/v2\/posts\/93693\/revisions"}],"predecessor-version":[{"id":93699,"href":"https:\/\/corrientesdetarde.com\/index.php\/wp-json\/wp\/v2\/posts\/93693\/revisions\/93699"}],"wp:featuredmedia":[{"embeddable":true,"href":"https:\/\/corrientesdetarde.com\/index.php\/wp-json\/wp\/v2\/media\/93696"}],"wp:attachment":[{"href":"https:\/\/corrientesdetarde.com\/index.php\/wp-json\/wp\/v2\/media?parent=93693"}],"wp:term":[{"taxonomy":"category","embeddable":true,"href":"https:\/\/corrientesdetarde.com\/index.php\/wp-json\/wp\/v2\/categories?post=93693"},{"taxonomy":"post_tag","embeddable":true,"href":"https:\/\/corrientesdetarde.com\/index.php\/wp-json\/wp\/v2\/tags?post=93693"}],"curies":[{"name":"wp","href":"https:\/\/api.w.org\/{rel}","templated":true}]}}