{"id":93700,"date":"2023-10-08T18:23:13","date_gmt":"2023-10-08T21:23:13","guid":{"rendered":"https:\/\/corrientesdetarde.com\/?p=93700"},"modified":"2023-10-08T18:23:25","modified_gmt":"2023-10-08T21:23:25","slug":"segundo-debate-presidencial-2023-hora-y-donde-verlo-en-vivo","status":"publish","type":"post","link":"https:\/\/corrientesdetarde.com\/index.php\/politica\/segundo-debate-presidencial-2023-hora-y-donde-verlo-en-vivo\/","title":{"rendered":"Segundo debate presidencial 2023: hora y d\u00f3nde verlo en vivo."},"content":{"rendered":"\n<h2 class=\"wp-block-heading\">Los cinco candidatos a la presidencia volver\u00e1n a encontrarse esta noche cara a cara.<\/h2>\n\n\n\n<p>Este domingo, los candidatos que aspiran a suceder a Alberto Fern\u00e1ndez en la Casa Rosada, quienes lograron superar el umbral del 1,5% en las PASO del 13 de agosto, se reunir\u00e1n nuevamente en el\u00a0<strong>segundo debate presidencial<\/strong>\u00a0para abordar los temas definidos por la C\u00e1mara Nacional Electoral (CNE) y el Consejo Asesor, de cara a las\u00a0<strong>elecciones generales del 22 de octubre<\/strong>.<\/p>\n\n\n\n<figure class=\"wp-block-image\"><img decoding=\"async\" src=\"https:\/\/www.infobae.com\/new-resizer\/DwuL4vckHi9wpQyMDhjXEmhfJkE=\/filters:format(webp):quality(85)\/cloudfront-us-east-1.images.arcpublishing.com\/infobae\/CCPRIZNGRWENSVI7LH2PRG3IF4.jpg\" alt=\"Argentina presidential candidates Myriam Bregman, Sergio Massa, Patricia Bullrich, Juan Schiaretti, and Javier Milei attend the presidential debate ahead of the October 22 general elections, at the National University of Santiago del Estero, in Santiago del Estero, Argentina October 1, 2023. Tomas Cuesta\/Pool via REUTERS\"\/><\/figure>\n\n\n\n<p><\/p>\n\n\n\n<p>Tras el primer encuentro del fin de semana pasado, que tuvo lugar en la provincia de Santiago del Estero,&nbsp;<strong>Javier Milei&nbsp;<\/strong>(La Libertad Avanza),&nbsp;<strong>Sergio Massa<\/strong>&nbsp;(Uni\u00f3n por la Patria),&nbsp;<strong>Patricia Bullrich&nbsp;<\/strong>(Juntos por el Cambio),&nbsp;<strong>Juan Schiaretti<\/strong>&nbsp;(Hacemos por Nuestro Pa\u00eds) y&nbsp;<strong>Myriam Bregman<\/strong>&nbsp;(Frente de Izquierda y de los Trabajadores Unidad)&nbsp;<strong>se enfrentar\u00e1n esta noche en un nuevo intercambio&nbsp;<\/strong>que se llevar\u00e1 a cabo en el&nbsp;<strong>Sal\u00f3n de Actos de la Facultad de Derecho de la UBA<\/strong>, en la Ciudad Aut\u00f3noma de Buenos Aires.<\/p>\n\n\n\n<p>La instituci\u00f3n ya hab\u00eda sido sede del segundo debate presidencial de 2019, en el cual participaron Fern\u00e1ndez, Mauricio Macri, Roberto Lavagna, Nicol\u00e1s del Ca\u00f1o, Jos\u00e9 Luis Espert y Juan Jos\u00e9 G\u00f3mez Centuri\u00f3n.<\/p>\n\n\n\n<h2 class=\"wp-block-heading\">\u00bfA qu\u00e9 hora es el segundo debate presidencial?<\/h2>\n\n\n\n<p>Al igual que el debate del pasado domingo, el encuentro de hoy comenzar\u00e1 a las&nbsp;<strong>21 horas&nbsp;<\/strong>y se estima que tendr\u00e1 una duraci\u00f3n aproximada de dos horas.<\/p>\n\n\n\n<h2 class=\"wp-block-heading\">\u00bfC\u00f3mo ver en vivo el segundo debate presidencial 2023?<\/h2>\n\n\n\n<p>El evento de esta noche ser\u00e1 transmitido por todas las se\u00f1ales de radio y televisi\u00f3n de R.T.A. S.E. Por lo tanto, se podr\u00e1 seguir a trav\u00e9s de\u00a0<strong>TV P\u00fablica<\/strong>, Radio Nacional (870 AM), Canal 12 y el canal de Youtube de la CNE. Tambi\u00e9n, los canales privados que deseen retransmitirlo podr\u00e1n hacerlo, siempre y cuando cuenten con mecanismos de accesibilidad, como lenguaje de se\u00f1as y subtitulado.<\/p>\n\n\n\n<p>La producci\u00f3n audiovisual estar\u00e1 a cargo de la C\u00e1mara Argentina de Productores Independientes de Televisi\u00f3n (CAPIT). Es importante destacar que, durante la emisi\u00f3n, se suspender\u00e1 la publicidad electoral en los servicios de comunicaci\u00f3n audiovisual y los anuncios p\u00fablicos de los actos de gobierno a nivel nacional, provincial y municipal.<\/p>\n\n\n\n<h2 class=\"wp-block-heading\">\u00bfC\u00f3mo ser\u00e1 el segundo debate presidencial?<\/h2>\n\n\n\n<p>Este segundo cruce abarcar\u00e1 otros tres ejes tem\u00e1ticos, diferentes a los tratados el domingo pasado. Los temas de hoy ser\u00e1n \u201c<strong>Seguridad<\/strong>\u201d, \u201c<strong>Trabajo y Producci\u00f3n<\/strong>\u201d y \u201c<strong>Desarrollo humano, Vivienda y Protecci\u00f3n del ambiente<\/strong>\u201d. Este \u00faltimo t\u00f3pico fue incorporado por pedido de la gente y\u00a0se vot\u00f3 a trav\u00e9s de la plataforma en l\u00ednea\u00a0en la CNE entre el 14 y el 16 de septiembre.<\/p>\n\n\n\n<p><\/p>\n\n\n\n<p>La estructura de este debate ser\u00e1 igual que la del anterior y constar\u00e1 de 3 bloques. El primero comprender\u00e1 la apertura y la presentaci\u00f3n, que tendr\u00e1 12 minutos, y luego se proceder\u00e1 a la discusi\u00f3n del&nbsp;<strong>cuarto&nbsp;<\/strong>(Seguridad) y&nbsp;<strong>quinto tema&nbsp;<\/strong>(Trabajo y Producci\u00f3n) definido por las autoridades electorales: habr\u00e1 21 minutos, 5 segundos para \u201cSeguridad\u201d, y 22 minutos con 15 segundos para el siguiente.<\/p>\n\n\n\n<p>El segundo bloque estar\u00e1 centrado en el\u00a0<strong>sexto tema\u00a0<\/strong>(Desarrollo Humano, Vivienda y Protecci\u00f3n del Ambiente), que incluir\u00e1 las\u00a0<strong>preguntas cruzadas<\/strong>\u00a0entre los candidatos. En esta secci\u00f3n, cada uno de los participantes podr\u00e1 interrogar a quien desee sobre aspectos particulares de los temas del debate. Las preguntas son individuales. Tendr\u00e1n 15 segundos para formularlas y 45 segundos para dar la respuesta.<\/p>\n\n\n\n<p><\/p>\n\n\n\n<p>Por \u00faltimo, el tercer bloque estar\u00e1 destinado al minuto de&nbsp;<strong>cierre de los candidatos<\/strong>. Adem\u00e1s, se programar\u00e1n pausas que les permitir\u00e1n debatir con sus equipos asesores, descansar o prepararse para la pr\u00f3xima secci\u00f3n.<\/p>\n\n\n\n<p><img loading=\"lazy\" decoding=\"async\" alt=\"El primer debate fue realizado el domingo pasado en Santiago del Estero. (Foto: EFE\/Tom\u00e1s Cuesta\/Pool)\n\" height=\"3648\" width=\"5472\" src=\"https:\/\/www.infobae.com\/new-resizer\/dA3oz-JLx3umiavMOLxmnl4lhu8=\/arc-anglerfish-arc2-prod-infobae\/public\/TJRX6J6Q3FEFJKEDIF77YVMBBE.jpg\" srcset=\"https:\/\/www.infobae.com\/new-resizer\/XOp8zk48d0H3QnhQN13SOtL1O3w=\/420x280\/filters:format(webp):quality(85)\/cloudfront-us-east-1.images.arcpublishing.com\/infobae\/TJRX6J6Q3FEFJKEDIF77YVMBBE.jpg 420w,https:\/\/www.infobae.com\/new-resizer\/HKHeHIeKa1nNnsQ_qW_kSA6z32A=\/768x512\/filters:format(webp):quality(85)\/cloudfront-us-east-1.images.arcpublishing.com\/infobae\/TJRX6J6Q3FEFJKEDIF77YVMBBE.jpg 768w,https:\/\/www.infobae.com\/new-resizer\/4RRn9WrTsb07-dT3L2meJSAQNMg=\/992x661\/filters:format(webp):quality(85)\/cloudfront-us-east-1.images.arcpublishing.com\/infobae\/TJRX6J6Q3FEFJKEDIF77YVMBBE.jpg 992w,https:\/\/www.infobae.com\/new-resizer\/W08AkxrDD6TSUF6Rd0-XjwfdTDc=\/1200x800\/filters:format(webp):quality(85)\/cloudfront-us-east-1.images.arcpublishing.com\/infobae\/TJRX6J6Q3FEFJKEDIF77YVMBBE.jpg 1200w,https:\/\/www.infobae.com\/new-resizer\/A6W1ln4FLND5DjSJCOwkUsUacGk=\/1440x960\/filters:format(webp):quality(85)\/cloudfront-us-east-1.images.arcpublishing.com\/infobae\/TJRX6J6Q3FEFJKEDIF77YVMBBE.jpg 1440w\">El primer debate fue realizado el domingo pasado en Santiago del Estero. (Foto: EFE\/Tom\u00e1s Cuesta\/Pool)<\/p>\n\n\n\n<p>Durante la exposici\u00f3n de cada uno de los ejes tem\u00e1ticos, cada participante contar\u00e1 con hasta cinco oportunidades de <strong>derecho a r\u00e9plica<\/strong>, de 45 segundos cada una. Estas r\u00e9plicas se solicitar\u00e1n a trav\u00e9s de un bot\u00f3n ubicado en el estrado, y los moderadores las conceder\u00e1n en el orden en que se soliciten.<\/p>\n\n\n\n<p>Una vez que se haya finalizado la exposici\u00f3n sobre el tema en cuesti\u00f3n, se otorgar\u00e1 este derecho. Y una vez concluido este espacio de r\u00e9plicas, se continuar\u00e1 con la exposici\u00f3n tem\u00e1tica del siguiente candidato, de acuerdo al orden previamente establecido.<\/p>\n\n\n\n<p>Este segundo debate en CABA estar\u00e1 moderado por los periodistas&nbsp;<strong>Mariana Ver\u00f3n<\/strong>&nbsp;(El Nueve),&nbsp;<strong>Marcelo Bonelli<\/strong>&nbsp;(Canal 13),&nbsp;<strong>Sergio Roulier<\/strong>&nbsp;(El Tres TV de Rosario) y&nbsp;<strong>Soledad Larghi<\/strong>&nbsp;(Am\u00e9rica), seg\u00fan el sorteo que realiz\u00f3 el organismo electoral.<\/p>\n\n\n\n<p><img loading=\"lazy\" decoding=\"async\" alt=\"Los periodistas que moderar\u00e1n el segundo debate presidencial: Mariana Ver\u00f3n, Marcelo Bonelli, Sergio Roulier y Soledad Larghi.  \" height=\"1080\" width=\"1920\" src=\"https:\/\/www.infobae.com\/new-resizer\/SMluj8ykLen8QmPp1MxFewluQwY=\/arc-anglerfish-arc2-prod-infobae\/public\/CXRZIJ7PSZBYPNFLQ7T33ZSRCI.jpg\" srcset=\"https:\/\/www.infobae.com\/new-resizer\/WP55H1o9J6u8dv72OmMJto4DiM0=\/420x236\/filters:format(webp):quality(85)\/cloudfront-us-east-1.images.arcpublishing.com\/infobae\/CXRZIJ7PSZBYPNFLQ7T33ZSRCI.jpg 420w,https:\/\/www.infobae.com\/new-resizer\/pOy9c9I_agD2nTK10OrRhMcztbM=\/768x432\/filters:format(webp):quality(85)\/cloudfront-us-east-1.images.arcpublishing.com\/infobae\/CXRZIJ7PSZBYPNFLQ7T33ZSRCI.jpg 768w,https:\/\/www.infobae.com\/new-resizer\/pszEqHRy4aZncz1n65IZR06YVzo=\/992x558\/filters:format(webp):quality(85)\/cloudfront-us-east-1.images.arcpublishing.com\/infobae\/CXRZIJ7PSZBYPNFLQ7T33ZSRCI.jpg 992w,https:\/\/www.infobae.com\/new-resizer\/G66g-vRGG7MHBAi8gNMO41FuWws=\/1200x675\/filters:format(webp):quality(85)\/cloudfront-us-east-1.images.arcpublishing.com\/infobae\/CXRZIJ7PSZBYPNFLQ7T33ZSRCI.jpg 1200w,https:\/\/www.infobae.com\/new-resizer\/yRadXPtoSnu1eiFAAwJcoc8Dbyk=\/1440x810\/filters:format(webp):quality(85)\/cloudfront-us-east-1.images.arcpublishing.com\/infobae\/CXRZIJ7PSZBYPNFLQ7T33ZSRCI.jpg 1440w\">Los periodistas que moderar\u00e1n el segundo debate presidencial: Mariana Ver\u00f3n, Marcelo Bonelli, Sergio Roulier y Soledad Larghi.<\/p>\n\n\n\n<h2 class=\"wp-block-heading\">\u00bfEn qu\u00e9 caso habr\u00e1 un tercer debate presidencial?<\/h2>\n\n\n\n<p>En caso de que se celebre una segunda vuelta electoral o balotaje, se realizar\u00e1 un tercer debate entre los dos candidatos finalistas el\u00a0<strong>12 de noviembre<\/strong>, tambi\u00e9n en la\u00a0<strong>Facultad de Derecho de la UBA.<\/strong><\/p>\n\n\n\n<p><\/p>\n\n\n\n<p><em>Fuente: Infobae.<\/em><\/p>\n","protected":false},"excerpt":{"rendered":"<p>Los cinco candidatos a la presidencia volver\u00e1n a encontrarse esta noche cara a cara. Este domingo, los candidatos que aspiran a suceder a Alberto Fern\u00e1ndez en la Casa Rosada, quienes&hellip; <\/p>\n","protected":false},"author":6,"featured_media":93705,"comment_status":"closed","ping_status":"open","sticky":false,"template":"","format":"standard","meta":{"footnotes":""},"categories":[3],"tags":[],"class_list":["post-93700","post","type-post","status-publish","format-standard","has-post-thumbnail","hentry","category-politica"],"_links":{"self":[{"href":"https:\/\/corrientesdetarde.com\/index.php\/wp-json\/wp\/v2\/posts\/93700","targetHints":{"allow":["GET"]}}],"collection":[{"href":"https:\/\/corrientesdetarde.com\/index.php\/wp-json\/wp\/v2\/posts"}],"about":[{"href":"https:\/\/corrientesdetarde.com\/index.php\/wp-json\/wp\/v2\/types\/post"}],"author":[{"embeddable":true,"href":"https:\/\/corrientesdetarde.com\/index.php\/wp-json\/wp\/v2\/users\/6"}],"replies":[{"embeddable":true,"href":"https:\/\/corrientesdetarde.com\/index.php\/wp-json\/wp\/v2\/comments?post=93700"}],"version-history":[{"count":1,"href":"https:\/\/corrientesdetarde.com\/index.php\/wp-json\/wp\/v2\/posts\/93700\/revisions"}],"predecessor-version":[{"id":93706,"href":"https:\/\/corrientesdetarde.com\/index.php\/wp-json\/wp\/v2\/posts\/93700\/revisions\/93706"}],"wp:featuredmedia":[{"embeddable":true,"href":"https:\/\/corrientesdetarde.com\/index.php\/wp-json\/wp\/v2\/media\/93705"}],"wp:attachment":[{"href":"https:\/\/corrientesdetarde.com\/index.php\/wp-json\/wp\/v2\/media?parent=93700"}],"wp:term":[{"taxonomy":"category","embeddable":true,"href":"https:\/\/corrientesdetarde.com\/index.php\/wp-json\/wp\/v2\/categories?post=93700"},{"taxonomy":"post_tag","embeddable":true,"href":"https:\/\/corrientesdetarde.com\/index.php\/wp-json\/wp\/v2\/tags?post=93700"}],"curies":[{"name":"wp","href":"https:\/\/api.w.org\/{rel}","templated":true}]}}