{"id":93702,"date":"2023-10-08T18:25:18","date_gmt":"2023-10-08T21:25:18","guid":{"rendered":"https:\/\/corrientesdetarde.com\/?p=93702"},"modified":"2023-10-08T18:25:30","modified_gmt":"2023-10-08T21:25:30","slug":"mega-allanamiento-en-corrientes","status":"publish","type":"post","link":"https:\/\/corrientesdetarde.com\/index.php\/policiales\/mega-allanamiento-en-corrientes\/","title":{"rendered":"Mega allanamiento en Corrientes."},"content":{"rendered":"\n<h2 class=\"wp-block-heading\">La Polic\u00eda logro secuestrar varias motocicletas,\u00a0dinero en efectivo entre otros elementos, todos de dudosa procedencia. Ocurri\u00f3 en el barrio Doctor Monta\u00f1a.<\/h2>\n\n\n\n<p>En horas de la ma\u00f1ana de este s\u00e1bado, efectivos policiales dependientes de la Unidad Especial Anti arrebatos en forma conjunta con el Destacamento San Marcos en colaboraci\u00f3n con las autoridades judiciales en turno, llevaron adelante tareas investigativas, lo que los llevo a efectuar un allanamiento en el barrio Dr. Monta\u00f1a de esta ciudad.<\/p>\n\n\n\n<p>En la oportunidad, los mencionados efectivos lograron hallar y secuestrar varios elementos como ser: motocicletas de distintas marcas y cilindradas, moto-partes, televisores, bicicletas, motosierras, desmalezadora, ventiladores industriales, cubiertas de autom\u00f3vil, tel\u00e9fonos celulares, dinero en efectivos, entre otras cosas, todas de dudosa procedencia; as\u00ed tambi\u00e9n en el lugar se procedi\u00f3 a la demora de dos personas mayores de edad; uno de ellos pose\u00eda pedido de localizaci\u00f3n y aprehensi\u00f3n por parte de la justicia.<\/p>\n\n\n\n<p>Al respecto, las personas demoradas y los elementos secuestrados fueron puestos a disposici\u00f3n de la justicia y trasladados hasta la Direcci\u00f3n Metropolitana a fin de continuar con las diligencias del caso.<\/p>\n\n\n\n<figure class=\"wp-block-image\"><img decoding=\"async\" src=\"https:\/\/www.lt7noticias.com\/content\/bucket\/0\/54630w770h578c.jpg.webp\" alt=\"\"\/><\/figure>\n\n\n\n<figure class=\"wp-block-image\"><img decoding=\"async\" src=\"https:\/\/www.lt7noticias.com\/content\/bucket\/1\/54631w770h1027c.jpg.webp\" alt=\"\"\/><\/figure>\n\n\n\n<figure class=\"wp-block-image\"><img decoding=\"async\" src=\"https:\/\/www.lt7noticias.com\/content\/bucket\/2\/54632w770h1027c.jpg.webp\" alt=\"\"\/><\/figure>\n","protected":false},"excerpt":{"rendered":"<p>La Polic\u00eda logro secuestrar varias motocicletas,\u00a0dinero en efectivo entre otros elementos, todos de dudosa procedencia. Ocurri\u00f3 en el barrio Doctor Monta\u00f1a. En horas de la ma\u00f1ana de este s\u00e1bado, efectivos&hellip; <\/p>\n","protected":false},"author":6,"featured_media":93707,"comment_status":"closed","ping_status":"open","sticky":false,"template":"","format":"standard","meta":{"footnotes":""},"categories":[33],"tags":[],"class_list":["post-93702","post","type-post","status-publish","format-standard","has-post-thumbnail","hentry","category-policiales"],"_links":{"self":[{"href":"https:\/\/corrientesdetarde.com\/index.php\/wp-json\/wp\/v2\/posts\/93702","targetHints":{"allow":["GET"]}}],"collection":[{"href":"https:\/\/corrientesdetarde.com\/index.php\/wp-json\/wp\/v2\/posts"}],"about":[{"href":"https:\/\/corrientesdetarde.com\/index.php\/wp-json\/wp\/v2\/types\/post"}],"author":[{"embeddable":true,"href":"https:\/\/corrientesdetarde.com\/index.php\/wp-json\/wp\/v2\/users\/6"}],"replies":[{"embeddable":true,"href":"https:\/\/corrientesdetarde.com\/index.php\/wp-json\/wp\/v2\/comments?post=93702"}],"version-history":[{"count":1,"href":"https:\/\/corrientesdetarde.com\/index.php\/wp-json\/wp\/v2\/posts\/93702\/revisions"}],"predecessor-version":[{"id":93708,"href":"https:\/\/corrientesdetarde.com\/index.php\/wp-json\/wp\/v2\/posts\/93702\/revisions\/93708"}],"wp:featuredmedia":[{"embeddable":true,"href":"https:\/\/corrientesdetarde.com\/index.php\/wp-json\/wp\/v2\/media\/93707"}],"wp:attachment":[{"href":"https:\/\/corrientesdetarde.com\/index.php\/wp-json\/wp\/v2\/media?parent=93702"}],"wp:term":[{"taxonomy":"category","embeddable":true,"href":"https:\/\/corrientesdetarde.com\/index.php\/wp-json\/wp\/v2\/categories?post=93702"},{"taxonomy":"post_tag","embeddable":true,"href":"https:\/\/corrientesdetarde.com\/index.php\/wp-json\/wp\/v2\/tags?post=93702"}],"curies":[{"name":"wp","href":"https:\/\/api.w.org\/{rel}","templated":true}]}}