{"id":93728,"date":"2023-10-08T20:42:30","date_gmt":"2023-10-08T23:42:30","guid":{"rendered":"https:\/\/corrientesdetarde.com\/?p=93728"},"modified":"2023-10-08T22:55:45","modified_gmt":"2023-10-09T01:55:45","slug":"cuando-es-el-proximo-feriado-en-la-argentina","status":"publish","type":"post","link":"https:\/\/corrientesdetarde.com\/index.php\/informacion-general\/cuando-es-el-proximo-feriado-en-la-argentina\/","title":{"rendered":"Cu\u00e1ndo es el pr\u00f3ximo feriado en la Argentina."},"content":{"rendered":"\n<h2 class=\"wp-block-heading\">En el mes de octubre se viene el \u00faltimo feriado con fines tur\u00edsticos del a\u00f1o. Se vienen los \u00faltimos cuatro d\u00edas de descanso consecutivos. S\u00f3lo quedan tres.<br><\/h2>\n\n\n\n<p>Avanza&nbsp;<strong>octubre&nbsp;<\/strong>y el calendario oficial definido por el&nbsp;<strong>Ministerio del Interior&nbsp;<\/strong>destac\u00f3 que en este d\u00e9cimo mes tendremos<strong>&nbsp;un&nbsp;feriado con fines tur\u00edsticos,&nbsp;<\/strong>el mismo se corresponde con el&nbsp;<strong>D\u00eda del Respeto a la Diversidad Cultural,<\/strong> pero que se decidi\u00f3 trasladar para promover la actividad tur\u00edstica en todo el pa\u00eds.<\/p>\n\n\n\n<h2 class=\"wp-block-heading\">Cu\u00e1ndo es el pr\u00f3ximo feriado en Argentina<\/h2>\n\n\n\n<p>El pr\u00f3ximo feriado nacional establecido en el calendario oficial es el<strong>&nbsp;viernes 13 de octubre<\/strong>trasladado con fines tur\u00edsticos, por el D\u00eda de la Diversidad Cultural que se conmemora el 16 de octubre.<\/p>\n\n\n\n<h2 class=\"wp-block-heading\">Cu\u00e1ntos feriados quedan en este 2023 en Argentina<\/h2>\n\n\n\n<p>Seg\u00fan el calendario del Ministerio del Interio los feriados que quedan durante todo el 2023 son:<\/p>\n\n\n\n<ul class=\"wp-block-list\"><li><strong>Lunes 20 de noviembre D\u00eda de la Soberan\u00eda Nacional<\/strong><\/li><li><strong>Viernes 8 de diciembre D\u00eda de la Inmaculada Concepci\u00f3n de Mar\u00eda<\/strong><\/li><li><strong>Lunes 25 de diciembre Navidad<\/strong><\/li><\/ul>\n\n\n\n<p>El programa de preventa tur\u00edstica que reintegra el 50% del valor de tu viaje, para viajar y disfrutar de todos los destinos de Argentina se encuentra vigente entre el 29 de septiembre y el 17 de octubre.<\/p>\n\n\n\n<p><\/p>\n","protected":false},"excerpt":{"rendered":"<p>En el mes de octubre se viene el \u00faltimo feriado con fines tur\u00edsticos del a\u00f1o. Se vienen los \u00faltimos cuatro d\u00edas de descanso consecutivos. S\u00f3lo quedan tres. Avanza&nbsp;octubre&nbsp;y el calendario&hellip; <\/p>\n","protected":false},"author":6,"featured_media":93729,"comment_status":"closed","ping_status":"open","sticky":false,"template":"","format":"standard","meta":{"footnotes":""},"categories":[1],"tags":[],"class_list":["post-93728","post","type-post","status-publish","format-standard","has-post-thumbnail","hentry","category-informacion-general"],"_links":{"self":[{"href":"https:\/\/corrientesdetarde.com\/index.php\/wp-json\/wp\/v2\/posts\/93728","targetHints":{"allow":["GET"]}}],"collection":[{"href":"https:\/\/corrientesdetarde.com\/index.php\/wp-json\/wp\/v2\/posts"}],"about":[{"href":"https:\/\/corrientesdetarde.com\/index.php\/wp-json\/wp\/v2\/types\/post"}],"author":[{"embeddable":true,"href":"https:\/\/corrientesdetarde.com\/index.php\/wp-json\/wp\/v2\/users\/6"}],"replies":[{"embeddable":true,"href":"https:\/\/corrientesdetarde.com\/index.php\/wp-json\/wp\/v2\/comments?post=93728"}],"version-history":[{"count":2,"href":"https:\/\/corrientesdetarde.com\/index.php\/wp-json\/wp\/v2\/posts\/93728\/revisions"}],"predecessor-version":[{"id":93732,"href":"https:\/\/corrientesdetarde.com\/index.php\/wp-json\/wp\/v2\/posts\/93728\/revisions\/93732"}],"wp:featuredmedia":[{"embeddable":true,"href":"https:\/\/corrientesdetarde.com\/index.php\/wp-json\/wp\/v2\/media\/93729"}],"wp:attachment":[{"href":"https:\/\/corrientesdetarde.com\/index.php\/wp-json\/wp\/v2\/media?parent=93728"}],"wp:term":[{"taxonomy":"category","embeddable":true,"href":"https:\/\/corrientesdetarde.com\/index.php\/wp-json\/wp\/v2\/categories?post=93728"},{"taxonomy":"post_tag","embeddable":true,"href":"https:\/\/corrientesdetarde.com\/index.php\/wp-json\/wp\/v2\/tags?post=93728"}],"curies":[{"name":"wp","href":"https:\/\/api.w.org\/{rel}","templated":true}]}}