{"id":93733,"date":"2023-10-08T23:23:03","date_gmt":"2023-10-09T02:23:03","guid":{"rendered":"https:\/\/corrientesdetarde.com\/?p=93733"},"modified":"2023-10-09T08:25:49","modified_gmt":"2023-10-09T11:25:49","slug":"el-segundo-debate-presidencial-giro-sobre-desarrollo-humano-economia-y-seguridad","status":"publish","type":"post","link":"https:\/\/corrientesdetarde.com\/index.php\/politica\/el-segundo-debate-presidencial-giro-sobre-desarrollo-humano-economia-y-seguridad\/","title":{"rendered":"El segundo debate presidencial gir\u00f3 sobre desarrollo humano, econom\u00eda y seguridad"},"content":{"rendered":"\n<p>(Corresponsalia Buenos Aires) &#8211; El segundo debate presidencial concluy\u00f3 con fuertes intercambios entre los candidatos. Patricia Bullrich, de Juntos por el Cambio, elev\u00f3 el tono de su discurso y apunt\u00f3 especialmente contra Sergio Massa y Javier Milei.<\/p>\n\n\n\n<p>Massa, en el eje &#8220;Trabajo y Producci\u00f3n&#8221;, enfrent\u00f3 cr\u00edticas por la situaci\u00f3n econ\u00f3mica del pa\u00eds, una situaci\u00f3n que no hab\u00eda experimentado en debates anteriores.<\/p>\n\n\n\n<figure class=\"wp-block-embed is-type-video is-provider-youtube wp-block-embed-youtube wp-embed-aspect-16-9 wp-has-aspect-ratio\"><div class=\"wp-block-embed__wrapper\">\n<iframe loading=\"lazy\" title=\"Segundo debate presidencial 2023 | Los precandidatos expusieron sobre el tema TRABAJO Y PRODUCCI\u00d3N\" width=\"1110\" height=\"624\" src=\"https:\/\/www.youtube.com\/embed\/lic5zYu8hi8?feature=oembed\" frameborder=\"0\" allow=\"accelerometer; autoplay; clipboard-write; encrypted-media; gyroscope; picture-in-picture; web-share\" allowfullscreen><\/iframe>\n<\/div><\/figure>\n\n\n\n<p>Milei, el favorito en las encuestas, intent\u00f3 evitar errores, pero vio desafiado por Bullrich al cuestionar la composici\u00f3n de sus listas de candidatos.<\/p>\n\n\n\n<p>El debate estuvo marcado por preguntas cruzadas entre los candidatos, donde se destacaron los choques entre Bullrich y Milei, Massa y Bregman, Schiaretti y Bullrich, entre otros.<\/p>\n\n\n\n<p>En resumen, el debate presidencial se caracteriz\u00f3 por un aumento en la tensi\u00f3n entre los candidatos, con fuertes intercambios sobre temas clave como la econom\u00eda y la corrupci\u00f3n. El evento se cerr\u00f3 con declaraciones finales de los candidatos, cada uno reafirmando su visi\u00f3n y propuestas para el pa\u00eds.<\/p>\n","protected":false},"excerpt":{"rendered":"<p>(Corresponsalia Buenos Aires) &#8211; El segundo debate presidencial concluy\u00f3 con fuertes intercambios entre los candidatos. Patricia Bullrich, de Juntos por el Cambio, elev\u00f3 el tono de su discurso y apunt\u00f3&hellip; <\/p>\n","protected":false},"author":11,"featured_media":93734,"comment_status":"closed","ping_status":"open","sticky":false,"template":"","format":"standard","meta":{"footnotes":""},"categories":[8,3],"tags":[83,1080,1158],"class_list":["post-93733","post","type-post","status-publish","format-standard","has-post-thumbnail","hentry","category-locales","category-politica","tag-bullrich","tag-debate","tag-presidencial"],"_links":{"self":[{"href":"https:\/\/corrientesdetarde.com\/index.php\/wp-json\/wp\/v2\/posts\/93733","targetHints":{"allow":["GET"]}}],"collection":[{"href":"https:\/\/corrientesdetarde.com\/index.php\/wp-json\/wp\/v2\/posts"}],"about":[{"href":"https:\/\/corrientesdetarde.com\/index.php\/wp-json\/wp\/v2\/types\/post"}],"author":[{"embeddable":true,"href":"https:\/\/corrientesdetarde.com\/index.php\/wp-json\/wp\/v2\/users\/11"}],"replies":[{"embeddable":true,"href":"https:\/\/corrientesdetarde.com\/index.php\/wp-json\/wp\/v2\/comments?post=93733"}],"version-history":[{"count":2,"href":"https:\/\/corrientesdetarde.com\/index.php\/wp-json\/wp\/v2\/posts\/93733\/revisions"}],"predecessor-version":[{"id":93736,"href":"https:\/\/corrientesdetarde.com\/index.php\/wp-json\/wp\/v2\/posts\/93733\/revisions\/93736"}],"wp:featuredmedia":[{"embeddable":true,"href":"https:\/\/corrientesdetarde.com\/index.php\/wp-json\/wp\/v2\/media\/93734"}],"wp:attachment":[{"href":"https:\/\/corrientesdetarde.com\/index.php\/wp-json\/wp\/v2\/media?parent=93733"}],"wp:term":[{"taxonomy":"category","embeddable":true,"href":"https:\/\/corrientesdetarde.com\/index.php\/wp-json\/wp\/v2\/categories?post=93733"},{"taxonomy":"post_tag","embeddable":true,"href":"https:\/\/corrientesdetarde.com\/index.php\/wp-json\/wp\/v2\/tags?post=93733"}],"curies":[{"name":"wp","href":"https:\/\/api.w.org\/{rel}","templated":true}]}}