{"id":93748,"date":"2023-10-09T08:24:47","date_gmt":"2023-10-09T11:24:47","guid":{"rendered":"https:\/\/corrientesdetarde.com\/?p=93748"},"modified":"2023-10-09T08:25:23","modified_gmt":"2023-10-09T11:25:23","slug":"debate-presidencial-lleno-de-chicanas","status":"publish","type":"post","link":"https:\/\/corrientesdetarde.com\/index.php\/informacion-general\/debate-presidencial-lleno-de-chicanas\/","title":{"rendered":"Debate presidencial lleno de chicanas"},"content":{"rendered":"\n<p>En el Aula Magna de la Faculta de Derecho de la Universidad de Buenos Aires (UBA), se realiz\u00f3 el segundo debate presidencial 2023.<\/p>\n\n\n\n<p>Los candidatos presidenciales -Javier Milei, Sergio Massa, Patricia Bullrich, Juan Schiaretti y Myriam Bregman- debatieron sobre los temas definidos por la C\u00e1mara Nacional Electoral (CNE) y el Consejo Asesor-. Ellos son:<\/p>\n\n\n\n<p><strong>&#8211; Seguridad<\/strong>&nbsp;<\/p>\n\n\n\n<p><strong>&#8211; Trabajo y producci\u00f3n<\/strong>&nbsp;<\/p>\n\n\n\n<p><strong>&#8211; Desarrollo humano, vivienda y protecci\u00f3n ambiental<\/strong>&nbsp;<\/p>\n\n\n\n<p>Durante su presentaci\u00f3n, Javier Milei, Patricia Bullrich y Juan Schiaretti se solidarizaron &#8220;con el pueblo de Israel&#8221;. Por su parte, Sergio Massa mostr\u00f3 su solidaridad con &#8220;todas las v\u00edctimas de un ataque terrorista brutal&#8221;. En tanto, Myriam Bregman expres\u00f3 que le duelen &#8220;las v\u00edctimas civiles&#8221; del conflicto.<\/p>\n\n\n\n<p>Milei, adem\u00e1s habl\u00f3 de econom\u00eda. &#8220;Yendo al caso argentino, lo que primero que quiero expresar es que el pa\u00eds est\u00e1 al borde de la peor crisis de su historia. El desequilibrio monetario y fiscal es peor que el que ten\u00edamos previo a la crisis del \u201875, del Rodrigazo. La relaci\u00f3n de lebacs, leliqs, contra base monetaria hoy es peor que la que ten\u00edamos en la previa a la hiperinflaci\u00f3n de Alfons\u00edn. Es m\u00e1s: hoy la inflaci\u00f3n viaja al 120%. Anualizada al 330, en alimentos al 470 y 700 en mayorista&#8221;.<\/p>\n\n\n\n<p>Por su parte Patricia Bullrich apunt\u00f3 directamente contra Sergio Massa y Javier Milei. &#8220;Estas dos semanas hemos visto lo m\u00e1s brutal de la corrupci\u00f3n kirchnerista. Los yates de Insaurralde son como el punto m\u00e1ximo y hoy vemos a los argentinos que no pueden pagar las cuentas ni llegar a fin de mes. Para cambiar hay un camino, ese camino es terminar con los Insaurralde y las mafias que azotan a nuestro pa\u00eds. Hay que ganar esta elecci\u00f3n y sacar de ra\u00edz estas mafias.<\/p>\n\n\n\n<p>Sergio Massa insisti\u00f3 con impulsar un gobierno de Unidad Nacional en caso de ganar. &#8220;Hoy es un d\u00eda muy importante. Vamos a contar qu\u00e9 vamos a hacer con la seguridad, la producci\u00f3n. Venimos a contarte c\u00f3mo va a ser la Argentina desde el 10 de diciembre. Si Dios y tu voto me dan la posibilidad de gobernar la Argentina, tendremos un gobierno de unidad&#8221;, expres\u00f3.<\/p>\n\n\n\n<p>Schiaretti retom\u00f3 su discursos relacionado con la gesti\u00f3n. &#8220;Argentina vive el desastre econ\u00f3mico que han hecho los \u00faltimos gobiernos nacionales de la grieta. Hay m\u00e1s exclusi\u00f3n social, m\u00e1s inseguridad, ha ca\u00eddo el salario en un 15% y no hay como conseguir vivienda. Adem\u00e1s de eso, dejan de lado a las provincias y se profundiza la falta de federalismo&#8221;.<\/p>\n\n\n\n<p><strong>PRIMER EJE TEM\u00c1TICO: SEGURIDAD<\/strong>&nbsp;<\/p>\n\n\n\n<p>Bullrich, quien hizo alusi\u00f3n a su gesti\u00f3n durante la presidencia de Mauricio Macri. &#8220;Saben que los proteg\u00ed&#8221;, expres\u00f3. &#8220;Nosotros sabemos a qui\u00e9n defender, ellos liberan presos y les dan celular e internet en las c\u00e1rceles. Por eso la gente tiene miedo, porque sabe que los presos andan sueltos. Nosotros defendemos a los ciudadanos, no como el kirchnerismo que defiende a los delincuentes&#8221;, dijo Bullrich.<\/p>\n\n\n\n<p>Por su parte, el candidato de Uni\u00f3n por la Patria asegur\u00f3: &#8220;Tengo la decisi\u00f3n de transformar la argentina en un pa\u00eds seguro. Para lograr eso propone trabajar en tres ejes, uno de ellos la prevenci\u00f3n. Ya lo hice en Tigre y baje el 80 por ciento el delito automotor&#8221;, remarc\u00f3 Massa.<\/p>\n\n\n\n<p>&#8220;Vamos a medir con un cambio en la ley el funcionamiento de los jueces para que tambi\u00e9n ellos tengan que rendir cuentas en la sociedad&#8221;, destac\u00f3 Massa.<\/p>\n\n\n\n<p>Por \u00faltimo el candidato de Uni\u00f3n por la Patria prometi\u00f3 crear &#8220;un FBI argentino&#8221; a la que caracteriz\u00f3 como &#8220;una agencia federal con los mejores de cada una de las cuatro fuerzas federales&#8221;. A su vez, precis\u00f3 que estar\u00e1 instalado en Santa Fe y combatir\u00e1 la corrupci\u00f3n, el narcotr\u00e1fico y la trata de personas.<\/p>\n\n\n\n<p>El candidato a presidente por Hacemos por Nuestro Pa\u00eds pidi\u00f3 que la pelea sea &#8220;en serio porque ac\u00e1 el Gobierno mira para el costado&#8221;. Adem\u00e1s, pidi\u00f3 la participaci\u00f3n de las Fuerzas Armadas y una ley de derribo para las aeronaves que no acaten \u00f3rdenes de la Fuerza A\u00e9rea.<\/p>\n\n\n\n<p>En el bloque tem\u00e1tico de Seguridad, Milei sostuvo que &#8220;el pa\u00eds falla en esta materia y el pa\u00eds es un ba\u00f1o de sangre porque ha abrazado las ideas del doctor a Zaffaroni, lo que provoc\u00f3 un desastre en este pa\u00eds, cambi\u00f3 el rol de v\u00edctima y de victimario, los delincuentes son tratados como v\u00edctimas cuando deber\u00edan estar encerrados&#8221;.<\/p>\n\n\n\n<p>&#8220;No s\u00f3lo es importante el rol de la seguridad sino el de la Justicia para hacer efectivos los castigos, que sea costoso ser delincuente, para eso vamos a hacer una reforma de la Ley de Seguridad Interior, de Defensa Nacional, de la ley de Inteligencia, vamos a modificar el sistema carcelario, modificar el C\u00f3digo Penal para que el Poder Judicial sea independiente. En la Argentina liberal los que la van a pasar mal y van a tener miedo van a ser los delincuentes&#8221;, plante\u00f3.<\/p>\n\n\n\n<p>En el bloque destinado a la Seguridad, Myriam Bregman dijo que al FIT no le gusta &#8220;hacer demagogia punitiva&#8221; como al resto de los espacios pol\u00edticos y asegur\u00f3 que &#8220;el gran delito se organiza desde arriba&#8221;.<\/p>\n\n\n\n<p>&#8220;Eso implica hablar de las complicidades en sectores de las fuerzas de seguridad, pol\u00edticos y judiciales. Por ejemplo, no hay posibilidad de que existan redes de trata, si no hay complicidad con quienes manejan la frontera&#8221;, explic\u00f3.<\/p>\n\n\n\n<p><strong>SEGUNDO EJE TEM\u00c1TICO: TRABAJO Y PRODUCCI\u00d3N<\/strong>&nbsp;<\/p>\n\n\n\n<p>Sergio Massa plante\u00f3 que har\u00eda una mejora de los ingresos a partir de paritarias libres y la reducci\u00f3n de los impuestos. En ese sentido se refiri\u00f3 a la devoluci\u00f3n del IVA y el aumento del piso de Ganancias. Por otro lado habl\u00f3 sobre el derecho a hablar de las personas pensionadas y la obligatoriedad de que las mujeres cobren lo mismo que los hombre por el mismo trabajo.<\/p>\n\n\n\n<p>El candidato libertario hizo uso de sus dos minutos para exponer sus propuesta de Trabajo y Producci\u00f3n, arremeti\u00f3 contra la casta, principal argumento de su campa\u00f1a, y sostuvo que es necesario una modernizaci\u00f3n del sistema. &#8220;La casta lo \u00fanico que hace es consumir con su modelo del gasto y cuando genera d\u00e9ficit fiscal sube los impuestos, bajan los beneficios y se acumula menos capital. O emiten dinero y generan inflaci\u00f3n, que tambi\u00e9n es un impuesto, pero al mismo tiempo distorsiona los precios y hace que la asignaci\u00f3n de recursos sea incorrecta. O se endeuda. Ni que hablar de la idea de la justicia social de redistribuir el ingreso y castigar el ahorro y la inversi\u00f3n. Estas medidas de combatir el modelo de la casta tiene que ser complementado con una modernizaci\u00f3n del sistema laboral y reducci\u00f3n de penalidades&#8221;.<\/p>\n\n\n\n<p>La candidata de Juntos por el Cambio cruz\u00f3 al ministro de Econom\u00eda por haber llevado &#8220;al d\u00f3lar blue a mil mangos, hiperinflaci\u00f3n, angustia&#8221; y por haber aumentado la pobreza.<\/p>\n\n\n\n<p>&#8220;Dijiste que ibas a sacar las papas del fuego y nos hiciste pur\u00e9&#8221;, se jact\u00f3 en referencia a la frase utiliza el funcionario como slogan de campa\u00f1a.<\/p>\n\n\n\n<p>Entre sus propuestas figuran &#8220;quitarle la pata de encima&#8221; a la producci\u00f3n, al campo, a las Pymes y a las econom\u00edas regionales. Adem\u00e1s, implementar una Ley de Trabajo Informal para que las personas que perciben planes sociales puedan conseguir puestos de trabajo en lugar de asistencias estatales.<\/p>\n\n\n\n<p>Por su parte Schiaretti propuso &#8220;acabar con la industria del juicio, crear un fondo de garant\u00eda como en la industria de la construcci\u00f3n y transformar los programas sociales en empleo genuino&#8221;. Asimismo, propuso bajarles la carga social &#8220;a quienes den trabajo a las pymes, y pr\u00e1cticas rentadas en empresas privadas&#8221;.<\/p>\n\n\n\n<p>En tanto, Bregman afirm\u00f3 que &#8220;la salida no es pis\u00e1ndole la cabeza al de al lado, a los trabajadores&#8221; y propuso la reducci\u00f3n de la jornada laboral a seis horas para crear nuevos puestos.<\/p>\n\n\n\n<p>&#8220;Parece que la culpa es de los trabajadores que tiene derechos; tenemos que dar vuelta la historia, y desde la izquierda tenemos la bandera, como reducir la jornada laboral a seis horas diarias cinco d\u00edas a la semana y las que sobran repartirlas entre quienes no tienen trabajo y as\u00ed crear 1.200.000 puestos&#8221; laborales genuinos, dijo la candidata de izquierda en el debate presidencial.<\/p>\n\n\n\n<p><strong>TERCER EJE TEM\u00c1TICO: DESARROLLO HUMANO, VIVIENDA Y PROTECCI\u00d3N DEL AMBIENTE&nbsp;<\/strong><\/p>\n\n\n\n<p>Sergio Massa propuso el desarrollo de cr\u00e9ditos hipotecarios ajustados por el salario para los trabajadores argentinos. Como segunda propuesta, Massa mencion\u00f3 la creaci\u00f3n de un programa de lotes con servicios, el cual abarcar\u00e1 &#8220;2 millones de lotes con servicios, con agua, cloacas, pavimento y alumbrado, con inversi\u00f3n p\u00fablica para que vos puedas acceder al lote para poder construir tu casa&#8221;.<\/p>\n\n\n\n<p>En relaci\u00f3n al cuidado del medio ambiente, el ministro de Econom\u00eda plante\u00f3 tres propuestas con un programa que busca un r\u00e9gimen de sanci\u00f3n con prisi\u00f3n para aquellos que da\u00f1en r\u00edos, bosques o humedales.<\/p>\n\n\n\n<p>En el tercer, la candidata a la presidencia de Juntos por el Cambio, Patricia Bullrich, asegur\u00f3 que no habr\u00e1 Desarrollo Humano con &#8220;los bolsos de L\u00f3pez, los sue\u00f1os compartidos que no compartieron con nadie, los hoteles de Cristina Kirchner&#8221; Adem\u00e1s, subray\u00f3 que &#8220;para que Argentina tenga desarrollo humano tiene que dejar de robar&#8221;.<\/p>\n\n\n\n<p>Por su parte, Javier Milei plante\u00f3: &#8220;Desde mi punto de vista, y acorde al indicador de Desarrollo Humano, son tres elementos los fundamentales para determinar el Desarrollo Humano: los ingresos, la longevidad y la educaci\u00f3n. Es interesante esto porque dos de los tres est\u00e1n fuertemente vinculados a la libertad econ\u00f3mica. En materia de ingresos aquellos pa\u00edses que son m\u00e1s libres, son ocho veces m\u00e1s ricos que los reprimidos&#8221;.<\/p>\n\n\n\n<figure class=\"wp-block-embed is-type-video is-provider-youtube wp-block-embed-youtube wp-embed-aspect-16-9 wp-has-aspect-ratio\"><div class=\"wp-block-embed__wrapper\">\n<iframe loading=\"lazy\" title=\"#Debate2023 Segundo Debate Presidencial | Facultad de Derecho - UBA\" width=\"1110\" height=\"624\" src=\"https:\/\/www.youtube.com\/embed\/uRLIKaajphk?feature=oembed\" frameborder=\"0\" allow=\"accelerometer; autoplay; clipboard-write; encrypted-media; gyroscope; picture-in-picture; web-share\" allowfullscreen><\/iframe>\n<\/div><\/figure>\n\n\n\n<p>&#8220;En la distribuci\u00f3n no s\u00f3lo que est\u00e1 once veces mejor que su par reprimido sino que est\u00e1 mejor que el 90% de la poblaci\u00f3n del pa\u00eds reprimido. En materia de longevidad, en los pa\u00edses que son m\u00e1s libres, las personas viven un 20% m\u00e1s. En la educaci\u00f3n, la abordamos desde la l\u00f3gica del capital humano y para llegar al capital humano de segunda generaci\u00f3n, como es este vaso, requiere un trabajo previo estamos haciendo&#8221;, agreg\u00f3 el economista.<\/p>\n\n\n\n<p>Myriam Bregman marc\u00f3 la necesidad de &#8220;avanzar en un programa de transicion energ\u00e9tico que respete a la ciudadania y los trabajadores&#8221;. Adem\u00e1s, reclam\u00f3 la sanci\u00f3n de la Ley de Humedales y denunci\u00f3 que est\u00e1 &#8220;cajoneada&#8221; en el Congreso.<\/p>\n\n\n\n<p>&#8220;El desarrollo humano no es otra cosa que la movilidad social ascendente. El derecho a la salud, a la educaci\u00f3n, a un trabajo digno y a la vivienda propia. Todo lo contrario a la obscenidad que es el caso de Insaurralde o de \u2018Chocolate\u2019. Todo lo contrario a lo que es el 40% de pobres que trae el kirchnerismo y el gobierno de Massa. Espero que la ley caiga con todo el peso a lo que hicieron Insaurralde y \u2018Chocolate\u2019&#8221;, expres\u00f3 Schiaretti en su turno.<\/p>\n\n\n\n<p>&#8220;Adem\u00e1s, en la vivienda es obvio que para que tengamos vivienda hace falta que haya cr\u00e9ditos individuales como en todo el mundo. Para eso tiene que haber estabilidad econ\u00f3mica, los cr\u00e9ditos tienen que ser dados y corregidos con la variaci\u00f3n salarial, y nunca la cuota puede ser superior al 25% del ingreso de la familia. El estado debe hacer las viviendas populares para los sectores sin recursos como deben urbanizar los asentamientos, que es lo que estamos haciendo en mi provincia porque la gente sola no puede&#8221;, agreg\u00f3.<\/p>\n\n\n\n<p>Por \u00faltimo, plante\u00f3: &#8220;En relaci\u00f3n a los temas ecol\u00f3gicos, hay que continuar cumpliendo los acuerdos de Par\u00eds y la agenda 2030.<\/p>\n\n\n\n<figure class=\"wp-block-image\"><img decoding=\"async\" src=\"https:\/\/www.diarioepoca.com\/content\/bucket\/1\/1324711w762h428c.webp.webp\" alt=\"\"\/><\/figure>\n\n\n\n<h2 class=\"wp-block-heading\"><strong>MINUTO LIBRE Y CIERRE DE LOS CANDIDATOS<\/strong>&nbsp;<\/h2>\n\n\n\n<p><strong>Myriam Bregman:<\/strong>&nbsp;&#8220;Tenemos que dar un mensaje contundente, no somos ni sometidos ni c\u00f3mplices y te pedimos que no te resignes. Sab\u00e9s de la importancia de diputados de izquierda en el Congreso. Necesitamos enfrentar lo que viene, defender nuestros derechos e ir por m\u00e1s, esta campa\u00f1a tomala en tus manos&#8221;.<\/p>\n\n\n\n<p><strong>Milei:<\/strong>&nbsp;&#8220;Siento que la casta pol\u00edtica aqu\u00ed presente nos est\u00e1 tomando el pelo. Este debate, como el anterior, termina siendo una pantomima irritante.Los pol\u00edticos se citan entre s\u00ed para decir c\u00f3mo van a resolver los problemas que ellos mismos crean. Ellos no pueden ser la soluci\u00f3n del problema porque ellos mismos son el problema&#8221;.<\/p>\n\n\n\n<p><strong>Bullrich:<\/strong>&nbsp;&#8220;Yo soy una luchadora, luch\u00e9 siempre contra todos los que arruinaron a este pa\u00eds hermoso. Yo como presidenta voy a enfrentar a los corruptos. El 22 de octubre el poder cambia, y lo ten\u00e9s vos en tus manos. Usalo para decirle no al kirchnerismo, y para decirle s\u00ed a un cambio de verdad, el cambio de Juntos por el Cambio&#8221;, cerr\u00f3 Bullrich.<\/p>\n\n\n\n<p><strong>Schiaretti:<\/strong>&nbsp;&#8220;Al fracaso nos llevaron el kirchnerismo y el macrismo y las otras propuestas significan un viaje a lo desconocido&#8221;. Y agreg\u00f3: &#8220;soy el \u00fanico candidato del interior, capaz de hacer un pa\u00eds federal&#8221;.<\/p>\n\n\n\n<p><strong>Massa:<\/strong>&nbsp;&#8220;Volver atr\u00e1s, un salto al vac\u00edo o apostar por un modelo de desarrollo&#8221;, comenz\u00f3 el candidato en referencia a las propuestas. &#8220;Te pido que vayas a votar sin bronca y sin odio&#8221;, expres\u00f3 a modo de cierre.<\/p>\n\n\n\n<p>En el primer debate los temas fueron: Econom\u00eda, Educaci\u00f3n, y Derechos Humanos y convivencia democr\u00e1tica.<\/p>\n","protected":false},"excerpt":{"rendered":"<p>En el Aula Magna de la Faculta de Derecho de la Universidad de Buenos Aires (UBA), se realiz\u00f3 el segundo debate presidencial 2023. Los candidatos presidenciales -Javier Milei, Sergio Massa,&hellip; <\/p>\n","protected":false},"author":1,"featured_media":93750,"comment_status":"closed","ping_status":"open","sticky":false,"template":"","format":"standard","meta":{"footnotes":""},"categories":[1],"tags":[],"class_list":["post-93748","post","type-post","status-publish","format-standard","has-post-thumbnail","hentry","category-informacion-general"],"_links":{"self":[{"href":"https:\/\/corrientesdetarde.com\/index.php\/wp-json\/wp\/v2\/posts\/93748","targetHints":{"allow":["GET"]}}],"collection":[{"href":"https:\/\/corrientesdetarde.com\/index.php\/wp-json\/wp\/v2\/posts"}],"about":[{"href":"https:\/\/corrientesdetarde.com\/index.php\/wp-json\/wp\/v2\/types\/post"}],"author":[{"embeddable":true,"href":"https:\/\/corrientesdetarde.com\/index.php\/wp-json\/wp\/v2\/users\/1"}],"replies":[{"embeddable":true,"href":"https:\/\/corrientesdetarde.com\/index.php\/wp-json\/wp\/v2\/comments?post=93748"}],"version-history":[{"count":1,"href":"https:\/\/corrientesdetarde.com\/index.php\/wp-json\/wp\/v2\/posts\/93748\/revisions"}],"predecessor-version":[{"id":93751,"href":"https:\/\/corrientesdetarde.com\/index.php\/wp-json\/wp\/v2\/posts\/93748\/revisions\/93751"}],"wp:featuredmedia":[{"embeddable":true,"href":"https:\/\/corrientesdetarde.com\/index.php\/wp-json\/wp\/v2\/media\/93750"}],"wp:attachment":[{"href":"https:\/\/corrientesdetarde.com\/index.php\/wp-json\/wp\/v2\/media?parent=93748"}],"wp:term":[{"taxonomy":"category","embeddable":true,"href":"https:\/\/corrientesdetarde.com\/index.php\/wp-json\/wp\/v2\/categories?post=93748"},{"taxonomy":"post_tag","embeddable":true,"href":"https:\/\/corrientesdetarde.com\/index.php\/wp-json\/wp\/v2\/tags?post=93748"}],"curies":[{"name":"wp","href":"https:\/\/api.w.org\/{rel}","templated":true}]}}