{"id":93784,"date":"2023-10-09T10:20:05","date_gmt":"2023-10-09T13:20:05","guid":{"rendered":"https:\/\/corrientesdetarde.com\/?p=93784"},"modified":"2023-10-09T10:20:17","modified_gmt":"2023-10-09T13:20:17","slug":"otro-femicidio-en-corrientes-mato-a-su-exmujer-delante-de-sus-hijas","status":"publish","type":"post","link":"https:\/\/corrientesdetarde.com\/index.php\/crimen-y-justicia\/otro-femicidio-en-corrientes-mato-a-su-exmujer-delante-de-sus-hijas\/","title":{"rendered":"Otro femicidio en Corrientes: Mat\u00f3 a su exmujer delante de sus hijas"},"content":{"rendered":"\n<p>Un nuevo caso de femicidio ocurri\u00f3 esta ma\u00f1ana en la localidad correntina de Curuz\u00fa Cuati\u00e1. Un hombre (que est\u00e1 identificado y por ahora pr\u00f3fugo) apu\u00f1al\u00f3 a su expareja delante de sus dos peque\u00f1as hijas. El sangriento hecho ocurri\u00f3 en una vivienda por Juan Pujol, entre Ca\u00e1 Guaz\u00fa e Irastorza. El femicida escap\u00f3 corriendo y gan\u00f3 una zona de montes, donde se lo busca intensamente.<\/p>\n\n\n\n<p>Mat\u00edas Sosa, periodista de &#8220;El diario de Curuz\u00fa&#8221;, habl\u00f3 con Radio Dos, y expres\u00f3: &#8220;la se\u00f1ora estaba a cargo de dos menores que ser\u00edan las nietas, no las hijas&#8221;.<\/p>\n\n\n\n<p>A su vez, de qu\u00e9 dijeron los vecinos, Sosa, coment\u00f3: &#8220;aparentemente los vecinos escucharon una fuerte discusi\u00f3n la noche anterior&#8221;.&nbsp;<\/p>\n\n\n\n<p>Asimismo, si este femicidio tiene relaci\u00f3n con el de Griselda Blanco, el periodista, indic\u00f3: &#8220;el hecho, aparentemente, habr\u00eda ocurrido en la misma cuadra del femicidio de Griselda Blanco&#8221;.<\/p>\n\n\n\n<p>Fuente: radiodos<\/p>\n","protected":false},"excerpt":{"rendered":"<p>Un nuevo caso de femicidio ocurri\u00f3 esta ma\u00f1ana en la localidad correntina de Curuz\u00fa Cuati\u00e1. Un hombre (que est\u00e1 identificado y por ahora pr\u00f3fugo) apu\u00f1al\u00f3 a su expareja delante de&hellip; <\/p>\n","protected":false},"author":1,"featured_media":93788,"comment_status":"closed","ping_status":"open","sticky":false,"template":"","format":"standard","meta":{"footnotes":""},"categories":[5],"tags":[],"class_list":["post-93784","post","type-post","status-publish","format-standard","has-post-thumbnail","hentry","category-crimen-y-justicia"],"_links":{"self":[{"href":"https:\/\/corrientesdetarde.com\/index.php\/wp-json\/wp\/v2\/posts\/93784","targetHints":{"allow":["GET"]}}],"collection":[{"href":"https:\/\/corrientesdetarde.com\/index.php\/wp-json\/wp\/v2\/posts"}],"about":[{"href":"https:\/\/corrientesdetarde.com\/index.php\/wp-json\/wp\/v2\/types\/post"}],"author":[{"embeddable":true,"href":"https:\/\/corrientesdetarde.com\/index.php\/wp-json\/wp\/v2\/users\/1"}],"replies":[{"embeddable":true,"href":"https:\/\/corrientesdetarde.com\/index.php\/wp-json\/wp\/v2\/comments?post=93784"}],"version-history":[{"count":1,"href":"https:\/\/corrientesdetarde.com\/index.php\/wp-json\/wp\/v2\/posts\/93784\/revisions"}],"predecessor-version":[{"id":93789,"href":"https:\/\/corrientesdetarde.com\/index.php\/wp-json\/wp\/v2\/posts\/93784\/revisions\/93789"}],"wp:featuredmedia":[{"embeddable":true,"href":"https:\/\/corrientesdetarde.com\/index.php\/wp-json\/wp\/v2\/media\/93788"}],"wp:attachment":[{"href":"https:\/\/corrientesdetarde.com\/index.php\/wp-json\/wp\/v2\/media?parent=93784"}],"wp:term":[{"taxonomy":"category","embeddable":true,"href":"https:\/\/corrientesdetarde.com\/index.php\/wp-json\/wp\/v2\/categories?post=93784"},{"taxonomy":"post_tag","embeddable":true,"href":"https:\/\/corrientesdetarde.com\/index.php\/wp-json\/wp\/v2\/tags?post=93784"}],"curies":[{"name":"wp","href":"https:\/\/api.w.org\/{rel}","templated":true}]}}