{"id":94031,"date":"2023-10-09T23:28:16","date_gmt":"2023-10-10T02:28:16","guid":{"rendered":"https:\/\/corrientesdetarde.com\/?p=94031"},"modified":"2023-10-09T23:28:19","modified_gmt":"2023-10-10T02:28:19","slug":"dolor-en-river-murio-diego-riberi-preparador-fisico-del-plantel","status":"publish","type":"post","link":"https:\/\/corrientesdetarde.com\/index.php\/deportes\/dolor-en-river-murio-diego-riberi-preparador-fisico-del-plantel\/","title":{"rendered":"Dolor en River: muri\u00f3 Diego Riberi, preparador f\u00edsico del plantel"},"content":{"rendered":"\n<p>Trabajaba con el PF principal, Flavio P\u00e9rez, y hab\u00eda arribado al Millonario de la mano de Mart\u00edn Demichelis el a\u00f1o pasado.<\/p>\n\n\n\n<p><strong>Diego Riberi, preparador f\u00edsico del plantel de\u00a0River\u00a0desde la llegada de Mart\u00edn Demichelis como entrenador, muri\u00f3 hoy a los 50 a\u00f1os<\/strong>\u00a0a ra\u00edz de un problema de salud que atravesaba hace tiempo.<\/p>\n\n\n\n<p>Riberi, quien trabajaba con el PF principal, Flavio P\u00e9rez,&nbsp;<strong>arrib\u00f3 al conjunto de N\u00fa\u00f1ez de la mano de Demichelis en 2022<\/strong>, luego de haber tenido pasos por Deportivo Armenio, San Mart\u00edn de Tucum\u00e1n y Santamarina de Tandil.<\/p>\n\n\n\n<p><strong>\u201cLamentamos profundamente el fallecimiento de Diego Riberi, preparador f\u00edsico del plantel profesional, y acompa\u00f1amos a sus seres queridos en estos momentos de dolor\u201d<\/strong>, expres\u00f3 River mediante sus redes sociales al confirmar la noticia.<\/p>\n\n\n\n<p>El preparador f\u00edsico&nbsp;<strong>hab\u00eda sido uno de los elegidos por el capit\u00e1n Enzo P\u00e9rez para levantar el trofeo de la Copa de la Liga 2023 junto al lateral El\u00edas G\u00f3mez<\/strong>, quien hab\u00eda perdido a su madre y a su hermana en un accidente, por las complicaciones de salud que le tocaba atravesar.<\/p>\n\n\n\n<p><strong>\u201cHaber levantado la copa es indescriptible, no tengo palabras que describan esta situaci\u00f3n. Me toma de sorpresa, fue un accionar del plantel y eternamente agradecido por el gesto del capit\u00e1n y de todos.<\/strong>&nbsp;River es una familia y se transmite d\u00eda a d\u00eda. En el momento que me toca pasar a m\u00ed realmente se nota&#8221;, expres\u00f3 al respecto Riberi meses atr\u00e1s.<\/p>\n","protected":false},"excerpt":{"rendered":"<p>Trabajaba con el PF principal, Flavio P\u00e9rez, y hab\u00eda arribado al Millonario de la mano de Mart\u00edn Demichelis el a\u00f1o pasado. Diego Riberi, preparador f\u00edsico del plantel de\u00a0River\u00a0desde la llegada&hellip; <\/p>\n","protected":false},"author":4,"featured_media":94032,"comment_status":"closed","ping_status":"open","sticky":false,"template":"","format":"standard","meta":{"footnotes":""},"categories":[4],"tags":[],"class_list":["post-94031","post","type-post","status-publish","format-standard","has-post-thumbnail","hentry","category-deportes"],"_links":{"self":[{"href":"https:\/\/corrientesdetarde.com\/index.php\/wp-json\/wp\/v2\/posts\/94031","targetHints":{"allow":["GET"]}}],"collection":[{"href":"https:\/\/corrientesdetarde.com\/index.php\/wp-json\/wp\/v2\/posts"}],"about":[{"href":"https:\/\/corrientesdetarde.com\/index.php\/wp-json\/wp\/v2\/types\/post"}],"author":[{"embeddable":true,"href":"https:\/\/corrientesdetarde.com\/index.php\/wp-json\/wp\/v2\/users\/4"}],"replies":[{"embeddable":true,"href":"https:\/\/corrientesdetarde.com\/index.php\/wp-json\/wp\/v2\/comments?post=94031"}],"version-history":[{"count":1,"href":"https:\/\/corrientesdetarde.com\/index.php\/wp-json\/wp\/v2\/posts\/94031\/revisions"}],"predecessor-version":[{"id":94033,"href":"https:\/\/corrientesdetarde.com\/index.php\/wp-json\/wp\/v2\/posts\/94031\/revisions\/94033"}],"wp:featuredmedia":[{"embeddable":true,"href":"https:\/\/corrientesdetarde.com\/index.php\/wp-json\/wp\/v2\/media\/94032"}],"wp:attachment":[{"href":"https:\/\/corrientesdetarde.com\/index.php\/wp-json\/wp\/v2\/media?parent=94031"}],"wp:term":[{"taxonomy":"category","embeddable":true,"href":"https:\/\/corrientesdetarde.com\/index.php\/wp-json\/wp\/v2\/categories?post=94031"},{"taxonomy":"post_tag","embeddable":true,"href":"https:\/\/corrientesdetarde.com\/index.php\/wp-json\/wp\/v2\/tags?post=94031"}],"curies":[{"name":"wp","href":"https:\/\/api.w.org\/{rel}","templated":true}]}}