{"id":94187,"date":"2023-10-10T15:14:37","date_gmt":"2023-10-10T18:14:37","guid":{"rendered":"https:\/\/corrientesdetarde.com\/?p=94187"},"modified":"2023-10-10T15:14:49","modified_gmt":"2023-10-10T18:14:49","slug":"tras-pasar-a-la-final-de-la-libertadores-boca-visita-a-belgrano-con-suplentes-por-la-copa-de-la-liga","status":"publish","type":"post","link":"https:\/\/corrientesdetarde.com\/index.php\/deportes\/tras-pasar-a-la-final-de-la-libertadores-boca-visita-a-belgrano-con-suplentes-por-la-copa-de-la-liga\/","title":{"rendered":"Tras pasar a la final de la Libertadores, Boca visita a Belgrano con suplentes por la Copa de la Liga"},"content":{"rendered":"\n<p>El Xeneize enfrentar\u00e1 al Pirata por la octava fecha de la zona 2 del certamen local en busca de un triunfo que le permita acomodarse en la tabla de posiciones.<\/p>\n\n\n\n<p>Boca visitar\u00e1 a\u00a0<strong>Belgrano\u00a0<\/strong>este martes, desde las 20 en el Gigante de Alberdi, por la octava fecha de la zona 2 de la\u00a0<strong>Copa de la Liga<\/strong>. Despu\u00e9s de clasificarse a la final de la Copa Libertadores, el<strong>\u00a0Xeneize\u00a0<\/strong>buscar\u00e1 un triunfopara seguir con posibilidades de avanzar de fase mientras que el\u00a0<strong>Pirata<\/strong>\u00a0querr\u00e1 subirse a lo m\u00e1s alto de la tabla de posiciones.<\/p>\n\n\n\n<figure class=\"wp-block-image\"><img decoding=\"async\" src=\"https:\/\/tn.com.ar\/resizer\/yc8eywYRP76aDNazV5vMNlrYseI=\/767x0\/smart\/filters:format(webp)\/cloudfront-us-east-1.images.arcpublishing.com\/artear\/R7FLMQWTKBAYJD4AI4CDGHF5XA.jfif\" alt=\"Dar\u00edo Benedetto firm\u00f3 aut\u00f3grafos a los hinchas de Boca que se encontraban en las afueras del hotel en C\u00f3rdoba. (Foto: @BocaJrsOficial\/Twitter)\"\/><\/figure>\n\n\n\n<h2 class=\"wp-block-heading\">C\u00f3mo llega Boca al partido ante Belgrano<\/h2>\n\n\n\n<p>El conjunto que dirige&nbsp;<strong>Jorge Almir\u00f3n<\/strong>&nbsp;viene dos partidos sin ganar en el torneo dom\u00e9stico. En la fecha pasada, perdi\u00f3 de local el Supercl\u00e1sico frente a River. Para este partido, el DT decidi\u00f3 no convocar a&nbsp;<strong>Edinson Cavani, Guillermo Fern\u00e1ndez ni Nicol\u00e1s Figal,&nbsp;<\/strong>mientras que tampoco estar\u00e1n&nbsp;<strong>Luis Adv\u00edncula, Frank Fabra y Norberto Briasco,&nbsp;<\/strong>quienes est\u00e1n convocados por sus selecciones a la fecha FIFA.<\/p>\n\n\n\n<h2 class=\"wp-block-heading\">C\u00f3mo llega Belgrano al partido ante Boca<\/h2>\n\n\n\n<p>El Pirata viene de empatar sin goles en el cl\u00e1sico frente a Talleres luego del empate sin goles en el cl\u00e1sico frente a Talleres. Por eso,el t\u00e9cnico&nbsp;<strong>Guillermo Farr\u00e9<\/strong>&nbsp;pondr\u00e1 el mismo equipo debido a que Erik Godoy se recuper\u00f3 de una molestia, por lo que continuar\u00e1 en la defensa. La \u00fanica baja es la de Ibrahim Cesar, quien fue convocado por la selecci\u00f3n de Siria.<\/p>\n\n\n\n<h2 class=\"wp-block-heading\">La probable formaci\u00f3n de Belgrano vs. Boca, por la Copa de la Liga<\/h2>\n\n\n\n<p>Nahuel Losada; Juan Barinaga, Alejandro R\u00e9bola, Erik Godoy, Alex Ibacache; Ulises S\u00e1nchez, Santiago Longo, Esteban Rol\u00f3n, Facundo Lencioni; Mat\u00edas Mar\u00edn; Lucas Passerini.<\/p>\n\n\n\n<h2 class=\"wp-block-heading\">La probable formaci\u00f3n de Boca vs. Belgrano, por la Copa de la Liga<\/h2>\n\n\n\n<p>Javier Garc\u00eda; Lucas Blondel, Bruno Valdez, Nicol\u00e1s Valentini, Marcelo Saracchi; Cristian Medina, Jorman Campuzano, Equi Fern\u00e1ndez, Valent\u00edn Barco; Dar\u00edo Benedetto y Miguel Merentiel.<\/p>\n\n\n\n<h2 class=\"wp-block-heading\">En qu\u00e9 canal de TV pasan Belgrano vs. Boca, EN VIVO por la Copa de la Liga Profesional<\/h2>\n\n\n\n<p>El partido entre Belgrano y Boca se podr\u00e1 ver por televisi\u00f3n a trav\u00e9s de<em>TNT Sports,<\/em>&nbsp;pero para eso hay que tener contratado el Pack F\u00fatbol.<\/p>\n\n\n\n<h2 class=\"wp-block-heading\">El historial de Belgrano vs. Boca<\/h2>\n\n\n\n<p>En total se enfrentaron en<strong>&nbsp;37<\/strong>&nbsp;partidos:<\/p>\n\n\n\n<ul class=\"wp-block-list\"><li>Belgrano gan\u00f3 10 partidos.<\/li><li>Boca se impuso en 19 partidos.<\/li><li>Igualaron en 8 oportunidades.<\/li><\/ul>\n\n\n\n<h2 class=\"wp-block-heading\">Se confirm\u00f3 la hora de la final de la Copa Libertadores entre Boca y Fluminense<\/h2>\n\n\n\n<p>Comenz\u00f3 la cuenta regresiva hacia la\u00a0<strong>final de la Copa Libertadores 2023<\/strong>\u00a0que disputar\u00e1n\u00a0<strong>Boca Juniors<\/strong>\u00a0y\u00a0<strong>Fluminense.\u00a0<\/strong>El partido ser\u00e1 el\u00a0<strong>4 de noviembre<\/strong>\u00a0en el<strong>\u00a0estadio Maracan\u00e1<\/strong>\u00a0de R\u00edo de Janeiro, Brasil. Este lunes, la Conmebol confirm\u00f3 que\u00a0<strong>el encuentro comenzar\u00e1 a las 17.<\/strong><\/p>\n\n\n\n<p>En semifinales, el conjunto argentino elimin\u00f3 a Palmeiras por penales, mientras que los brasile\u00f1os superaron a sus compatriotas de Inter de Porto Alegre por 4-3.<\/p>\n\n\n\n<p>Cabe mencionar que desde 2019 la definici\u00f3n es a partido \u00fanico, es decir se elimin\u00f3 la instancia de ida y vuelta.<\/p>\n\n\n\n<p>La sede de la final hab\u00eda sido designada por la organizaci\u00f3n previamente a saber qu\u00e9 equipos se enfrentar\u00edan. Por eso, el Fluminense podr\u00e1 jugar en el estadio en el que hace de local.<\/p>\n","protected":false},"excerpt":{"rendered":"<p>El Xeneize enfrentar\u00e1 al Pirata por la octava fecha de la zona 2 del certamen local en busca de un triunfo que le permita acomodarse en la tabla de posiciones.&hellip; <\/p>\n","protected":false},"author":8,"featured_media":94188,"comment_status":"closed","ping_status":"open","sticky":false,"template":"","format":"standard","meta":{"footnotes":""},"categories":[4],"tags":[],"class_list":["post-94187","post","type-post","status-publish","format-standard","has-post-thumbnail","hentry","category-deportes"],"_links":{"self":[{"href":"https:\/\/corrientesdetarde.com\/index.php\/wp-json\/wp\/v2\/posts\/94187","targetHints":{"allow":["GET"]}}],"collection":[{"href":"https:\/\/corrientesdetarde.com\/index.php\/wp-json\/wp\/v2\/posts"}],"about":[{"href":"https:\/\/corrientesdetarde.com\/index.php\/wp-json\/wp\/v2\/types\/post"}],"author":[{"embeddable":true,"href":"https:\/\/corrientesdetarde.com\/index.php\/wp-json\/wp\/v2\/users\/8"}],"replies":[{"embeddable":true,"href":"https:\/\/corrientesdetarde.com\/index.php\/wp-json\/wp\/v2\/comments?post=94187"}],"version-history":[{"count":1,"href":"https:\/\/corrientesdetarde.com\/index.php\/wp-json\/wp\/v2\/posts\/94187\/revisions"}],"predecessor-version":[{"id":94189,"href":"https:\/\/corrientesdetarde.com\/index.php\/wp-json\/wp\/v2\/posts\/94187\/revisions\/94189"}],"wp:featuredmedia":[{"embeddable":true,"href":"https:\/\/corrientesdetarde.com\/index.php\/wp-json\/wp\/v2\/media\/94188"}],"wp:attachment":[{"href":"https:\/\/corrientesdetarde.com\/index.php\/wp-json\/wp\/v2\/media?parent=94187"}],"wp:term":[{"taxonomy":"category","embeddable":true,"href":"https:\/\/corrientesdetarde.com\/index.php\/wp-json\/wp\/v2\/categories?post=94187"},{"taxonomy":"post_tag","embeddable":true,"href":"https:\/\/corrientesdetarde.com\/index.php\/wp-json\/wp\/v2\/tags?post=94187"}],"curies":[{"name":"wp","href":"https:\/\/api.w.org\/{rel}","templated":true}]}}