{"id":94195,"date":"2023-10-10T15:46:22","date_gmt":"2023-10-10T18:46:22","guid":{"rendered":"https:\/\/corrientesdetarde.com\/?p=94195"},"modified":"2023-10-10T15:46:33","modified_gmt":"2023-10-10T18:46:33","slug":"esto-es-un-novelon-la-verdad-detras-de-la-historia-de-amor-de-wanda-nara-y-l-gante","status":"publish","type":"post","link":"https:\/\/corrientesdetarde.com\/index.php\/espectaculos\/esto-es-un-novelon-la-verdad-detras-de-la-historia-de-amor-de-wanda-nara-y-l-gante\/","title":{"rendered":"\u201cEsto es un novel\u00f3n\u201d: la verdad detr\u00e1s de la historia de amor de Wanda Nara y L-Gante"},"content":{"rendered":"\n<p>Lejos de las versiones de marketing, desde el entorno de la medi\u00e1tica contaron la llamativa actitud que tuvo mientras el referente de la Cumbia 420 estaba preso.<\/p>\n\n\n\n<p>Wanda Nara regres\u00f3 a la Argentina y se reencontro con L-Gante. Despu\u00e9s de que se reavivaran los rumores de un supuesto\u00a0<em><strong>affaire\u00a0<\/strong><\/em><strong>entre ellos<\/strong>,\u00a0Mauro Icardi reapareci\u00f3 en escena y puso los puntos con fuertes indirectas en redes sociales. Sin embargo, alguien del entorno de la empresaria\u00a0<strong>revel\u00f3 la verdad detr\u00e1s de la historia de amor prohibida<\/strong>.<\/p>\n\n\n\n<p>Descre\u00edda de romance, Laura Ubfal puso en duda que entre la medi\u00e1tica y el m\u00fasico pudiera haber amor. \u201cPienso que fue un negocio porque ella pensaba que lo iba a representar en Europa. Yo jam\u00e1s vi otra cosa\u201d, sostuvo al aire de\u00a0<em>Intrusos\u00a0<\/em>(<em>Am\u00e9rica<\/em>).<\/p>\n\n\n\n<figure class=\"wp-block-image\"><img decoding=\"async\" src=\"https:\/\/tn.com.ar\/resizer\/OEs7IZPG6y1PKGyW1dAn3Ef-uPQ=\/767x0\/smart\/filters:format(webp)\/thumbs.vodgc.net\/1-398-f3352f80b652484eabef48ba0570973b-nerg7V1696959486068-1696960917.jpg\" alt=\"Video Placeholder\"\/><\/figure>\n\n\n\n<p>\u201cEsto es un novel\u00f3n\u201d: la verdad detr\u00e1s de la historia de amor de Wanda Nara y L-Gante (Foto: Instagram\/wanda_nara &#8211; lgante_keloke)<\/p>\n\n\n\n<p>Sin embargo, el resto de los periodistas en el estudio no coincidieron. Marcela Tauro remarc\u00f3: \u201cA m\u00ed la informaci\u00f3n que me llega es que&nbsp;<strong>ella qued\u00f3 enamorad\u00edsima de L-Gante<\/strong>. Enamorada para no decir otra cosa. Igual&nbsp;<strong>yo creo que m\u00e1s enamorada que caliente\u201d<\/strong>. \u201cEl tema es que en el medio hubo muchas cosas, ella se enferm\u00f3 y \u00e9l fue preso\u201d, explic\u00f3.<\/p>\n\n\n\n<figure class=\"wp-block-image\"><img decoding=\"async\" src=\"https:\/\/tn.com.ar\/resizer\/OyRLjvYDzwitfzwyuHXPscsRjVw=\/767x0\/smart\/filters:format(webp)\/cloudfront-us-east-1.images.arcpublishing.com\/artear\/WHYIPWCCLFCV5IST6OSVXKQAKQ.jpg\" alt=\"Wanda Nara y L-Gante estuvieron envueltos en rumores de romance (Foto: Instagram \/ lgante_keloke).\n\"\/><\/figure>\n\n\n\n<p>En la misma sinton\u00eda que Tauro, Karina Iav\u00edcoli sorprendi\u00f3 con un dato: \u201c\u00bfPuedo leer un mensaje? Fuente inobjetable. \u2018<strong>W se enamor\u00f3&nbsp;<\/strong>de \u00e9l. Mucho sexo mediante.&nbsp;<strong>Y lloraba, lo s\u00e9, en Turqu\u00eda porque en el tiempo que \u00e9l estuvo preso no sab\u00eda nada de \u00e9l<\/strong>. Esto es un novel\u00f3n\u2019\u201d.<\/p>\n\n\n\n<h2 class=\"wp-block-heading\">Mauro Icardi le mand\u00f3 una fuerte indirecta a L-Gante tras el reencuentro con Wanda Nara<\/h2>\n\n\n\n<p>El reencuentro de Wanda Nara y L-Gante reaviv\u00f3 el rumor de un supuesto&nbsp;<em>affaire&nbsp;<\/em>entre ellos. A fin de dejar en claro que no pas\u00f3 la noche con el referente de la Cumbia 420, en la noche del lunes<strong>&nbsp;se mostr\u00f3 muy cercana a Mauro Icardi<\/strong>, quien lanz\u00f3 una&nbsp;<strong>fuerte indirecta para el cantante&nbsp;<\/strong>en su perfil de Instagram.<\/p>\n\n\n\n<p><strong>\u201cEl le\u00f3n nunca voltea cuando un perro ladra\u201d<\/strong>, dice la frase que el delantero del Galatasaray comparti\u00f3 en su perfil. Cabe recordar que el futbolista tambi\u00e9n tiene tatuado a este animal en todo su torso. Este posteo aparece d\u00edas despu\u00e9s de la entrevista en la que<strong>\u00a0L-Gante asegur\u00f3 que sigue habl\u00e1ndose con Wanda<\/strong>\u00a0y que su relaci\u00f3n no fue por marketing.<\/p>\n\n\n\n<figure class=\"wp-block-image size-large\"><img loading=\"lazy\" decoding=\"async\" width=\"618\" height=\"1024\" src=\"https:\/\/corrientesdetarde.com\/wp-content\/uploads\/2023\/10\/image-318-618x1024.png\" alt=\"\" class=\"wp-image-94196\" srcset=\"https:\/\/corrientesdetarde.com\/wp-content\/uploads\/2023\/10\/image-318-618x1024.png 618w, https:\/\/corrientesdetarde.com\/wp-content\/uploads\/2023\/10\/image-318-181x300.png 181w, https:\/\/corrientesdetarde.com\/wp-content\/uploads\/2023\/10\/image-318-768x1273.png 768w, https:\/\/corrientesdetarde.com\/wp-content\/uploads\/2023\/10\/image-318-927x1536.png 927w, https:\/\/corrientesdetarde.com\/wp-content\/uploads\/2023\/10\/image-318-1235x2048.png 1235w, https:\/\/corrientesdetarde.com\/wp-content\/uploads\/2023\/10\/image-318.png 1440w\" sizes=\"auto, (max-width: 618px) 100vw, 618px\" \/><\/figure>\n\n\n\n<p>Este lunes se confirm\u00f3 que Icardi lleg\u00f3 a la Argentina. La noticia se supo cuando la empresaria de cosm\u00e9ticos subi\u00f3 una foto a sus redes donde se la ve a ella y a Mauro en pleno entrenamiento. Por si quedaban dudas, agreg\u00f3 ubicaci\u00f3n:\u00a0<strong>\u201cBuenos Aires, Argentina\u201d<\/strong>.<\/p>\n\n\n\n<figure class=\"wp-block-image\"><img decoding=\"async\" src=\"https:\/\/tn.com.ar\/resizer\/TMWFv3GpRfg62nRGFJQvHVicsAo=\/767x0\/smart\/filters:format(webp)\/cloudfront-us-east-1.images.arcpublishing.com\/artear\/6E7RRBHEQJGCLLLUPNADSMLHEA.JPG\" alt=\"Wanda Nara mostr\u00f3 que Mauro Icardi lleg\u00f3 a la Argentina (Foto: Captura Instagram \/wanda_nara)\"\/><\/figure>\n","protected":false},"excerpt":{"rendered":"<p>Lejos de las versiones de marketing, desde el entorno de la medi\u00e1tica contaron la llamativa actitud que tuvo mientras el referente de la Cumbia 420 estaba preso. Wanda Nara regres\u00f3&hellip; <\/p>\n","protected":false},"author":8,"featured_media":94197,"comment_status":"closed","ping_status":"open","sticky":false,"template":"","format":"standard","meta":{"footnotes":""},"categories":[19],"tags":[],"class_list":["post-94195","post","type-post","status-publish","format-standard","has-post-thumbnail","hentry","category-espectaculos"],"_links":{"self":[{"href":"https:\/\/corrientesdetarde.com\/index.php\/wp-json\/wp\/v2\/posts\/94195","targetHints":{"allow":["GET"]}}],"collection":[{"href":"https:\/\/corrientesdetarde.com\/index.php\/wp-json\/wp\/v2\/posts"}],"about":[{"href":"https:\/\/corrientesdetarde.com\/index.php\/wp-json\/wp\/v2\/types\/post"}],"author":[{"embeddable":true,"href":"https:\/\/corrientesdetarde.com\/index.php\/wp-json\/wp\/v2\/users\/8"}],"replies":[{"embeddable":true,"href":"https:\/\/corrientesdetarde.com\/index.php\/wp-json\/wp\/v2\/comments?post=94195"}],"version-history":[{"count":1,"href":"https:\/\/corrientesdetarde.com\/index.php\/wp-json\/wp\/v2\/posts\/94195\/revisions"}],"predecessor-version":[{"id":94198,"href":"https:\/\/corrientesdetarde.com\/index.php\/wp-json\/wp\/v2\/posts\/94195\/revisions\/94198"}],"wp:featuredmedia":[{"embeddable":true,"href":"https:\/\/corrientesdetarde.com\/index.php\/wp-json\/wp\/v2\/media\/94197"}],"wp:attachment":[{"href":"https:\/\/corrientesdetarde.com\/index.php\/wp-json\/wp\/v2\/media?parent=94195"}],"wp:term":[{"taxonomy":"category","embeddable":true,"href":"https:\/\/corrientesdetarde.com\/index.php\/wp-json\/wp\/v2\/categories?post=94195"},{"taxonomy":"post_tag","embeddable":true,"href":"https:\/\/corrientesdetarde.com\/index.php\/wp-json\/wp\/v2\/tags?post=94195"}],"curies":[{"name":"wp","href":"https:\/\/api.w.org\/{rel}","templated":true}]}}