{"id":94199,"date":"2023-10-10T15:54:00","date_gmt":"2023-10-10T18:54:00","guid":{"rendered":"https:\/\/corrientesdetarde.com\/?p=94199"},"modified":"2023-10-10T15:54:07","modified_gmt":"2023-10-10T18:54:07","slug":"gregorio-dalbon-adelanto-que-iniciara-acciones-legales-contra-los-autores-de-la-corrida-cambiaria","status":"publish","type":"post","link":"https:\/\/corrientesdetarde.com\/index.php\/sociales\/gregorio-dalbon-adelanto-que-iniciara-acciones-legales-contra-los-autores-de-la-corrida-cambiaria\/","title":{"rendered":"Gregorio Dalb\u00f3n adelant\u00f3 que iniciar\u00e1 acciones legales contra los &#8220;autores&#8221; de la corrida cambiaria"},"content":{"rendered":"\n<p>El abogado adelant\u00f3 que hay un equipo de especialistas en econom\u00eda trabajando en la denuncia que se presentar\u00e1 en Estados Unidos.<\/p>\n\n\n\n<p>El abogado&nbsp;<strong>Gregorio Dalb\u00f3n<\/strong>&nbsp;dijo que iniciar\u00e1 acciones legales contra los autores de las corridas cambiarias que provocaron una abrupta suba del d\u00f3lar paralelo, dado que constituye un delito.<\/p>\n\n\n\n<p><strong>\u201cUtilizar informaci\u00f3n privilegiada, someter la opini\u00f3n contra un comoditie nacional, en este caso nuestra moneda nacional es grav\u00edsimo\u201d<\/strong>, manifest\u00f3 el letrado en su cuenta de Twitter.<\/p>\n\n\n\n<p>Y agreg\u00f3: \u201cEl beneficio a los inconscientes delincuentes al movilizar al d\u00f3lar nos da una oportunidad para formular la denuncia en los Estados Unidos y solicitar amplia informaci\u00f3n de los autores\u201d.<\/p>\n\n\n\n<p><strong>\u201cNo solo van a perder las elecciones, sino que van a pagar judicialmente el da\u00f1o que causaron a la Rep\u00fablica Argentina. Esto gratis no es\u201d<\/strong>, complet\u00f3.<\/p>\n\n\n\n<p>Tras esto, en di\u00e1logo con C5N, Gregorio Dalb\u00f3n asegur\u00f3 que \u201cno es tan normal ni es algo l\u00edcito apuntar a la sociedad a que este pa\u00eds explote y generar la licuaci\u00f3n de sueldos. Se meten con la gente que menos tiene\u201d, y afirm\u00f3 que este tipo de eventos producen \u201cun da\u00f1o a la sociedad, a cada uno de los argentinos\u201d.<\/p>\n\n\n\n<p>Adem\u00e1s, dio detalles sobre la demanda:&nbsp;<strong>&#8220;Ir\u00eda con medida cautelar y otras cosas, lo est\u00e1 preparando un equipo especializado de abogados en temas econ\u00f3micos. Que tengan lo que se merece en la Justicia&#8221;.<\/strong><\/p>\n","protected":false},"excerpt":{"rendered":"<p>El abogado adelant\u00f3 que hay un equipo de especialistas en econom\u00eda trabajando en la denuncia que se presentar\u00e1 en Estados Unidos. El abogado&nbsp;Gregorio Dalb\u00f3n&nbsp;dijo que iniciar\u00e1 acciones legales contra los&hellip; <\/p>\n","protected":false},"author":8,"featured_media":94200,"comment_status":"closed","ping_status":"open","sticky":false,"template":"","format":"standard","meta":{"footnotes":""},"categories":[17],"tags":[],"class_list":["post-94199","post","type-post","status-publish","format-standard","has-post-thumbnail","hentry","category-sociales"],"_links":{"self":[{"href":"https:\/\/corrientesdetarde.com\/index.php\/wp-json\/wp\/v2\/posts\/94199","targetHints":{"allow":["GET"]}}],"collection":[{"href":"https:\/\/corrientesdetarde.com\/index.php\/wp-json\/wp\/v2\/posts"}],"about":[{"href":"https:\/\/corrientesdetarde.com\/index.php\/wp-json\/wp\/v2\/types\/post"}],"author":[{"embeddable":true,"href":"https:\/\/corrientesdetarde.com\/index.php\/wp-json\/wp\/v2\/users\/8"}],"replies":[{"embeddable":true,"href":"https:\/\/corrientesdetarde.com\/index.php\/wp-json\/wp\/v2\/comments?post=94199"}],"version-history":[{"count":1,"href":"https:\/\/corrientesdetarde.com\/index.php\/wp-json\/wp\/v2\/posts\/94199\/revisions"}],"predecessor-version":[{"id":94201,"href":"https:\/\/corrientesdetarde.com\/index.php\/wp-json\/wp\/v2\/posts\/94199\/revisions\/94201"}],"wp:featuredmedia":[{"embeddable":true,"href":"https:\/\/corrientesdetarde.com\/index.php\/wp-json\/wp\/v2\/media\/94200"}],"wp:attachment":[{"href":"https:\/\/corrientesdetarde.com\/index.php\/wp-json\/wp\/v2\/media?parent=94199"}],"wp:term":[{"taxonomy":"category","embeddable":true,"href":"https:\/\/corrientesdetarde.com\/index.php\/wp-json\/wp\/v2\/categories?post=94199"},{"taxonomy":"post_tag","embeddable":true,"href":"https:\/\/corrientesdetarde.com\/index.php\/wp-json\/wp\/v2\/tags?post=94199"}],"curies":[{"name":"wp","href":"https:\/\/api.w.org\/{rel}","templated":true}]}}