{"id":94202,"date":"2023-10-10T16:03:21","date_gmt":"2023-10-10T19:03:21","guid":{"rendered":"https:\/\/corrientesdetarde.com\/?p=94202"},"modified":"2023-10-10T16:03:32","modified_gmt":"2023-10-10T19:03:32","slug":"las-razones-que-llevaron-al-gobierno-a-encarecer-el-dolar-solidario-y-el-tarjeta-a-12-dias-de-las-elecciones","status":"publish","type":"post","link":"https:\/\/corrientesdetarde.com\/index.php\/economia\/las-razones-que-llevaron-al-gobierno-a-encarecer-el-dolar-solidario-y-el-tarjeta-a-12-dias-de-las-elecciones\/","title":{"rendered":"Las razones que llevaron al Gobierno a encarecer el d\u00f3lar solidario y el tarjeta a 12 d\u00edas de las elecciones"},"content":{"rendered":"\n<p>La AFIP unific\u00f3 los impuestos que se pagan por los d\u00f3lares que vende el Banco Central en el mercado oficial, ya sea para ahorro o para consumos con tarjeta. La iniciativa buscaba cerrar la brecha con los paralelos, que volvi\u00f3 a ampliarse apenas abri\u00f3 la rueda.<\/p>\n\n\n\n<p>A menos de diez d\u00edas de las elecciones, el Gobierno defini\u00f3 unificar los tipos de cambios solidario, tarjeta y Qatar. De esta manera, todos los consumos para ahorro, turismo o compras en el exterior pagar\u00e1n el d\u00f3lar al tipo de cambio oficial y\u00a0<strong>100% de impuestos<\/strong>. A n\u00fameros de hoy, son\u00a0<strong>$731<\/strong>.<\/p>\n\n\n\n<p>Aunque antip\u00e1tica, la medida estaba en el horizonte desde hace varios meses y los analistas afirman que la\u00a0<strong>escalada del d\u00f3lar financiero<\/strong>\u00a0en los \u00faltimos d\u00edas forz\u00f3 al Gobierno a tomar la decisi\u00f3n antes de las elecciones. Con los precios de cierre del lunes, la\u00a0<strong>brecha<\/strong>\u00a0entre el tipo de cambio que se cobraba por<strong>\u00a0operaciones con tarjeta y el\u00a0d\u00f3lar blue <\/strong><strong>llegaba a superar el 47%<\/strong>.<\/p>\n\n\n\n<p>\u201cCreo que con la escapada de los d\u00f3lares financieros, el tipo de cambio oficial, a pesar de los impuestos, se puso barato y&nbsp;<strong>conven\u00eda hacer operaciones con tarjeta<\/strong>. Por un lado, repusieron parte de los impuestos que hab\u00edan sacado luego de la devaluaci\u00f3n y, por otro, unificaron y subieron el resto. Creo que la decisi\u00f3n del Gobierno va por ese lado\u201d, afirm\u00f3&nbsp;<strong>Sebasti\u00e1n Menescaldi<\/strong>, economista y director de<em>&nbsp;Eco Go<\/em>.<\/p>\n\n\n\n<figure class=\"wp-block-image\"><img decoding=\"async\" src=\"https:\/\/tn.com.ar\/resizer\/PLglPy0fSh_VY7JkC8rRaUBkoA4=\/767x0\/smart\/filters:format(webp)\/cloudfront-us-east-1.images.arcpublishing.com\/artear\/4BMRGBI2TZDHRMM5G2BH7LVDR4.jpg\" alt=\"Las reservas netas del Banco Central son negativas por alrededor de US$6000 millones. (Foto: NA).\"\/><\/figure>\n\n\n\n<p>Seg\u00fan los \u00faltimos datos del\u00a0<strong>Banco Central<\/strong>\u00a0(BCRA), el\u00a0<strong>d\u00f3lar ahorro represent\u00f3 una salida neta de US$736 millones entre enero y agosto<\/strong>. Por su parte, el gasto de d\u00f3lares por\u00a0<strong>turismo y otras compras con tarjeta\u00a0<\/strong>represent\u00f3 algo m\u00e1s de\u00a0<strong>US$4000 millones<\/strong>\u00a0en los primeros ocho meses del a\u00f1o. Esas divisas se van directamente de las reservas, que en t\u00e9rminos netos son negativas por alrededor de US$6000 millones.<\/p>\n\n\n\n<p>Para&nbsp;<strong>Andr\u00e9s Borenstein<\/strong>, economista de&nbsp;<em>Econviews<\/em>, eso est\u00e1 detr\u00e1s de la decisi\u00f3n del Gobierno: \u201cLa diferencia entre d\u00f3lar blue y el que se pagaba con tarjeta era gigante y se hab\u00eda convertido en un subsidio para los viajantes\u201d.<\/p>\n\n\n\n<figure class=\"wp-block-image\"><img decoding=\"async\" src=\"https:\/\/tn.com.ar\/resizer\/GBD_gKSpsjtGnpN83p6_IZQBPqY=\/767x0\/smart\/filters:format(webp)\/cloudfront-us-east-1.images.arcpublishing.com\/artear\/F3HKIGJ5BZBQTBEOMWLNGNR4OM.jpg\" alt=\"El titular del Banco Central, Miguel Pesce, junto con el ministro y candidato presidencial, Sergio Massa. (Foto: Ministerio de Econom\u00eda)\"\/><\/figure>\n\n\n\n<p>Sin embargo, con la nueva escalada del d\u00f3lar blue este martes, que lo llev\u00f3 a superar los US$1000, la brecha entre esa cotizaci\u00f3n y el nuevo d\u00f3lar tarjeta apenas se comprimi\u00f3,\u00a0<strong>ya que qued\u00f3 en torno al 40%<\/strong>. Con eso, sigue siendo m\u00e1s conveniente pagar con tarjeta gastos en el exterior (incluso, adelantar los consumos de las pr\u00f3ximas vacaciones) en lugar de hacerse de los billetes en el mercado paralelo.<\/p>\n\n\n\n<p>En ese contexto,\u00a0les consult\u00f3 a Menescaldi y Borenstein si cre\u00edan que la suba y unificaci\u00f3n de impuestos que se anunci\u00f3 hoy podr\u00eda ser el primero de varios ajustes para encarecer el d\u00f3lar para ahorro y turismo. Ambos coincidieron en que, probablemente,\u00a0<strong>el pr\u00f3ximo aumento no sea sobre los impuestos, sino sobre el tipo de cambio oficial<\/strong>, que est\u00e1 congelado -hasta las elecciones, seg\u00fan anunci\u00f3 el Gobierno- en $350 en el mercado mayorista y $365,50 el minorista.<\/p>\n\n\n\n<h2 class=\"wp-block-heading\">Un pedido del FMI<\/h2>\n\n\n\n<p>La \u201csimplificaci\u00f3n cambiaria\u201d fue uno de los pedidos del\u00a0FMI\u00a0al Gobierno en la \u00faltima revisi\u00f3n. El equipo econ\u00f3mico hab\u00eda avanzado a medidas en ese esquema\u00a0y ahora profundiz\u00f3 ese camino.<\/p>\n\n\n\n<figure class=\"wp-block-image\"><img decoding=\"async\" src=\"https:\/\/tn.com.ar\/resizer\/iVxV0mfIMNPK_9J8t90hPzs6-EY=\/767x0\/smart\/filters:format(webp)\/cloudfront-us-east-1.images.arcpublishing.com\/artear\/QILW6BVDZJAJTOMUS3YZMPCBKY.jpg\" alt=\"Kristalina Georgieva, directora del FMI. (Foto: Reuters)\"\/><\/figure>\n\n\n\n<p>As\u00ed, contin\u00faa con las<strong>&nbsp;devaluaciones parciales<\/strong>&nbsp;para desincentivar operaciones que le representan salida de d\u00f3lares, como el turismo, al tiempo que impulsa otras que generan ingresos, como las exportaciones.<\/p>\n\n\n\n<p>De todos modos,&nbsp;<strong>el FMI se corri\u00f3 de la escena hasta noviembre<\/strong>, cuando har\u00e1 la pr\u00f3xima revisi\u00f3n. La fecha de esa auditor\u00eda todav\u00eda no se confirm\u00f3, por lo que podr\u00eda darse sobre fin de mes, luego de una eventual segunda vuelta presidencial.<\/p>\n","protected":false},"excerpt":{"rendered":"<p>La AFIP unific\u00f3 los impuestos que se pagan por los d\u00f3lares que vende el Banco Central en el mercado oficial, ya sea para ahorro o para consumos con tarjeta. La&hellip; <\/p>\n","protected":false},"author":8,"featured_media":94203,"comment_status":"closed","ping_status":"open","sticky":false,"template":"","format":"standard","meta":{"footnotes":""},"categories":[20],"tags":[],"class_list":["post-94202","post","type-post","status-publish","format-standard","has-post-thumbnail","hentry","category-economia"],"_links":{"self":[{"href":"https:\/\/corrientesdetarde.com\/index.php\/wp-json\/wp\/v2\/posts\/94202","targetHints":{"allow":["GET"]}}],"collection":[{"href":"https:\/\/corrientesdetarde.com\/index.php\/wp-json\/wp\/v2\/posts"}],"about":[{"href":"https:\/\/corrientesdetarde.com\/index.php\/wp-json\/wp\/v2\/types\/post"}],"author":[{"embeddable":true,"href":"https:\/\/corrientesdetarde.com\/index.php\/wp-json\/wp\/v2\/users\/8"}],"replies":[{"embeddable":true,"href":"https:\/\/corrientesdetarde.com\/index.php\/wp-json\/wp\/v2\/comments?post=94202"}],"version-history":[{"count":1,"href":"https:\/\/corrientesdetarde.com\/index.php\/wp-json\/wp\/v2\/posts\/94202\/revisions"}],"predecessor-version":[{"id":94204,"href":"https:\/\/corrientesdetarde.com\/index.php\/wp-json\/wp\/v2\/posts\/94202\/revisions\/94204"}],"wp:featuredmedia":[{"embeddable":true,"href":"https:\/\/corrientesdetarde.com\/index.php\/wp-json\/wp\/v2\/media\/94203"}],"wp:attachment":[{"href":"https:\/\/corrientesdetarde.com\/index.php\/wp-json\/wp\/v2\/media?parent=94202"}],"wp:term":[{"taxonomy":"category","embeddable":true,"href":"https:\/\/corrientesdetarde.com\/index.php\/wp-json\/wp\/v2\/categories?post=94202"},{"taxonomy":"post_tag","embeddable":true,"href":"https:\/\/corrientesdetarde.com\/index.php\/wp-json\/wp\/v2\/tags?post=94202"}],"curies":[{"name":"wp","href":"https:\/\/api.w.org\/{rel}","templated":true}]}}