{"id":94212,"date":"2023-10-10T16:27:30","date_gmt":"2023-10-10T19:27:30","guid":{"rendered":"https:\/\/corrientesdetarde.com\/?p=94212"},"modified":"2023-10-10T16:27:34","modified_gmt":"2023-10-10T19:27:34","slug":"suspendieron-a-la-jueza-que-le-dio-la-tenencia-a-las-asesinas-de-lucio-dupuy","status":"publish","type":"post","link":"https:\/\/corrientesdetarde.com\/index.php\/crimen-y-justicia\/suspendieron-a-la-jueza-que-le-dio-la-tenencia-a-las-asesinas-de-lucio-dupuy\/","title":{"rendered":"Suspendieron a la jueza que le dio la tenencia a las asesinas de Lucio Dupuy"},"content":{"rendered":"\n<p>Se trata de Ana Clara P\u00e9rez Ballester. La magistrada est\u00e1 acusada por mal desempe\u00f1o de sus funciones. Est\u00e1 muy cerca de ser llevada a juicio. Tambi\u00e9n apartaron a su asesora, Elisa Alejandra Cat\u00e1n.<\/p>\n\n\n\n<p><strong>El Jurado de Enjuiciamiento suspendi\u00f3 a la jueza Ana Clara P\u00e9rez Ballester\u00a0<\/strong>y a la asesora Elisa Alejandra Cat\u00e1n, las funcionarias del Juzgado de Familia que le dieron la tutela de\u00a0Lucio Dupuy\u00a0a Magdalena Esp\u00f3sito Valenti y Abiga\u00edl Esp\u00f3sito, madre y madrastra del peque\u00f1o de 5 a\u00f1os, quienes finalmente se convirtieron en sus asesinas.<\/p>\n\n\n\n<p>La decisi\u00f3n del jurado se resolvi\u00f3 por unanimidad, durante una sesi\u00f3n especial llevada a cabo este martes por la ma\u00f1ana en el Sal\u00f3n de Acuerdos del Tribunal de Justicia. Fue despu\u00e9s de que el procurador general de La Pampa, Mario Oscar Bongianino, las acusara formalmente por\u00a0<strong>mal desempe\u00f1o de sus funciones<\/strong>.<\/p>\n\n\n\n<p>El jurado est\u00e1 conformado por el ministro del Superior Tribunal de Justicia de La Pampa, Fabricio Luis Losi, las diputadas Mar\u00eda Silvia Larreta y Mar\u00eda Andrea Valderrama Calvo. Adem\u00e1s, lo integran las abogadas Mar\u00eda Natalia Gaccio y Silvina Mar\u00eda Garro.<\/p>\n\n\n\n<p>Ahora, P\u00e9rez Ballester y Cat\u00e1n tendr\u00e1n un plazo de 10 d\u00edas para exponer sus defensas. Luego, ser\u00e1 el turno del ofrecimiento de pruebas, a favor y en contra, para finalmente llegar al juicio pol\u00edtico.<\/p>\n\n\n\n<h2 class=\"wp-block-heading\">Por qu\u00e9 pidieron el juicio pol\u00edtico contra la jueza Ballester<\/h2>\n\n\n\n<p>La denuncia por mal desempe\u00f1o la presentaron diputados del bloque oficialista y de la oposici\u00f3n de la provincia de La Pampa. Los legisladores aseguran que la jueza de Familia y la asesora de Menores de la ciudad de General Pico<strong>&nbsp;\u201cno realizaron un informe socio-ambiental del contexto familiar donde iba a vivir Lucio\u201d.<\/strong><\/p>\n\n\n\n<figure class=\"wp-block-image\"><img decoding=\"async\" src=\"https:\/\/tn.com.ar\/resizer\/wAfjBzLYfy57O3qU-A3njSlyDZI=\/767x0\/smart\/filters:format(webp)\/cloudfront-us-east-1.images.arcpublishing.com\/artear\/DM2CEYKQKNCYBOAOVISUUB7GQ4.jpg\" alt=\"La mam\u00e1 de Lucio y su pareja fueron condenadas a perpetua. (Foto: Facebook\/Magdalena Esp\u00f3sito Valenti).\"\/><\/figure>\n\n\n\n<p>Adem\u00e1s, expresaron en el comunicado que hicieron p\u00fablico, que en el informe de Ballester\u00a0<strong>\u201cno se inform\u00f3, ni se cit\u00f3 a testigos\u201d, \u201cno se escuch\u00f3 al menor\u201d<\/strong>, y el caso\u00a0<strong>\u201cno fue abordado desde el Juzgado por un equipo de profesionales\u201d<\/strong>.<\/p>\n\n\n\n<p>\u201cLa magistrada hoy denunciada omiti\u00f3, en una sucesi\u00f3n de oportunidades procesales, el cumplimiento de deberes a su cargo, deberes que implicaban adoptar las medidas necesarias para la protecci\u00f3n del inter\u00e9s superior del ni\u00f1o, el cual debe estar presente en toda actuaci\u00f3n de este tipo\u201d, afirmaron los denunciantes.<\/p>\n\n\n\n<p>Y agregaron que \u201cno se observa que en el expediente (de la tenencia) se haya ordenado la realizaci\u00f3n, por ejemplo, de un&nbsp;<strong>informe socioambiental<\/strong>, o se haya recabado la comparecencia de testigos como medidas b\u00e1sicas para determinar las condiciones de vida a las que se enfrentaba Lucio Dupuy a partir del cambio de residencia y cuidadores\u201d.<\/p>\n","protected":false},"excerpt":{"rendered":"<p>Se trata de Ana Clara P\u00e9rez Ballester. La magistrada est\u00e1 acusada por mal desempe\u00f1o de sus funciones. Est\u00e1 muy cerca de ser llevada a juicio. Tambi\u00e9n apartaron a su asesora,&hellip; <\/p>\n","protected":false},"author":8,"featured_media":94213,"comment_status":"closed","ping_status":"open","sticky":false,"template":"","format":"standard","meta":{"footnotes":""},"categories":[5],"tags":[],"class_list":["post-94212","post","type-post","status-publish","format-standard","has-post-thumbnail","hentry","category-crimen-y-justicia"],"_links":{"self":[{"href":"https:\/\/corrientesdetarde.com\/index.php\/wp-json\/wp\/v2\/posts\/94212","targetHints":{"allow":["GET"]}}],"collection":[{"href":"https:\/\/corrientesdetarde.com\/index.php\/wp-json\/wp\/v2\/posts"}],"about":[{"href":"https:\/\/corrientesdetarde.com\/index.php\/wp-json\/wp\/v2\/types\/post"}],"author":[{"embeddable":true,"href":"https:\/\/corrientesdetarde.com\/index.php\/wp-json\/wp\/v2\/users\/8"}],"replies":[{"embeddable":true,"href":"https:\/\/corrientesdetarde.com\/index.php\/wp-json\/wp\/v2\/comments?post=94212"}],"version-history":[{"count":1,"href":"https:\/\/corrientesdetarde.com\/index.php\/wp-json\/wp\/v2\/posts\/94212\/revisions"}],"predecessor-version":[{"id":94214,"href":"https:\/\/corrientesdetarde.com\/index.php\/wp-json\/wp\/v2\/posts\/94212\/revisions\/94214"}],"wp:featuredmedia":[{"embeddable":true,"href":"https:\/\/corrientesdetarde.com\/index.php\/wp-json\/wp\/v2\/media\/94213"}],"wp:attachment":[{"href":"https:\/\/corrientesdetarde.com\/index.php\/wp-json\/wp\/v2\/media?parent=94212"}],"wp:term":[{"taxonomy":"category","embeddable":true,"href":"https:\/\/corrientesdetarde.com\/index.php\/wp-json\/wp\/v2\/categories?post=94212"},{"taxonomy":"post_tag","embeddable":true,"href":"https:\/\/corrientesdetarde.com\/index.php\/wp-json\/wp\/v2\/tags?post=94212"}],"curies":[{"name":"wp","href":"https:\/\/api.w.org\/{rel}","templated":true}]}}