{"id":94215,"date":"2023-10-10T16:31:11","date_gmt":"2023-10-10T19:31:11","guid":{"rendered":"https:\/\/corrientesdetarde.com\/?p=94215"},"modified":"2023-10-10T16:31:23","modified_gmt":"2023-10-10T19:31:23","slug":"bafweek-celebro-su-mejor-edicion-17-desfiles-mas-inclusion-y-un-proyecto-solidario","status":"publish","type":"post","link":"https:\/\/corrientesdetarde.com\/index.php\/tendencias\/bafweek-celebro-su-mejor-edicion-17-desfiles-mas-inclusion-y-un-proyecto-solidario\/","title":{"rendered":"Bafweek celebr\u00f3 su mejor edici\u00f3n: 17 desfiles, m\u00e1s inclusi\u00f3n y un proyecto solidario"},"content":{"rendered":"\n<p>Juliana Monsalvo hablo sobre el exitoso evento y anticip\u00f3 lo que viene para el 2024.<a href=\"https:\/\/tn.com.ar\/autor\/bnteam\/\"><\/a><\/p>\n\n\n\n<p>La \u00faltima edici\u00f3n de Bafweek reuni\u00f3 marcas consagradas, nuevos autores y novedades.<\/p>\n\n\n\n<p>En su b\u00fasqueda de seguir sorprendiendo y superarse a\u00f1o a a\u00f1o,<strong>\u00a0la edici\u00f3n primavera verano 2024 de Bafweek\u00a0<\/strong>, con 17 eventos en total, estuvo cargada de novedades y sorpresas que posicionan a la gran semana de la moda argentina en la agenda internacional.\u00a0<strong>Juliana Monsalvo, directora de Bafweek, comparti\u00f3 sus impresiones sobre lo que dej\u00f3 esta \u00faltima celebraci\u00f3n de la moda en la Buenos Aires.<\/strong><\/p>\n\n\n\n<h2 class=\"wp-block-heading\">Inclusi\u00f3n, sustentabilidad y solidaridad: los logros Bafweek<\/h2>\n\n\n\n<p>Una de las grandes diferencias de esta edici\u00f3n con respecto a las anteriores fue que<strong>&nbsp;todos los eventos que sucedieron se transmitieron por&nbsp;<\/strong><em><strong>streaming<\/strong><\/em>, para extender la invitaci\u00f3n m\u00e1s all\u00e1 de la presencialidad y que todos pudieran ser parte.<\/p>\n\n\n\n<figure class=\"wp-block-image\"><img decoding=\"async\" src=\"https:\/\/tn.com.ar\/resizer\/G54n7asIkYFvxX6Xsf3CW07eGE4=\/767x0\/smart\/filters:format(webp)\/cloudfront-us-east-1.images.arcpublishing.com\/artear\/DPPOZZ47L5CXLBTWNX2DKAUPCY.jpg\" alt=\"Todos los eventos de Bafweek se transmitieron por streaming. (Foto: Bang)\"\/><\/figure>\n\n\n\n<p>Como siempre, la pata sustentable dijo presente, esta vez de la mano de<strong>&nbsp;Galp\u00f3n de Ropa, la marca de moda circular que present\u00f3&nbsp;<\/strong><em><strong>Coraz\u00f3n Compartido<\/strong><\/em>, con un desfile que trabaj\u00f3 el concepto de conexi\u00f3n colectiva como fuerza creadora.<\/p>\n\n\n\n<figure class=\"wp-block-image\"><img decoding=\"async\" src=\"https:\/\/tn.com.ar\/resizer\/4K95UsS2zWVG-1OpE2PAUk5WZgg=\/767x0\/smart\/filters:format(webp)\/cloudfront-us-east-1.images.arcpublishing.com\/artear\/4LDXLSO67NHIHMDI2A7HTH727A.png\" alt=\"Coraz\u00f3n Compartido, la propuesta solidaria de Galp\u00f3n de Ropa en Bafweek. (Foto: Instagram\/@galponderopa)\"\/><\/figure>\n\n\n\n<p>Adem\u00e1s, en esta edici\u00f3n se lanz\u00f3 la&nbsp;<strong>campa\u00f1a \u201cX la vida\u201d, a beneficio de la Asociaci\u00f3n Argentina de Oncolog\u00eda,<\/strong>&nbsp;a la que se sumaron varias marcas con dise\u00f1os que buscan concientizar.&nbsp;<strong>\u201cEs uno de los hitos que tuvimos dentro de lo que fue Bafweek, ya que incluimos todo lo que tiene que ver con solidaridad, que hasta el momento no era parte\u201d, comenta Monsalvo.<\/strong><\/p>\n\n\n\n<figure class=\"wp-block-image\"><img decoding=\"async\" src=\"https:\/\/tn.com.ar\/resizer\/OjhIj6n2unwlhy_OcNxxwsgsnZo=\/767x0\/smart\/filters:format(webp)\/cloudfront-us-east-1.images.arcpublishing.com\/artear\/WBIHLWFZTNDY7AZNDZICXMMILI.png\" alt=\"&quot;X la vida&quot;, la campa\u00f1a solidaria dentro de Bafweek a beneficio de la Asociaci\u00f3n Argentina de Oncolog\u00eda. (Foto: Bafweek)\"\/><\/figure>\n\n\n\n<p>Otra de las grandes novedades fue la&nbsp;<strong>inauguraci\u00f3n del primer local Bafweek en Alto Palermo<\/strong>, sponsor de la Semana de la Moda. El primer&nbsp;<em>pop up store&nbsp;<\/em>que se lanz\u00f3 fue el de&nbsp;<strong>Ampi Vera, que fue ganadora del concurso Autores de Moda de la edici\u00f3n verano del a\u00f1o pasado.<\/strong><\/p>\n\n\n\n<figure class=\"wp-block-image\"><img decoding=\"async\" src=\"https:\/\/tn.com.ar\/resizer\/T1b5vTbTSCFPtngbhRu9vGrfIok=\/767x0\/smart\/filters:format(webp)\/cloudfront-us-east-1.images.arcpublishing.com\/artear\/MKV7WKGN5BCR3KUVYI277JMXFI.png\" alt=\"El pop up store de Ampi Vera en Alto Palermo es el primer local Bafweek.\"\/><\/figure>\n\n\n\n<h2 class=\"wp-block-heading\">Marcas consagradas, nuevos dise\u00f1adores y autores de moda<\/h2>\n\n\n\n<p>Si hablamos de firmas asentadas en la industria,&nbsp;<strong>el regreso de Rapsodia a la pasarela, que abri\u00f3 esta edici\u00f3n con la presentaci\u00f3n de su \u00faltima colecci\u00f3n \u201cMagique Marrakesh\u201d,&nbsp;<\/strong>fue uno de los grandes acontecimientos. En la misma sinton\u00eda,<strong>&nbsp;Kosiuko cerr\u00f3 la semana con un imponente desfile en un&nbsp;<\/strong><em><strong>parking<\/strong><\/em><strong>&nbsp;de la mano de su campa\u00f1a \u201cWanted\u201d, de inspiraci\u00f3n cowboy.<\/strong><\/p>\n\n\n\n<figure class=\"wp-block-image\"><img decoding=\"async\" src=\"https:\/\/tn.com.ar\/resizer\/c7OgpAm7CQR0zoKbHSncrphERvw=\/767x0\/smart\/filters:format(webp)\/cloudfront-us-east-1.images.arcpublishing.com\/artear\/4XCXJBKHKNGCNAVEG2APHV5ZLE.jpg\" alt=\"Rapsodia volvi\u00f3 a la pasarela de Bafweek con su colecci\u00f3n Magique Marrakesh. (Foto: Bang)\"\/><\/figure>\n\n\n\n<p>Por otro lado, los dise\u00f1adores emergentes formaron parte de la mano del concurso&nbsp;<strong>Autores de Moda, del Gobierno de la Ciudad<\/strong>, que presentaron sus colecciones en el Planetario \u00bfLos ganadores de este a\u00f1o?&nbsp;<strong>Agus Chueizer<\/strong>&nbsp;con \u201cTerer\u00e9\u201d, basada en los recuerdos e im\u00e1genes de su ciudad natal y el choque cultural que signific\u00f3 su llegada a la Ciudad de Buenos Aires;&nbsp;<strong>Pr0testa<\/strong>&nbsp;con \u201cLa Velocidad de la sombra\u201d, su quinta colecci\u00f3n que busca interpretar desde el textil y su puesta en escena, y&nbsp;<strong>Helena Dakak<\/strong>&nbsp;con la colecci\u00f3n \u201cCalendario\u201d, en la que la temporalidad de la marca juega un rol que permite una constante transformaci\u00f3n.<\/p>\n\n\n\n<figure class=\"wp-block-image\"><img decoding=\"async\" src=\"https:\/\/tn.com.ar\/resizer\/77i7KEdAyXNOzmhJClRyFgaNksQ=\/767x0\/smart\/filters:format(webp)\/cloudfront-us-east-1.images.arcpublishing.com\/artear\/UZANZYZXRZBFTBCKWFZZRMQEZA.jpg\" alt=\"Los ganadores de Autores de Moda BA presentaron sus colecciones en el Planetario. (Foto: Bang)\"\/><\/figure>\n\n\n\n<p>\u00bfQu\u00e9 sigue para Bafweek?\u00a0<strong>\u201cLa idea siempre es, primero, superar en cantidad de eventos que tenemos, cantidad de dise\u00f1adores, de marcas comerciales y de peque\u00f1os dise\u00f1adores. Tambi\u00e9n seguir con la pata de solidaridad y de sustentabilidad\u201d,<\/strong>\u00a0sostiene Monsalvo, y asegura que tanto el local Bafweek como la transmisi\u00f3n por\u00a0<em>streaming<\/em>\u00a0ya quedar\u00e1n asentados como cl\u00e1sicos de este evento de cara a las pr\u00f3ximas ediciones.<\/p>\n\n\n\n<figure class=\"wp-block-image size-large\"><img loading=\"lazy\" decoding=\"async\" width=\"682\" height=\"1024\" src=\"https:\/\/corrientesdetarde.com\/wp-content\/uploads\/2023\/10\/image-325-682x1024.png\" alt=\"\" class=\"wp-image-94216\" srcset=\"https:\/\/corrientesdetarde.com\/wp-content\/uploads\/2023\/10\/image-325-682x1024.png 682w, https:\/\/corrientesdetarde.com\/wp-content\/uploads\/2023\/10\/image-325-200x300.png 200w, https:\/\/corrientesdetarde.com\/wp-content\/uploads\/2023\/10\/image-325-768x1153.png 768w, https:\/\/corrientesdetarde.com\/wp-content\/uploads\/2023\/10\/image-325-1024x1536.png 1024w, https:\/\/corrientesdetarde.com\/wp-content\/uploads\/2023\/10\/image-325-1365x2048.png 1365w, https:\/\/corrientesdetarde.com\/wp-content\/uploads\/2023\/10\/image-325.png 1440w\" sizes=\"auto, (max-width: 682px) 100vw, 682px\" \/><\/figure>\n","protected":false},"excerpt":{"rendered":"<p>Juliana Monsalvo hablo sobre el exitoso evento y anticip\u00f3 lo que viene para el 2024. La \u00faltima edici\u00f3n de Bafweek reuni\u00f3 marcas consagradas, nuevos autores y novedades. En su b\u00fasqueda&hellip; <\/p>\n","protected":false},"author":8,"featured_media":94216,"comment_status":"closed","ping_status":"open","sticky":false,"template":"","format":"standard","meta":{"footnotes":""},"categories":[28],"tags":[],"class_list":["post-94215","post","type-post","status-publish","format-standard","has-post-thumbnail","hentry","category-tendencias"],"_links":{"self":[{"href":"https:\/\/corrientesdetarde.com\/index.php\/wp-json\/wp\/v2\/posts\/94215","targetHints":{"allow":["GET"]}}],"collection":[{"href":"https:\/\/corrientesdetarde.com\/index.php\/wp-json\/wp\/v2\/posts"}],"about":[{"href":"https:\/\/corrientesdetarde.com\/index.php\/wp-json\/wp\/v2\/types\/post"}],"author":[{"embeddable":true,"href":"https:\/\/corrientesdetarde.com\/index.php\/wp-json\/wp\/v2\/users\/8"}],"replies":[{"embeddable":true,"href":"https:\/\/corrientesdetarde.com\/index.php\/wp-json\/wp\/v2\/comments?post=94215"}],"version-history":[{"count":1,"href":"https:\/\/corrientesdetarde.com\/index.php\/wp-json\/wp\/v2\/posts\/94215\/revisions"}],"predecessor-version":[{"id":94218,"href":"https:\/\/corrientesdetarde.com\/index.php\/wp-json\/wp\/v2\/posts\/94215\/revisions\/94218"}],"wp:featuredmedia":[{"embeddable":true,"href":"https:\/\/corrientesdetarde.com\/index.php\/wp-json\/wp\/v2\/media\/94216"}],"wp:attachment":[{"href":"https:\/\/corrientesdetarde.com\/index.php\/wp-json\/wp\/v2\/media?parent=94215"}],"wp:term":[{"taxonomy":"category","embeddable":true,"href":"https:\/\/corrientesdetarde.com\/index.php\/wp-json\/wp\/v2\/categories?post=94215"},{"taxonomy":"post_tag","embeddable":true,"href":"https:\/\/corrientesdetarde.com\/index.php\/wp-json\/wp\/v2\/tags?post=94215"}],"curies":[{"name":"wp","href":"https:\/\/api.w.org\/{rel}","templated":true}]}}