{"id":94219,"date":"2023-10-10T17:46:55","date_gmt":"2023-10-10T20:46:55","guid":{"rendered":"https:\/\/corrientesdetarde.com\/?p=94219"},"modified":"2023-10-10T17:47:00","modified_gmt":"2023-10-10T20:47:00","slug":"fernandez-cancelo-la-unica-actividad-que-iba-a-tener-y-massa-no-logro-contener-al-dolar","status":"publish","type":"post","link":"https:\/\/corrientesdetarde.com\/index.php\/politica\/fernandez-cancelo-la-unica-actividad-que-iba-a-tener-y-massa-no-logro-contener-al-dolar\/","title":{"rendered":"Fern\u00e1ndez cancel\u00f3 la \u00fanica actividad que iba a tener y Massa no logr\u00f3 contener al d\u00f3lar"},"content":{"rendered":"\n<p><strong>Por Juan Pablo Peralta desde Casa Rosada<\/strong><\/p>\n\n\n\n<p>El presidente Alberto Fern\u00e1ndez iba a realizar una recorrida por obras de entubamiento en la localidad bonaerense de Florencio Varela pero la actividad se dio de baja bajo el justificativo de que el horario se cruzaba con la partida del vuelo que va a repatriar ciudadanos argentinos a Israel.<\/p>\n\n\n\n<figure class=\"wp-block-embed is-type-video is-provider-youtube wp-block-embed-youtube wp-embed-aspect-16-9 wp-has-aspect-ratio\"><div class=\"wp-block-embed__wrapper\">\n<iframe loading=\"lazy\" title=\"Fern\u00e1ndez cancel\u00f3 la \u00fanica actividad que iba a tener y Massa no logr\u00f3 contener al d\u00f3lar\" width=\"1110\" height=\"624\" src=\"https:\/\/www.youtube.com\/embed\/SSVhUIQFPW4?feature=oembed\" frameborder=\"0\" allow=\"accelerometer; autoplay; clipboard-write; encrypted-media; gyroscope; picture-in-picture; web-share\" allowfullscreen><\/iframe>\n<\/div><\/figure>\n\n\n\n<p>Por su parte, Sergio Massa se dedic\u00f3 a intentar frenar la escalada del d\u00f3lar que hoy super\u00f3 los 1000 pesos y complica al candidato y ministro de Econom\u00eda, quien ech\u00f3 culpas por el aumento de la moneda estadounidense a Javier Milei, quien ayer aconsej\u00f3 a los ahorristas no renovar sus plazos fijos en pesos. M\u00e1s all\u00e1 de estas criticas y operativos -que encabez\u00f3 en entidades financieras de la city porte\u00f1a el Ministerio de Seguridad que dirige An\u00edbal Fern\u00e1ndez- no alcanz\u00f3 para retrotraer el valor del billete verde. Antes, la AFIP sac\u00f3 una resoluci\u00f3n que unifica el tipo de d\u00f3lar Solidario, Tarjeta y Turista. Se trata de otra devaluaci\u00f3n parcial del peso que lic\u00faa a\u00fan m\u00e1s los ingresos de la mayor\u00eda de los argentinos.<\/p>\n","protected":false},"excerpt":{"rendered":"<p>Por Juan Pablo Peralta desde Casa Rosada El presidente Alberto Fern\u00e1ndez iba a realizar una recorrida por obras de entubamiento en la localidad bonaerense de Florencio Varela pero la actividad&hellip; <\/p>\n","protected":false},"author":11,"featured_media":94220,"comment_status":"closed","ping_status":"open","sticky":false,"template":"","format":"standard","meta":{"footnotes":""},"categories":[3],"tags":[],"class_list":["post-94219","post","type-post","status-publish","format-standard","has-post-thumbnail","hentry","category-politica"],"_links":{"self":[{"href":"https:\/\/corrientesdetarde.com\/index.php\/wp-json\/wp\/v2\/posts\/94219","targetHints":{"allow":["GET"]}}],"collection":[{"href":"https:\/\/corrientesdetarde.com\/index.php\/wp-json\/wp\/v2\/posts"}],"about":[{"href":"https:\/\/corrientesdetarde.com\/index.php\/wp-json\/wp\/v2\/types\/post"}],"author":[{"embeddable":true,"href":"https:\/\/corrientesdetarde.com\/index.php\/wp-json\/wp\/v2\/users\/11"}],"replies":[{"embeddable":true,"href":"https:\/\/corrientesdetarde.com\/index.php\/wp-json\/wp\/v2\/comments?post=94219"}],"version-history":[{"count":1,"href":"https:\/\/corrientesdetarde.com\/index.php\/wp-json\/wp\/v2\/posts\/94219\/revisions"}],"predecessor-version":[{"id":94221,"href":"https:\/\/corrientesdetarde.com\/index.php\/wp-json\/wp\/v2\/posts\/94219\/revisions\/94221"}],"wp:featuredmedia":[{"embeddable":true,"href":"https:\/\/corrientesdetarde.com\/index.php\/wp-json\/wp\/v2\/media\/94220"}],"wp:attachment":[{"href":"https:\/\/corrientesdetarde.com\/index.php\/wp-json\/wp\/v2\/media?parent=94219"}],"wp:term":[{"taxonomy":"category","embeddable":true,"href":"https:\/\/corrientesdetarde.com\/index.php\/wp-json\/wp\/v2\/categories?post=94219"},{"taxonomy":"post_tag","embeddable":true,"href":"https:\/\/corrientesdetarde.com\/index.php\/wp-json\/wp\/v2\/tags?post=94219"}],"curies":[{"name":"wp","href":"https:\/\/api.w.org\/{rel}","templated":true}]}}