{"id":94222,"date":"2023-10-10T19:13:16","date_gmt":"2023-10-10T22:13:16","guid":{"rendered":"https:\/\/corrientesdetarde.com\/?p=94222"},"modified":"2023-10-10T19:13:23","modified_gmt":"2023-10-10T22:13:23","slug":"concierto-aniversario-los-pomberitos-cantores-se-presentaran-en-la-legislatura","status":"publish","type":"post","link":"https:\/\/corrientesdetarde.com\/index.php\/locales\/concierto-aniversario-los-pomberitos-cantores-se-presentaran-en-la-legislatura\/","title":{"rendered":"Concierto aniversario: Los Pomberitos Cantores se presentar\u00e1n en la Legislatura"},"content":{"rendered":"\n<p>El vicegobernador, Pedro Braillard Poccard, invita este jueves 12 de octubre al Concierto aniversario del Coro de los Pomberitos Cantores, que tendr\u00e1 lugar en el hall de la Legislatura a las 20,30 horas.<br>Los Pomberitos Cantores nacen en el a\u00f1o 2018 junto con las medidas de salvaguarda para declarar al chamam\u00e9 como patrimonio cultural inmaterial de la humanidad, siendo un coro de ni\u00f1os y que aborda un repertorio exclusivamente chamamecero. Han participado de numerosos escenarios entre ellos, la Fiesta Nacional del Chamam\u00e9 y las escalinatas del teatro Vera.<br>En el a\u00f1o 2019 fueron declarados de Inter\u00e9s Cultural Provincial por el Gobernador Gustavo Vald\u00e9s, tambi\u00e9n en el mismo a\u00f1o, fueron ganadores del concurso &#8220;Chamam\u00e9 2.0 sembrando Chamam\u00e9&#8221;. En el 2022, se suman a los ni\u00f1os los adultos por pedido exclusivo de la poblaci\u00f3n, ya que ellos tambi\u00e9n quer\u00edan formar parte de esta hermosa experiencia. Desde entonces ni\u00f1os y adultos comparten el escenario haciendo propia la experiencia, simbolizando a las familias que juntas comparten el amor y la pasi\u00f3n por nuestra cultura chamamecera.<\/p>\n\n\n<div class=\"wp-block-image\">\n<figure class=\"aligncenter size-full\"><img loading=\"lazy\" decoding=\"async\" width=\"720\" height=\"480\" src=\"https:\/\/corrientesdetarde.com\/wp-content\/uploads\/2023\/10\/WhatsApp-Image-2023-10-10-at-16.43.05_38c0821b.jpg\" alt=\"\" class=\"wp-image-94223\" srcset=\"https:\/\/corrientesdetarde.com\/wp-content\/uploads\/2023\/10\/WhatsApp-Image-2023-10-10-at-16.43.05_38c0821b.jpg 720w, https:\/\/corrientesdetarde.com\/wp-content\/uploads\/2023\/10\/WhatsApp-Image-2023-10-10-at-16.43.05_38c0821b-300x200.jpg 300w\" sizes=\"auto, (max-width: 720px) 100vw, 720px\" \/><\/figure>\n<\/div>","protected":false},"excerpt":{"rendered":"<p>El vicegobernador, Pedro Braillard Poccard, invita este jueves 12 de octubre al Concierto aniversario del Coro de los Pomberitos Cantores, que tendr\u00e1 lugar en el hall de la Legislatura a&hellip; <\/p>\n","protected":false},"author":1,"featured_media":94224,"comment_status":"closed","ping_status":"open","sticky":false,"template":"","format":"standard","meta":{"footnotes":""},"categories":[8],"tags":[],"class_list":["post-94222","post","type-post","status-publish","format-standard","has-post-thumbnail","hentry","category-locales"],"_links":{"self":[{"href":"https:\/\/corrientesdetarde.com\/index.php\/wp-json\/wp\/v2\/posts\/94222","targetHints":{"allow":["GET"]}}],"collection":[{"href":"https:\/\/corrientesdetarde.com\/index.php\/wp-json\/wp\/v2\/posts"}],"about":[{"href":"https:\/\/corrientesdetarde.com\/index.php\/wp-json\/wp\/v2\/types\/post"}],"author":[{"embeddable":true,"href":"https:\/\/corrientesdetarde.com\/index.php\/wp-json\/wp\/v2\/users\/1"}],"replies":[{"embeddable":true,"href":"https:\/\/corrientesdetarde.com\/index.php\/wp-json\/wp\/v2\/comments?post=94222"}],"version-history":[{"count":2,"href":"https:\/\/corrientesdetarde.com\/index.php\/wp-json\/wp\/v2\/posts\/94222\/revisions"}],"predecessor-version":[{"id":94226,"href":"https:\/\/corrientesdetarde.com\/index.php\/wp-json\/wp\/v2\/posts\/94222\/revisions\/94226"}],"wp:featuredmedia":[{"embeddable":true,"href":"https:\/\/corrientesdetarde.com\/index.php\/wp-json\/wp\/v2\/media\/94224"}],"wp:attachment":[{"href":"https:\/\/corrientesdetarde.com\/index.php\/wp-json\/wp\/v2\/media?parent=94222"}],"wp:term":[{"taxonomy":"category","embeddable":true,"href":"https:\/\/corrientesdetarde.com\/index.php\/wp-json\/wp\/v2\/categories?post=94222"},{"taxonomy":"post_tag","embeddable":true,"href":"https:\/\/corrientesdetarde.com\/index.php\/wp-json\/wp\/v2\/tags?post=94222"}],"curies":[{"name":"wp","href":"https:\/\/api.w.org\/{rel}","templated":true}]}}