{"id":94232,"date":"2023-10-10T20:29:45","date_gmt":"2023-10-10T23:29:45","guid":{"rendered":"https:\/\/corrientesdetarde.com\/?p=94232"},"modified":"2023-10-10T20:29:56","modified_gmt":"2023-10-10T23:29:56","slug":"evo-morales-apoyo-el-ataque-terrorista-de-hamas-contra-israel","status":"publish","type":"post","link":"https:\/\/corrientesdetarde.com\/index.php\/internacionales\/evo-morales-apoyo-el-ataque-terrorista-de-hamas-contra-israel\/","title":{"rendered":"Evo Morales apoy\u00f3 el ataque terrorista de Ham\u00e1s contra Israel"},"content":{"rendered":"\n<p>El ex presidente boliviano apunt\u00f3 contra el actual presidente de su pa\u00eds por un comunicado que emiti\u00f3.<\/p>\n\n\n\n<p>El ex presidente de Bolivia\u00a0<strong>Evo Morales apoy\u00f3\u00a0el ataque terrorista del grupo Ham\u00e1s en Israel, al tiempo que tild\u00f3 de \u201cparcializado\u201d el comunicado que emiti\u00f3 el Gobierno de Luis Arce por no tomar su misma postura.\u00a0<\/strong><\/p>\n\n\n\n<p><strong>\u201cLa Canciller\u00eda (boliviana) sac\u00f3 una nota, pero parcializada\u201d<\/strong>, expres\u00f3 en una entrevista radial con un fuerte cuestionamiento al presidente del Movimiento al Socialismo (MAS), ya que sostuvo que el texto es una muestra m\u00e1s \u201cde la derechizaci\u00f3n\u201d de su gobierno.<\/p>\n\n\n\n<p>\u201cI<strong>srael es el par de Estados Unidos, intervencionista, expansionista\u201d, declar\u00f3 Morales, quien sostuvo que \u201cdefender eso es inaceptable\u201d<\/strong>.<\/p>\n\n\n\n<p>\u201c<strong>Nuestra solidaridad, nuestro repudio y condena a esa clase de intervenci\u00f3n y de declarar la guerra al pueblo palestino<\/strong>\u201d, agreg\u00f3.<\/p>\n\n\n\n<p>Y sum\u00f3: \u201cNo es posible que un Gobierno de la revoluci\u00f3n democr\u00e1tica y cultural emita un documento parcializado (en el que) no hay una defensa a Palestina\u201d.<\/p>\n\n\n\n<p>En la red social X, antes Twitter, hab\u00eda se\u00f1alado: &#8220;No es posible que un gobierno de la Revoluci\u00f3n Democr\u00e1tica y Cultural defienda la pol\u00edtica invasionista y expansionista de #Israel. No asumir la defensa del hermano pueblo de #Palestina es prueba de la derechizaci\u00f3n. Cuando un pueblo defiende su soberan\u00eda lo llaman terrorista. Pero cuando #EEUU financia guerras, invasiones armadas, golpes de Estado y magnicidios hablan de democracia&#8221;<\/p>\n","protected":false},"excerpt":{"rendered":"<p>El ex presidente boliviano apunt\u00f3 contra el actual presidente de su pa\u00eds por un comunicado que emiti\u00f3. El ex presidente de Bolivia\u00a0Evo Morales apoy\u00f3\u00a0el ataque terrorista del grupo Ham\u00e1s en&hellip; <\/p>\n","protected":false},"author":4,"featured_media":94240,"comment_status":"closed","ping_status":"open","sticky":false,"template":"","format":"standard","meta":{"footnotes":""},"categories":[11],"tags":[],"class_list":["post-94232","post","type-post","status-publish","format-standard","has-post-thumbnail","hentry","category-internacionales"],"_links":{"self":[{"href":"https:\/\/corrientesdetarde.com\/index.php\/wp-json\/wp\/v2\/posts\/94232","targetHints":{"allow":["GET"]}}],"collection":[{"href":"https:\/\/corrientesdetarde.com\/index.php\/wp-json\/wp\/v2\/posts"}],"about":[{"href":"https:\/\/corrientesdetarde.com\/index.php\/wp-json\/wp\/v2\/types\/post"}],"author":[{"embeddable":true,"href":"https:\/\/corrientesdetarde.com\/index.php\/wp-json\/wp\/v2\/users\/4"}],"replies":[{"embeddable":true,"href":"https:\/\/corrientesdetarde.com\/index.php\/wp-json\/wp\/v2\/comments?post=94232"}],"version-history":[{"count":1,"href":"https:\/\/corrientesdetarde.com\/index.php\/wp-json\/wp\/v2\/posts\/94232\/revisions"}],"predecessor-version":[{"id":94241,"href":"https:\/\/corrientesdetarde.com\/index.php\/wp-json\/wp\/v2\/posts\/94232\/revisions\/94241"}],"wp:featuredmedia":[{"embeddable":true,"href":"https:\/\/corrientesdetarde.com\/index.php\/wp-json\/wp\/v2\/media\/94240"}],"wp:attachment":[{"href":"https:\/\/corrientesdetarde.com\/index.php\/wp-json\/wp\/v2\/media?parent=94232"}],"wp:term":[{"taxonomy":"category","embeddable":true,"href":"https:\/\/corrientesdetarde.com\/index.php\/wp-json\/wp\/v2\/categories?post=94232"},{"taxonomy":"post_tag","embeddable":true,"href":"https:\/\/corrientesdetarde.com\/index.php\/wp-json\/wp\/v2\/tags?post=94232"}],"curies":[{"name":"wp","href":"https:\/\/api.w.org\/{rel}","templated":true}]}}