{"id":94243,"date":"2023-10-10T20:34:54","date_gmt":"2023-10-10T23:34:54","guid":{"rendered":"https:\/\/corrientesdetarde.com\/?p=94243"},"modified":"2023-10-10T20:35:05","modified_gmt":"2023-10-10T23:35:05","slug":"eeuu-la-policia-fusilo-a-un-conductor-que-embistio-con-su-auto-el-consulado-chino-en-san-francisco","status":"publish","type":"post","link":"https:\/\/corrientesdetarde.com\/index.php\/internacionales\/eeuu-la-policia-fusilo-a-un-conductor-que-embistio-con-su-auto-el-consulado-chino-en-san-francisco\/","title":{"rendered":"EEUU: la Polic\u00eda fusil\u00f3 a un conductor que embisti\u00f3 con su auto el consulado chino en San Francisco"},"content":{"rendered":"\n<p>Los detalles oficiales del incidente eran vagos pero China ya reaccion\u00f3 ante el hecho.<\/p>\n\n\n\n<p><strong>Agentes de polic\u00eda&nbsp;mataron a tiros al conductor de un veh\u00edculo que atraves\u00f3 el&nbsp;consulado chino en San Francisco y entr\u00f3 en el vest\u00edbulo de la&nbsp;<\/strong><strong>oficina de visas<\/strong>&nbsp;del edificio.<\/p>\n\n\n\n<p>La Polic\u00eda de la ciudad solo inform\u00f3 del hecho de sangre cuando&nbsp;a\u00fan<strong>&nbsp;los detalles oficiales del incidente eran vagos<\/strong>, precis\u00f3 la&nbsp;agencia de noticias Reuters.<\/p>\n\n\n\n<p>La Polic\u00eda dijo que&nbsp;<strong>a\u00fan no se conoc\u00eda la identidad del&nbsp;automovilista ni lo que precipit\u00f3 el accidente<\/strong>; tampoco mencion\u00f3&nbsp;que el hecho haya provocado m\u00e1s heridos.<\/p>\n\n\n\n<p><strong>&#8220;No s\u00e9 cu\u00e1ntas personas hab\u00eda dentro de la oficina de visas en&nbsp;el momento de la colisi\u00f3n&#8221;<\/strong>, inform\u00f3 a los periodistas la portavoz&nbsp;del&nbsp; Departamento de Polic\u00eda de San Francisco, Kathryn Winters, en&nbsp;una conferencia de prensa horas despu\u00e9s.<\/p>\n\n\n\n<p>Winters se explay\u00f3:<strong>&nbsp;&#8220;Cuando los agentes llegaron al lugar,&nbsp;encontraron que el veh\u00edculo se hab\u00eda detenido dentro del vest\u00edbulo&nbsp;del consulado chino. Los agentes entraron, se pusieron en contacto&nbsp;con el sospechoso y se produjo un tiroteo en el que intervinieron&nbsp;los agentes&#8221;.<\/strong><\/p>\n\n\n\n<p><strong>&#8220;El sospechoso fue declarado posteriormente fallecido en el&nbsp;hospital. Se trata de una investigaci\u00f3n abierta y activa&#8221;,<\/strong>&nbsp;abund\u00f3.<\/p>\n\n\n\n<p>La Polic\u00eda estaba coordinando con investigadores del&nbsp;Departamento de Estado de EE.UU.y a\u00f1adi\u00f3:<strong>&nbsp;&#8220;Hay muy poca&nbsp;informaci\u00f3n que podamos dar en este momento&#8221;.<\/strong><\/p>\n\n\n\n<p>Una estaci\u00f3n de televisi\u00f3n afiliada a ABC en San Francisco&nbsp;inform\u00f3 que sus equipos de noticias observaron c\u00f3mo<strong>&nbsp;sacaban a un&nbsp;hombre&nbsp; cubierto de sangre del lugar en una camilla y lo llevaban a&nbsp;una ambulancia.<\/strong><\/p>\n\n\n\n<h2 class=\"wp-block-heading\"><br>Reacci\u00f3n china<\/h2>\n\n\n\n<p><strong>La oficina diplom\u00e1tica china en San Francisco emiti\u00f3 un&nbsp;comunicado diciendo que &#8220;una persona no identificada entr\u00f3&nbsp;violentamente en la sala de documentos del consulado, lo que&nbsp;representa una grave amenaza para la seguridad del personal y de&nbsp;las personas en el lugar, y caus\u00f3&nbsp; graves da\u00f1os a las instalaciones&nbsp;y la propiedad&#8221;.<\/strong><\/p>\n\n\n\n<p><strong>El consulado continu\u00f3 diciendo que &#8220;condena en\u00e9rgicamente este&nbsp;ataque violento<\/strong>&nbsp;y se reserva el derecho de exigir&nbsp;responsabilidades por el incidente&#8221;.<\/p>\n\n\n\n<p>Un portavoz del Ministerio de Asuntos Exteriores de China&nbsp;coment\u00f3 que&nbsp;<strong>el individuo entr\u00f3 violentamente en el vest\u00edbulo del&nbsp;Consulado General de China &#8220;en un intento de matar a las personas&nbsp;en el lugar y al personal&#8221;.<\/strong><\/p>\n\n\n\n<p><strong>&#8220;China insta firmemente a Estados Unidos a llevar a cabo una&nbsp;pronta investigaci\u00f3n&#8221; y tomar medidas efectivas para garantizar la&nbsp;seguridad de las instituciones y el personal diplom\u00e1ticos chinos,&nbsp;expres\u00f3 Wang Wenbin<\/strong>&nbsp;durante una conferencia de prensa regular el&nbsp;martes.<\/p>\n\n\n\n<p><strong>El consulado anunci\u00f3 que cerrar\u00eda temporalmente su sala de&nbsp;certificados consulares a partir del 10 de octubre<\/strong>, en un&nbsp;comunicado publicado en su cuenta de WeChat.&nbsp;A\u00f1adi\u00f3 que informar\u00eda al p\u00fablico cu\u00e1ndo se reanudar\u00e1n los&nbsp;servicios.<\/p>\n\n\n\n<h2 class=\"wp-block-heading\">El silencio del Departamento de Estado<\/h2>\n\n\n\n<p><strong>&nbsp;El Departamento de Estado no respondi\u00f3 de inmediato a una&nbsp;solicitud<\/strong>&nbsp;de Reuters de comentarios sobre el incidente.<\/p>\n","protected":false},"excerpt":{"rendered":"<p>Los detalles oficiales del incidente eran vagos pero China ya reaccion\u00f3 ante el hecho. Agentes de polic\u00eda&nbsp;mataron a tiros al conductor de un veh\u00edculo que atraves\u00f3 el&nbsp;consulado chino en San&hellip; <\/p>\n","protected":false},"author":4,"featured_media":94244,"comment_status":"closed","ping_status":"open","sticky":false,"template":"","format":"standard","meta":{"footnotes":""},"categories":[11],"tags":[],"class_list":["post-94243","post","type-post","status-publish","format-standard","has-post-thumbnail","hentry","category-internacionales"],"_links":{"self":[{"href":"https:\/\/corrientesdetarde.com\/index.php\/wp-json\/wp\/v2\/posts\/94243","targetHints":{"allow":["GET"]}}],"collection":[{"href":"https:\/\/corrientesdetarde.com\/index.php\/wp-json\/wp\/v2\/posts"}],"about":[{"href":"https:\/\/corrientesdetarde.com\/index.php\/wp-json\/wp\/v2\/types\/post"}],"author":[{"embeddable":true,"href":"https:\/\/corrientesdetarde.com\/index.php\/wp-json\/wp\/v2\/users\/4"}],"replies":[{"embeddable":true,"href":"https:\/\/corrientesdetarde.com\/index.php\/wp-json\/wp\/v2\/comments?post=94243"}],"version-history":[{"count":1,"href":"https:\/\/corrientesdetarde.com\/index.php\/wp-json\/wp\/v2\/posts\/94243\/revisions"}],"predecessor-version":[{"id":94245,"href":"https:\/\/corrientesdetarde.com\/index.php\/wp-json\/wp\/v2\/posts\/94243\/revisions\/94245"}],"wp:featuredmedia":[{"embeddable":true,"href":"https:\/\/corrientesdetarde.com\/index.php\/wp-json\/wp\/v2\/media\/94244"}],"wp:attachment":[{"href":"https:\/\/corrientesdetarde.com\/index.php\/wp-json\/wp\/v2\/media?parent=94243"}],"wp:term":[{"taxonomy":"category","embeddable":true,"href":"https:\/\/corrientesdetarde.com\/index.php\/wp-json\/wp\/v2\/categories?post=94243"},{"taxonomy":"post_tag","embeddable":true,"href":"https:\/\/corrientesdetarde.com\/index.php\/wp-json\/wp\/v2\/tags?post=94243"}],"curies":[{"name":"wp","href":"https:\/\/api.w.org\/{rel}","templated":true}]}}