{"id":94255,"date":"2023-10-10T21:06:53","date_gmt":"2023-10-11T00:06:53","guid":{"rendered":"https:\/\/corrientesdetarde.com\/?p=94255"},"modified":"2023-10-10T21:07:04","modified_gmt":"2023-10-11T00:07:04","slug":"massa-contra-los-cueveros-por-la-suba-del-dolar-hasta-que-no-los-vea-presos-no-paro","status":"publish","type":"post","link":"https:\/\/corrientesdetarde.com\/index.php\/economia\/massa-contra-los-cueveros-por-la-suba-del-dolar-hasta-que-no-los-vea-presos-no-paro\/","title":{"rendered":"Massa contra los cueveros por la suba del d\u00f3lar: &#8220;Hasta que no los vea presos, no paro&#8221;"},"content":{"rendered":"\n<p>&#8220;La Argentina necesita que vayan presos los que especulan\u00a0con el ahorro de la gente y el patrimonio de las empresas&#8221;, enfatiz\u00f3 el ministro-candidato ante empresarios.<\/p>\n\n\n\n<p>El ministro de Econom\u00eda,\u00a0<strong>Sergio Massa, lanz\u00f3 hoy una dura advertencias a<\/strong>\u00a0quienes operan\u00a0<strong>en\u00a0forma ilegal en el mercado cambiario<\/strong>, y les advirti\u00f3 que &#8220;<strong>hasta que no los vea presos, no paro.<\/strong>\u00a0Me voy a ocupar de que vayan en\u00a0cana&#8221;.<br><br>Ocurri\u00f3 tras una jornada de alta tensi\u00f3n, en la que el d\u00f3lar\u00a0blue lleg\u00f3 a $1.050, para sobre el final bajar 40 pesos y cerrar\u00a0en $1.010.<\/p>\n\n\n\n<p>En un encuentro con empresarios, Massa dijo que ir\u00e1 con todo el&nbsp;peso de la ley sobre quienes mueven el mercado ilegal.&nbsp;<\/p>\n\n\n\n<p>&#8220;Lo que les quiero decir es que de la misma manera que lo tuve&nbsp;con las primarias, tengo claro qui\u00e9nes son esos 4 o 5 vivos que&nbsp;est\u00e1n jugando al arbitraje. Me voy a ocupar, esta vez &#8211;<strong>la vez&nbsp;pasada se me escap\u00f3 a Uruguay el jefe-, esta vez me voy a ocupar&nbsp;de que no se escape y vaya a cana&#8221;<\/strong>, lanz\u00f3 Massa.<\/p>\n\n\n\n<p>Dijo creer que, &#8220;alguna vez en la Argentina, el que especula&nbsp;con el ahorro de la gente, y el que opera sobre los arbitrajes y&nbsp;genera ganancias ilegales extraordinarias, tiene que ir preso&#8221;.&nbsp;<\/p>\n\n\n\n<p>&#8220;Creo que&nbsp;<strong>la Argentina necesita algunos presos que especulan&nbsp;con el ahorro de la gente y el patrimonio de las empresas<\/strong>, y creo&nbsp;que es tiempo de ponerle el l\u00edmite&#8221;, sostuvo Massa, cuando faltan&nbsp;menos de dos semanas para las elecciones en las que va como&nbsp;candidato presidencial de Uni\u00f3n por la Patria.<\/p>\n\n\n\n<p>Ante los empresarios de la C\u00e1mara de Comercio, consider\u00f3 que&nbsp;&#8220;desde la pol\u00edtica hay que ponerles el l\u00edmite a los&nbsp;irresponsables, y con el poder del Estado hay que ponerle el&nbsp;l\u00edmite a los delincuentes que juegan con el patrimonio y el ahorro&nbsp;de la gente&#8221;.<\/p>\n\n\n\n<p>&#8220;Y yo puedo<strong>&nbsp;ganar o perder una elecci\u00f3n, porque eso es&nbsp;secundario,<\/strong>&nbsp;pero tengan la plena seguridad de que de ac\u00e1 al 10 de&nbsp;diciembre me voy a ocupar de ver a esos 4 o 5 p\u00edcaros en cana&#8221;.<\/p>\n\n\n\n<p>E insisti\u00f3: &#8220;Se los digo para que despu\u00e9s no empecemos con que&nbsp;se ataca al mercado, o las libertades. Hasta que no los vea&nbsp;presos,&nbsp;no&nbsp;paro&#8221;.<\/p>\n","protected":false},"excerpt":{"rendered":"<p>&#8220;La Argentina necesita que vayan presos los que especulan\u00a0con el ahorro de la gente y el patrimonio de las empresas&#8221;, enfatiz\u00f3 el ministro-candidato ante empresarios. El ministro de Econom\u00eda,\u00a0Sergio Massa,&hellip; <\/p>\n","protected":false},"author":4,"featured_media":94256,"comment_status":"closed","ping_status":"open","sticky":false,"template":"","format":"standard","meta":{"footnotes":""},"categories":[20],"tags":[],"class_list":["post-94255","post","type-post","status-publish","format-standard","has-post-thumbnail","hentry","category-economia"],"_links":{"self":[{"href":"https:\/\/corrientesdetarde.com\/index.php\/wp-json\/wp\/v2\/posts\/94255","targetHints":{"allow":["GET"]}}],"collection":[{"href":"https:\/\/corrientesdetarde.com\/index.php\/wp-json\/wp\/v2\/posts"}],"about":[{"href":"https:\/\/corrientesdetarde.com\/index.php\/wp-json\/wp\/v2\/types\/post"}],"author":[{"embeddable":true,"href":"https:\/\/corrientesdetarde.com\/index.php\/wp-json\/wp\/v2\/users\/4"}],"replies":[{"embeddable":true,"href":"https:\/\/corrientesdetarde.com\/index.php\/wp-json\/wp\/v2\/comments?post=94255"}],"version-history":[{"count":1,"href":"https:\/\/corrientesdetarde.com\/index.php\/wp-json\/wp\/v2\/posts\/94255\/revisions"}],"predecessor-version":[{"id":94257,"href":"https:\/\/corrientesdetarde.com\/index.php\/wp-json\/wp\/v2\/posts\/94255\/revisions\/94257"}],"wp:featuredmedia":[{"embeddable":true,"href":"https:\/\/corrientesdetarde.com\/index.php\/wp-json\/wp\/v2\/media\/94256"}],"wp:attachment":[{"href":"https:\/\/corrientesdetarde.com\/index.php\/wp-json\/wp\/v2\/media?parent=94255"}],"wp:term":[{"taxonomy":"category","embeddable":true,"href":"https:\/\/corrientesdetarde.com\/index.php\/wp-json\/wp\/v2\/categories?post=94255"},{"taxonomy":"post_tag","embeddable":true,"href":"https:\/\/corrientesdetarde.com\/index.php\/wp-json\/wp\/v2\/tags?post=94255"}],"curies":[{"name":"wp","href":"https:\/\/api.w.org\/{rel}","templated":true}]}}