{"id":94258,"date":"2023-10-10T21:58:15","date_gmt":"2023-10-11T00:58:15","guid":{"rendered":"https:\/\/corrientesdetarde.com\/?p=94258"},"modified":"2023-10-10T21:58:17","modified_gmt":"2023-10-11T00:58:17","slug":"fuego-cruzado-entre-israel-y-hezbola-en-la-frontera-con-libano","status":"publish","type":"post","link":"https:\/\/corrientesdetarde.com\/index.php\/internacionales\/fuego-cruzado-entre-israel-y-hezbola-en-la-frontera-con-libano\/","title":{"rendered":"Fuego cruzado entre Israel y Hezbol\u00e1 en la frontera con L\u00edbano"},"content":{"rendered":"\n<p>Se trata de la mayor escalada b\u00e9lica en la zona desde 2006 y se incrementaba la tensi\u00f3n tras el cruento ataque de Ham\u00e1s en territorio hebreo, y la respuesta de Jerusal\u00e9n sobre Gaza.<\/p>\n\n\n\n<p><strong>El grupo liban\u00e9s Hezbol\u00e1 dispar\u00f3 el martes un misil guiado contra un veh\u00edculo militar israel\u00ed<\/strong>, dijeron fuentes en el L\u00edbano, e&nbsp;<strong>Israel respondi\u00f3 atacando un puesto de observaci\u00f3n perteneciente a la organizaci\u00f3n<\/strong>&nbsp;respaldada por Ir\u00e1n, en el tercer d\u00eda de violencia en la frontera.<\/p>\n\n\n\n<p>Las escaramuzas, provocadas por la guerra entre Israel y militantes palestinos, marca la escalada m\u00e1s grave a lo largo de la frontera libanesa-israel\u00ed desde el conflicto de 2006 entre Hezbol\u00e1 e Israel.<\/p>\n\n\n\n<p>El Ej\u00e9rcito israel\u00ed indic\u00f3 que no se reportaron heridos en el ataque del martes por parte de Hezbol\u00e1, tres de cuyos combatientes murieron el lunes en un bombardeo israel\u00ed contra el L\u00edbano.<\/p>\n\n\n\n<p>El martes tambi\u00e9n se lanzaron una ronda de cohetes desde el L\u00edbano hacia Israel, en un ataque que, seg\u00fan una fuente de seguridad libanesa, fue llevado a cabo por facciones palestinas. No hubo ninguna atribuci\u00f3n de responsabilidad inmediata.<\/p>\n\n\n\n<p><strong>El Ej\u00e9rcito israel\u00ed se\u00f1al\u00f3 que respondi\u00f3 con fuego de artiller\u00eda a los asaltos procedentes del territorio liban\u00e9s<\/strong>. A\u00f1adi\u00f3 que se lanzaron unos 15 cohetes desde el L\u00edbano, de los cuales cuatro fueron interceptados y 10 cayeron en espacios abiertos.<\/p>\n\n\n\n<p><strong>Un total de seis combatientes murieron en los eventos de violencia del lunes, el d\u00eda m\u00e1s mort\u00edfero en la frontera desde la guerra de 2006.<\/strong>&nbsp;Los enfrentamientos comenzaron cuando el grupo Yihad Isl\u00e1mica Palestina organiz\u00f3 un ataque transfronterizo hacia Israel, donde las fuerzas israel\u00edes mataron a dos de sus hombres armados. Tambi\u00e9n muri\u00f3 un oficial israel\u00ed.<\/p>\n\n\n\n<p>La fuerza interina de paz de las Naciones Unidas en el sur, conocida como FPNUL, dijo que detect\u00f3 el lanzamiento de un cohete al sur de Tiro alrededor de las 5:30 pm hora local e inst\u00f3 a todas las partes a la moderaci\u00f3n.<\/p>\n\n\n\n<p>Su portavoz dijo que las unidades de la FPNUL fueron enviadas a refugios subterr\u00e1neos en el \u00e1rea desde donde se lanzaron los cohetes.<\/p>\n\n\n\n<p>La coordinadora especial de la ONU para el L\u00edbano, Joanna Wronecka, dijo que se reuni\u00f3 el martes con el ministro interino de Asuntos Exteriores del L\u00edbano, Abdallah Bouhabib, el jefe de su ej\u00e9rcito, Joseph Aoun, y el jefe interino de Seguridad General, Elias Bayssari.<\/p>\n\n\n\n<p><strong>&#8220;Durante este momento dif\u00edcil de incertidumbre para el pa\u00eds, m\u00e1s que nunca, el pueblo de El L\u00edbano necesita seguridad y estabilidad&#8221;,<\/strong>&nbsp;escribi\u00f3 en la plataforma de redes sociales X.<\/p>\n\n\n\n<p>Hezbol\u00e1, fundado por la Guardia Revolucionaria de Ir\u00e1n en 1982, tiene estrechos v\u00ednculos con los grupos palestinos que luchan contra Israel.<\/p>\n\n\n\n<p>El poderoso grupo liban\u00e9s ha expresado su apoyo a los palestinos, diciendo que sus &#8220;armas y cohetes&#8221; est\u00e1n con ellos. El domingo, Hezbol\u00e1 dispar\u00f3 contra tres posiciones israel\u00edes en las disputadas Granjas de Shebaa a lo largo de la frontera y dos puestos militares m\u00e1s en Israel el lunes.<\/p>\n","protected":false},"excerpt":{"rendered":"<p>Se trata de la mayor escalada b\u00e9lica en la zona desde 2006 y se incrementaba la tensi\u00f3n tras el cruento ataque de Ham\u00e1s en territorio hebreo, y la respuesta de&hellip; <\/p>\n","protected":false},"author":4,"featured_media":94260,"comment_status":"closed","ping_status":"open","sticky":false,"template":"","format":"standard","meta":{"footnotes":""},"categories":[11],"tags":[],"class_list":["post-94258","post","type-post","status-publish","format-standard","has-post-thumbnail","hentry","category-internacionales"],"_links":{"self":[{"href":"https:\/\/corrientesdetarde.com\/index.php\/wp-json\/wp\/v2\/posts\/94258","targetHints":{"allow":["GET"]}}],"collection":[{"href":"https:\/\/corrientesdetarde.com\/index.php\/wp-json\/wp\/v2\/posts"}],"about":[{"href":"https:\/\/corrientesdetarde.com\/index.php\/wp-json\/wp\/v2\/types\/post"}],"author":[{"embeddable":true,"href":"https:\/\/corrientesdetarde.com\/index.php\/wp-json\/wp\/v2\/users\/4"}],"replies":[{"embeddable":true,"href":"https:\/\/corrientesdetarde.com\/index.php\/wp-json\/wp\/v2\/comments?post=94258"}],"version-history":[{"count":1,"href":"https:\/\/corrientesdetarde.com\/index.php\/wp-json\/wp\/v2\/posts\/94258\/revisions"}],"predecessor-version":[{"id":94268,"href":"https:\/\/corrientesdetarde.com\/index.php\/wp-json\/wp\/v2\/posts\/94258\/revisions\/94268"}],"wp:featuredmedia":[{"embeddable":true,"href":"https:\/\/corrientesdetarde.com\/index.php\/wp-json\/wp\/v2\/media\/94260"}],"wp:attachment":[{"href":"https:\/\/corrientesdetarde.com\/index.php\/wp-json\/wp\/v2\/media?parent=94258"}],"wp:term":[{"taxonomy":"category","embeddable":true,"href":"https:\/\/corrientesdetarde.com\/index.php\/wp-json\/wp\/v2\/categories?post=94258"},{"taxonomy":"post_tag","embeddable":true,"href":"https:\/\/corrientesdetarde.com\/index.php\/wp-json\/wp\/v2\/tags?post=94258"}],"curies":[{"name":"wp","href":"https:\/\/api.w.org\/{rel}","templated":true}]}}