{"id":94300,"date":"2023-10-11T00:00:02","date_gmt":"2023-10-11T03:00:02","guid":{"rendered":"https:\/\/corrientesdetarde.com\/?p=94300"},"modified":"2023-10-11T00:00:05","modified_gmt":"2023-10-11T03:00:05","slug":"la-seleccion-ya-tiene-los-dias-horarios-y-sedes-para-los-clasicos-ante-brasil-y-uruguay-por-eliminatorias","status":"publish","type":"post","link":"https:\/\/corrientesdetarde.com\/index.php\/deportes\/la-seleccion-ya-tiene-los-dias-horarios-y-sedes-para-los-clasicos-ante-brasil-y-uruguay-por-eliminatorias\/","title":{"rendered":"La Selecci\u00f3n ya tiene los d\u00edas, horarios y sedes para los cl\u00e1sicos ante Brasil y Uruguay por Eliminatorias"},"content":{"rendered":"\n<p>La &#8220;Scaloneta&#8221; tendr\u00e1 las \u00faltimas dos jornadas del a\u00f1o en noviembre. Ser\u00e1n encuentros claves ante el equipo de Marcelo Bielsa en el Monumental y luego con Brasil en el Maracan\u00e1.<\/p>\n\n\n\n<p><strong>La Conmebol anunci\u00f3 este martes la programaci\u00f3n de la quinta y sexta fecha de las Eliminatorias Sudamericanas,\u00a0<\/strong>venta internacional que se disputar\u00e1 durante noviembre y en la que la\u00a0<strong>Selecci\u00f3n argentina\u00a0recibir\u00e1 a Uruguay y luego visitar\u00e1 a Brasil<\/strong>.<\/p>\n\n\n\n<p>El equipo de Lionel Scaloni&nbsp;<strong>ser\u00e1 anfitri\u00f3n de la selecci\u00f3n de Uruguay&nbsp;de Marcelo Bielsa el jueves 16 de noviembre, desde las 21, en el estadio Monumental,&nbsp;<\/strong>en lo que ser\u00e1 un compromiso de atractivo, por la rivalidad rioplatense.<\/p>\n\n\n\n<p>Cinco d\u00edas m\u00b4sa tarde,&nbsp;<strong>el martes 21, a partir de las 21.30, la Selecci\u00f3n argentina volver\u00e1 a pisar el m\u00edtico estadio Maracan\u00e1 despu\u00e9s de haber levantado la Copa Am\u00e9rica 2021.&nbsp;<\/strong>En esta ocasi\u00f3n ser\u00e1 para cerrar la competencia 2023 ante Brasil por la sexta fecha de las Eliminatorias.<\/p>\n\n\n\n<p>Luego de estas jornadas habr\u00e1 un parate importante por el certamen clasificatorio, ya que en junio de 2024 se disputar\u00e1 la Copa Am\u00e9rica en Estados Unidos, por lo que las Eliminatorias rumbo al Mundial 2026 se reanudar\u00e1n para&nbsp;<strong>mediados de septiembre.<\/strong><\/p>\n\n\n\n<p>Aunque los hinchas ya palpitan lo que ser\u00e1 la doble jornada de cl\u00e1sicos,&nbsp;el campe\u00f3n del mundo todav\u00eda debe disputar la tercera y cuarta fecha para la Copa del Mundo de Estados Unidos, M\u00e9xico y Canad\u00e1 2026: e<strong>ste jueves, a las 20, jugar\u00e1 ante Paraguay en N\u00fa\u00f1ez y el martes que viene, a las 23, har\u00e1 lo propio con Per\u00fa en Lima<\/strong>.<\/p>\n\n\n\n<p>Argentina viene de ganar sus primeros dos compromisos:&nbsp;<strong>1-0 a Ecuador en el estadio de River y 3-0 a Bolivia en La Paz.<\/strong><\/p>\n\n\n\n<h2 class=\"wp-block-heading\">El siguiente es el fixture de la Selecci\u00f3n argentina en las Eliminatorias para 2023:<\/h2>\n\n\n\n<p>Fecha 3:&nbsp;<strong>Argentina &#8211; Paraguay (<\/strong>jueves 12 de octubre a las 20 en el estadio Monumental).<\/p>\n\n\n\n<p>Fecha 4:&nbsp;<strong>Per\u00fa vs. Argentina<\/strong>: (martes 17 de octubre a las 23 en el estadio Nacional de Lima).<\/p>\n\n\n\n<p>Fecha 5:&nbsp;<strong>Argentina vs. Uruguay<\/strong>&nbsp;(jueves 16 de noviembre a las 21 en el estadio Monumental).<\/p>\n\n\n\n<p>Fecha 6:&nbsp;<strong>Brasil &#8211; Argentina<\/strong>&nbsp;(martes 21 de noviembre a las 21.30 en el estadio Maracan\u00e1).<\/p>\n","protected":false},"excerpt":{"rendered":"<p>La &#8220;Scaloneta&#8221; tendr\u00e1 las \u00faltimas dos jornadas del a\u00f1o en noviembre. Ser\u00e1n encuentros claves ante el equipo de Marcelo Bielsa en el Monumental y luego con Brasil en el Maracan\u00e1.&hellip; <\/p>\n","protected":false},"author":4,"featured_media":94301,"comment_status":"closed","ping_status":"open","sticky":false,"template":"","format":"standard","meta":{"footnotes":""},"categories":[4],"tags":[],"class_list":["post-94300","post","type-post","status-publish","format-standard","has-post-thumbnail","hentry","category-deportes"],"_links":{"self":[{"href":"https:\/\/corrientesdetarde.com\/index.php\/wp-json\/wp\/v2\/posts\/94300","targetHints":{"allow":["GET"]}}],"collection":[{"href":"https:\/\/corrientesdetarde.com\/index.php\/wp-json\/wp\/v2\/posts"}],"about":[{"href":"https:\/\/corrientesdetarde.com\/index.php\/wp-json\/wp\/v2\/types\/post"}],"author":[{"embeddable":true,"href":"https:\/\/corrientesdetarde.com\/index.php\/wp-json\/wp\/v2\/users\/4"}],"replies":[{"embeddable":true,"href":"https:\/\/corrientesdetarde.com\/index.php\/wp-json\/wp\/v2\/comments?post=94300"}],"version-history":[{"count":1,"href":"https:\/\/corrientesdetarde.com\/index.php\/wp-json\/wp\/v2\/posts\/94300\/revisions"}],"predecessor-version":[{"id":94302,"href":"https:\/\/corrientesdetarde.com\/index.php\/wp-json\/wp\/v2\/posts\/94300\/revisions\/94302"}],"wp:featuredmedia":[{"embeddable":true,"href":"https:\/\/corrientesdetarde.com\/index.php\/wp-json\/wp\/v2\/media\/94301"}],"wp:attachment":[{"href":"https:\/\/corrientesdetarde.com\/index.php\/wp-json\/wp\/v2\/media?parent=94300"}],"wp:term":[{"taxonomy":"category","embeddable":true,"href":"https:\/\/corrientesdetarde.com\/index.php\/wp-json\/wp\/v2\/categories?post=94300"},{"taxonomy":"post_tag","embeddable":true,"href":"https:\/\/corrientesdetarde.com\/index.php\/wp-json\/wp\/v2\/tags?post=94300"}],"curies":[{"name":"wp","href":"https:\/\/api.w.org\/{rel}","templated":true}]}}