{"id":94303,"date":"2023-10-11T00:15:28","date_gmt":"2023-10-11T03:15:28","guid":{"rendered":"https:\/\/corrientesdetarde.com\/?p=94303"},"modified":"2023-10-11T00:15:39","modified_gmt":"2023-10-11T03:15:39","slug":"eden-hazard-anuncio-su-retiro-del-futbol-profesional-a-los-32-anos","status":"publish","type":"post","link":"https:\/\/corrientesdetarde.com\/index.php\/deportes\/eden-hazard-anuncio-su-retiro-del-futbol-profesional-a-los-32-anos\/","title":{"rendered":"Eden Hazard anunci\u00f3 su retir\u00f3 del f\u00fatbol profesional a los 32 a\u00f1os"},"content":{"rendered":"\n<p>El ex capit\u00e1n de la selecci\u00f3n de B\u00e9lgica anunci\u00f3 este martes que decidi\u00f3 colgar los botines, tras haber militado en el Lille, Chelsea y Real Madrid.<\/p>\n\n\n\n<p><strong>El ex futbolista del Real Madrid y del Chelsea, Eden Hazard, anunci\u00f3 este martes su retiro del f\u00fatbol profesional a los 32 a\u00f1os,<\/strong>&nbsp;cuatro meses despu\u00e9s de dejar el club madrile\u00f1o.<\/p>\n\n\n\n<p>El ex internacional belga&nbsp;<strong>se uni\u00f3 al Real Madrid en 2019 como el fichaje r\u00e9cord de la instituci\u00f3n, pero sufri\u00f3 lesiones y tuvo problemas para asentarse en el Santiago Bernab\u00e9u durante un triste per\u00edodo de cuatro a\u00f1os.<\/strong><\/p>\n\n\n\n<p>A pesar del limitado tiempo de juego en el Madrid,<strong>&nbsp;Hazard gan\u00f3 varios trofeos, incluida la Liga de Campeones y dos t\u00edtulos de LaLiga.<\/strong><\/p>\n\n\n\n<p><strong>&#8220;Debes escucharte a ti mismo y decir basta en el momento adecuado. Despu\u00e9s de 16 a\u00f1os y m\u00e1s de 700 partidos jugados, he decidido poner fin a mi carrera como futbolista profesional&#8221;<\/strong>, dijo Hazard en un comunicado en Instagram.<\/p>\n\n\n\n<p><strong>&#8220;He podido realizar mi sue\u00f1o, he jugado y me he divertido en muchos campos de todo el mundo. Ahora es el momento de disfrutar de mis seres queridos y vivir nuevas experiencias&#8221;, agreg\u00f3.<\/strong><\/p>\n\n\n\n<p>Hazard lleg\u00f3 al Chelsea en 2012 procedente del Lille y gan\u00f3 la Europa League en 2013 y 2019 con el club londinense. Tambi\u00e9n gan\u00f3 el t\u00edtulo de la Premier League en 2015 y en 2017, as\u00ed como la Copa de la Liga y la Copa FA.<\/p>\n\n\n\n<p><strong>Debut\u00f3 con la selecci\u00f3n absoluta de B\u00e9lgica en 2008<\/strong>&nbsp;y marc\u00f3 33 goles en 126 partidos,&nbsp;<strong>liderando a los belgas hasta el tercer puesto en el Mundial de 2018<\/strong>, antes de retirarse del f\u00fatbol internacional tras su eliminaci\u00f3n en la fase de grupos del Mundial de Qatar del a\u00f1o pasado.<\/p>\n","protected":false},"excerpt":{"rendered":"<p>El ex capit\u00e1n de la selecci\u00f3n de B\u00e9lgica anunci\u00f3 este martes que decidi\u00f3 colgar los botines, tras haber militado en el Lille, Chelsea y Real Madrid. El ex futbolista del&hellip; <\/p>\n","protected":false},"author":4,"featured_media":94304,"comment_status":"closed","ping_status":"open","sticky":false,"template":"","format":"standard","meta":{"footnotes":""},"categories":[4],"tags":[],"class_list":["post-94303","post","type-post","status-publish","format-standard","has-post-thumbnail","hentry","category-deportes"],"_links":{"self":[{"href":"https:\/\/corrientesdetarde.com\/index.php\/wp-json\/wp\/v2\/posts\/94303","targetHints":{"allow":["GET"]}}],"collection":[{"href":"https:\/\/corrientesdetarde.com\/index.php\/wp-json\/wp\/v2\/posts"}],"about":[{"href":"https:\/\/corrientesdetarde.com\/index.php\/wp-json\/wp\/v2\/types\/post"}],"author":[{"embeddable":true,"href":"https:\/\/corrientesdetarde.com\/index.php\/wp-json\/wp\/v2\/users\/4"}],"replies":[{"embeddable":true,"href":"https:\/\/corrientesdetarde.com\/index.php\/wp-json\/wp\/v2\/comments?post=94303"}],"version-history":[{"count":1,"href":"https:\/\/corrientesdetarde.com\/index.php\/wp-json\/wp\/v2\/posts\/94303\/revisions"}],"predecessor-version":[{"id":94305,"href":"https:\/\/corrientesdetarde.com\/index.php\/wp-json\/wp\/v2\/posts\/94303\/revisions\/94305"}],"wp:featuredmedia":[{"embeddable":true,"href":"https:\/\/corrientesdetarde.com\/index.php\/wp-json\/wp\/v2\/media\/94304"}],"wp:attachment":[{"href":"https:\/\/corrientesdetarde.com\/index.php\/wp-json\/wp\/v2\/media?parent=94303"}],"wp:term":[{"taxonomy":"category","embeddable":true,"href":"https:\/\/corrientesdetarde.com\/index.php\/wp-json\/wp\/v2\/categories?post=94303"},{"taxonomy":"post_tag","embeddable":true,"href":"https:\/\/corrientesdetarde.com\/index.php\/wp-json\/wp\/v2\/tags?post=94303"}],"curies":[{"name":"wp","href":"https:\/\/api.w.org\/{rel}","templated":true}]}}