{"id":94306,"date":"2023-10-11T01:20:00","date_gmt":"2023-10-11T04:20:00","guid":{"rendered":"https:\/\/corrientesdetarde.com\/?p=94306"},"modified":"2023-10-11T01:20:03","modified_gmt":"2023-10-11T04:20:03","slug":"la-uefa-rechaza-el-plan-para-levantar-el-veto-a-las-selecciones-rusas-sub-17","status":"publish","type":"post","link":"https:\/\/corrientesdetarde.com\/index.php\/deportes\/la-uefa-rechaza-el-plan-para-levantar-el-veto-a-las-selecciones-rusas-sub-17\/","title":{"rendered":"La UEFA rechaza el plan para levantar el veto a las selecciones rusas sub-17"},"content":{"rendered":"\n<p>&#8220;No se pudo encontrar una soluci\u00f3n t\u00e9cnica que permitiera jugar a las selecciones rusas&#8221;, explic\u00f3 el ente regulador del f\u00fatbol de Europa.<\/p>\n\n\n\n<p><strong>La UEFA abandon\u00f3 el plan de reincorporar a las selecciones rusas sub-17 a las competiciones europeas, al anunciar este martes que no ha podido encontrar una soluci\u00f3n t\u00e9cnica que permita el regreso de los equipos.<\/strong><\/p>\n\n\n\n<p><strong>&#8220;El punto del orden del d\u00eda ha sido retirado al no haberse podido encontrar una soluci\u00f3n t\u00e9cnica que permitiera jugar a las selecciones rusas&#8221;<\/strong>, dijo la UEFA sobre el plan, al que se opon\u00edan ferozmente Ucrania y otras federaciones de f\u00fatbol.<\/p>\n\n\n\n<p>Tras l<strong>a invasi\u00f3n rusa de Ucrania en febrero de 2022<\/strong>, que Mosc\u00fa&nbsp;<strong>califica de &#8220;operaci\u00f3n militar especial&#8221;<\/strong>, la UEFA decidi\u00f3 suspender la participaci\u00f3n en sus competiciones de todos los equipos rusos, ya fueran nacionales o de clubes.<\/p>\n\n\n\n<p>Pero el organismo rector del f\u00fatbol europeo dijo el mes pasado que<strong>&nbsp;&#8220;los ni\u00f1os no deben ser castigados por acciones cuya responsabilidad recae exclusivamente en los adultos&#8221;<\/strong>&nbsp;y que los equipos sub-17 rusos ser\u00edan readmitidos en las competiciones de la UEFA &#8220;en el transcurso de esta temporada&#8221;.<\/p>\n\n\n\n<p><strong>Rusia no reaccion\u00f3 de inmediato.<\/strong>&nbsp;La Uni\u00f3n del F\u00fatbol de Rusia no respondi\u00f3 inmediatamente a la petici\u00f3n de comentarios.<\/p>\n","protected":false},"excerpt":{"rendered":"<p>&#8220;No se pudo encontrar una soluci\u00f3n t\u00e9cnica que permitiera jugar a las selecciones rusas&#8221;, explic\u00f3 el ente regulador del f\u00fatbol de Europa. La UEFA abandon\u00f3 el plan de reincorporar a&hellip; <\/p>\n","protected":false},"author":4,"featured_media":94307,"comment_status":"closed","ping_status":"open","sticky":false,"template":"","format":"standard","meta":{"footnotes":""},"categories":[4],"tags":[],"class_list":["post-94306","post","type-post","status-publish","format-standard","has-post-thumbnail","hentry","category-deportes"],"_links":{"self":[{"href":"https:\/\/corrientesdetarde.com\/index.php\/wp-json\/wp\/v2\/posts\/94306","targetHints":{"allow":["GET"]}}],"collection":[{"href":"https:\/\/corrientesdetarde.com\/index.php\/wp-json\/wp\/v2\/posts"}],"about":[{"href":"https:\/\/corrientesdetarde.com\/index.php\/wp-json\/wp\/v2\/types\/post"}],"author":[{"embeddable":true,"href":"https:\/\/corrientesdetarde.com\/index.php\/wp-json\/wp\/v2\/users\/4"}],"replies":[{"embeddable":true,"href":"https:\/\/corrientesdetarde.com\/index.php\/wp-json\/wp\/v2\/comments?post=94306"}],"version-history":[{"count":1,"href":"https:\/\/corrientesdetarde.com\/index.php\/wp-json\/wp\/v2\/posts\/94306\/revisions"}],"predecessor-version":[{"id":94308,"href":"https:\/\/corrientesdetarde.com\/index.php\/wp-json\/wp\/v2\/posts\/94306\/revisions\/94308"}],"wp:featuredmedia":[{"embeddable":true,"href":"https:\/\/corrientesdetarde.com\/index.php\/wp-json\/wp\/v2\/media\/94307"}],"wp:attachment":[{"href":"https:\/\/corrientesdetarde.com\/index.php\/wp-json\/wp\/v2\/media?parent=94306"}],"wp:term":[{"taxonomy":"category","embeddable":true,"href":"https:\/\/corrientesdetarde.com\/index.php\/wp-json\/wp\/v2\/categories?post=94306"},{"taxonomy":"post_tag","embeddable":true,"href":"https:\/\/corrientesdetarde.com\/index.php\/wp-json\/wp\/v2\/tags?post=94306"}],"curies":[{"name":"wp","href":"https:\/\/api.w.org\/{rel}","templated":true}]}}