{"id":94344,"date":"2023-10-11T09:52:35","date_gmt":"2023-10-11T12:52:35","guid":{"rendered":"https:\/\/corrientesdetarde.com\/?p=94344"},"modified":"2023-10-11T09:52:47","modified_gmt":"2023-10-11T12:52:47","slug":"condenado-por-abusar-de-su-hijastra-de-12-anos-y-embarazarla","status":"publish","type":"post","link":"https:\/\/corrientesdetarde.com\/index.php\/crimen-y-justicia\/condenado-por-abusar-de-su-hijastra-de-12-anos-y-embarazarla\/","title":{"rendered":"condenado por abusar de su hijastra de 12 a\u00f1os y embarazarla"},"content":{"rendered":"\n<p>Un hombre fue <strong>condenado <\/strong>a<em><strong> 8 a\u00f1os y seis meses<\/strong><\/em> de prisi\u00f3n por<strong> abusar sexualmente <\/strong>de su hijastra de entonces 12 a\u00f1os y embarazarla en un hecho ocurrido a mediados del a\u00f1o pasado en la localidad de Ca\u00e1 Cat\u00ed.<\/p>\n\n\n\n<p>El juicio culmin\u00f3 ayer en el Tribunal Oral Penal N2 de Corrientes compuesto por los jueces Juan Jos\u00e9 Cochia, Ariel H\u00e9ctor Gustavo Azcona y Rom\u00e1n Facundo Esquivel.<\/p>\n\n\n\n<p>En representaci\u00f3n del Ministerio P\u00fablico se desempe\u00f1\u00f3 el fiscal Gustavo Schmitt.<\/p>\n\n\n\n<p>La defensa del acusado estuvo a cargo del Dr. Richard Vallejos.<\/p>\n\n\n\n<p>De acuerdo a la investigaci\u00f3n el condenado abus\u00f3 de su hijastra de 12 a\u00f1os. Se present\u00f3 en una noche de junio del a\u00f1o pasado ante el Comisario de Ca\u00e1 Cat\u00ed y confes\u00f3 el hecho luego de una disputa con su pareja. El hombre de 42 a\u00f1os qued\u00f3 privado de su libertad de manera inmediata. &nbsp;M\u00e1s tarde, la madre de la v\u00edctima radic\u00f3 la denuncia.&nbsp;<\/p>\n","protected":false},"excerpt":{"rendered":"<p>Un hombre fue condenado a 8 a\u00f1os y seis meses de prisi\u00f3n por abusar sexualmente de su hijastra de entonces 12 a\u00f1os y embarazarla en un hecho ocurrido a mediados&hellip; <\/p>\n","protected":false},"author":1,"featured_media":94363,"comment_status":"closed","ping_status":"open","sticky":false,"template":"","format":"standard","meta":{"footnotes":""},"categories":[5],"tags":[],"class_list":["post-94344","post","type-post","status-publish","format-standard","has-post-thumbnail","hentry","category-crimen-y-justicia"],"_links":{"self":[{"href":"https:\/\/corrientesdetarde.com\/index.php\/wp-json\/wp\/v2\/posts\/94344","targetHints":{"allow":["GET"]}}],"collection":[{"href":"https:\/\/corrientesdetarde.com\/index.php\/wp-json\/wp\/v2\/posts"}],"about":[{"href":"https:\/\/corrientesdetarde.com\/index.php\/wp-json\/wp\/v2\/types\/post"}],"author":[{"embeddable":true,"href":"https:\/\/corrientesdetarde.com\/index.php\/wp-json\/wp\/v2\/users\/1"}],"replies":[{"embeddable":true,"href":"https:\/\/corrientesdetarde.com\/index.php\/wp-json\/wp\/v2\/comments?post=94344"}],"version-history":[{"count":1,"href":"https:\/\/corrientesdetarde.com\/index.php\/wp-json\/wp\/v2\/posts\/94344\/revisions"}],"predecessor-version":[{"id":94364,"href":"https:\/\/corrientesdetarde.com\/index.php\/wp-json\/wp\/v2\/posts\/94344\/revisions\/94364"}],"wp:featuredmedia":[{"embeddable":true,"href":"https:\/\/corrientesdetarde.com\/index.php\/wp-json\/wp\/v2\/media\/94363"}],"wp:attachment":[{"href":"https:\/\/corrientesdetarde.com\/index.php\/wp-json\/wp\/v2\/media?parent=94344"}],"wp:term":[{"taxonomy":"category","embeddable":true,"href":"https:\/\/corrientesdetarde.com\/index.php\/wp-json\/wp\/v2\/categories?post=94344"},{"taxonomy":"post_tag","embeddable":true,"href":"https:\/\/corrientesdetarde.com\/index.php\/wp-json\/wp\/v2\/tags?post=94344"}],"curies":[{"name":"wp","href":"https:\/\/api.w.org\/{rel}","templated":true}]}}