{"id":9437,"date":"2022-10-07T11:31:57","date_gmt":"2022-10-07T14:31:57","guid":{"rendered":"https:\/\/corrientesdetarde.com\/?p=9437"},"modified":"2022-10-07T11:32:00","modified_gmt":"2022-10-07T14:32:00","slug":"jpp-organizo-una-exitosa-jornada-de-capacitacion-como-hablar-en-publico","status":"publish","type":"post","link":"https:\/\/corrientesdetarde.com\/index.php\/sociales\/jpp-organizo-una-exitosa-jornada-de-capacitacion-como-hablar-en-publico\/","title":{"rendered":"JPP ORGANIZ\u00d3 UNA EXITOSA JORNADA DE CAPACITACI\u00d3N: \u201cC\u00d3MO HABLAR EN P\u00daBLICO\u201d"},"content":{"rendered":"\n<p>Este lunes y martes, la Juventud Popular Correntina perteneciente al Partido Popular Correntino presidido por el Dr. Pedro Braillard Poccard, organiz\u00f3 una enriquecedora jornada de oratoria a cargo de la profesora, actriz y narradora Maria Silvia Pozo.&nbsp;<\/p>\n\n\n\n<p>El curso se dict\u00f3 en la sede del PPC sito en Espa\u00f1a 1301, y estuvo organizado por la Juventud del Partido Popular Correntino&nbsp; presidido por Macarena Galarza.&nbsp; Con gran convocatoria de juventud y p\u00fablico en general, la carism\u00e1tica Maria Silvia Pozo expuso t\u00e9cnicas fundamentales para aplicar en la elaboraci\u00f3n de discursos, posturas corporales y&nbsp; material did\u00e1ctico.<\/p>\n\n\n\n<p>Los alumnos finalizaron con un certificado, habiendo aceptado el desaf\u00edo de aprender a \u00bfC\u00d3MO HABLAR EN P\u00daBLICO?<\/p>\n\n\n\n<figure class=\"wp-block-image size-full\"><img loading=\"lazy\" decoding=\"async\" width=\"940\" height=\"788\" src=\"https:\/\/corrientesdetarde.com\/wp-content\/uploads\/2022\/10\/WhatsApp-Image-2022-10-06-at-09.40.39-1.jpeg\" alt=\"\" class=\"wp-image-9442\" srcset=\"https:\/\/corrientesdetarde.com\/wp-content\/uploads\/2022\/10\/WhatsApp-Image-2022-10-06-at-09.40.39-1.jpeg 940w, https:\/\/corrientesdetarde.com\/wp-content\/uploads\/2022\/10\/WhatsApp-Image-2022-10-06-at-09.40.39-1-300x251.jpeg 300w, https:\/\/corrientesdetarde.com\/wp-content\/uploads\/2022\/10\/WhatsApp-Image-2022-10-06-at-09.40.39-1-768x644.jpeg 768w\" sizes=\"auto, (max-width: 940px) 100vw, 940px\" \/><\/figure>\n\n\n\n<figure class=\"wp-block-image size-large\"><img loading=\"lazy\" decoding=\"async\" width=\"1024\" height=\"768\" src=\"https:\/\/corrientesdetarde.com\/wp-content\/uploads\/2022\/10\/WhatsApp-Image-2022-10-06-at-09.41.29-1024x768.jpeg\" alt=\"\" class=\"wp-image-9443\" srcset=\"https:\/\/corrientesdetarde.com\/wp-content\/uploads\/2022\/10\/WhatsApp-Image-2022-10-06-at-09.41.29-1024x768.jpeg 1024w, https:\/\/corrientesdetarde.com\/wp-content\/uploads\/2022\/10\/WhatsApp-Image-2022-10-06-at-09.41.29-300x225.jpeg 300w, https:\/\/corrientesdetarde.com\/wp-content\/uploads\/2022\/10\/WhatsApp-Image-2022-10-06-at-09.41.29-768x576.jpeg 768w, https:\/\/corrientesdetarde.com\/wp-content\/uploads\/2022\/10\/WhatsApp-Image-2022-10-06-at-09.41.29-1536x1153.jpeg 1536w, https:\/\/corrientesdetarde.com\/wp-content\/uploads\/2022\/10\/WhatsApp-Image-2022-10-06-at-09.41.29.jpeg 1599w\" sizes=\"auto, (max-width: 1024px) 100vw, 1024px\" \/><\/figure>\n","protected":false},"excerpt":{"rendered":"<p>Este lunes y martes, la Juventud Popular Correntina perteneciente al Partido Popular Correntino presidido por el Dr. Pedro Braillard Poccard, organiz\u00f3 una enriquecedora jornada de oratoria a cargo de la&hellip; <\/p>\n","protected":false},"author":1,"featured_media":9441,"comment_status":"closed","ping_status":"open","sticky":false,"template":"","format":"standard","meta":{"footnotes":""},"categories":[17],"tags":[],"class_list":["post-9437","post","type-post","status-publish","format-standard","has-post-thumbnail","hentry","category-sociales"],"_links":{"self":[{"href":"https:\/\/corrientesdetarde.com\/index.php\/wp-json\/wp\/v2\/posts\/9437","targetHints":{"allow":["GET"]}}],"collection":[{"href":"https:\/\/corrientesdetarde.com\/index.php\/wp-json\/wp\/v2\/posts"}],"about":[{"href":"https:\/\/corrientesdetarde.com\/index.php\/wp-json\/wp\/v2\/types\/post"}],"author":[{"embeddable":true,"href":"https:\/\/corrientesdetarde.com\/index.php\/wp-json\/wp\/v2\/users\/1"}],"replies":[{"embeddable":true,"href":"https:\/\/corrientesdetarde.com\/index.php\/wp-json\/wp\/v2\/comments?post=9437"}],"version-history":[{"count":1,"href":"https:\/\/corrientesdetarde.com\/index.php\/wp-json\/wp\/v2\/posts\/9437\/revisions"}],"predecessor-version":[{"id":9444,"href":"https:\/\/corrientesdetarde.com\/index.php\/wp-json\/wp\/v2\/posts\/9437\/revisions\/9444"}],"wp:featuredmedia":[{"embeddable":true,"href":"https:\/\/corrientesdetarde.com\/index.php\/wp-json\/wp\/v2\/media\/9441"}],"wp:attachment":[{"href":"https:\/\/corrientesdetarde.com\/index.php\/wp-json\/wp\/v2\/media?parent=9437"}],"wp:term":[{"taxonomy":"category","embeddable":true,"href":"https:\/\/corrientesdetarde.com\/index.php\/wp-json\/wp\/v2\/categories?post=9437"},{"taxonomy":"post_tag","embeddable":true,"href":"https:\/\/corrientesdetarde.com\/index.php\/wp-json\/wp\/v2\/tags?post=9437"}],"curies":[{"name":"wp","href":"https:\/\/api.w.org\/{rel}","templated":true}]}}