{"id":94370,"date":"2023-10-11T11:34:55","date_gmt":"2023-10-11T14:34:55","guid":{"rendered":"https:\/\/corrientesdetarde.com\/?p=94370"},"modified":"2023-10-11T11:35:07","modified_gmt":"2023-10-11T14:35:07","slug":"wanda-nara-sorprendio-al-mostrar-la-cantidad-de-medicamentos-que-le-suministran-a-veces-estoy-asi","status":"publish","type":"post","link":"https:\/\/corrientesdetarde.com\/index.php\/espectaculos\/wanda-nara-sorprendio-al-mostrar-la-cantidad-de-medicamentos-que-le-suministran-a-veces-estoy-asi\/","title":{"rendered":"Wanda Nara sorprendi\u00f3 al mostrar la cantidad de medicamentos que le suministran: &#8220;A veces estoy as\u00ed&#8221;"},"content":{"rendered":"\n<p>Wanda Nara comparti\u00f3 en sus redes sociales una imagen para concientizar a sus seguidores que contin\u00faa con su tratamiento para superar su enfermedad, y que lo hace mientras sigue mostrando las maravillas de su vida.<\/p>\n\n\n\n<p>&nbsp;<br>De regreso en Argentina, Wanda exhibi\u00f3 en sus stories todos los productos de su l\u00ednea de belleza, y tambi\u00e9n lo mucho que ejercita en el gimnasio y tambi\u00e9n una merienda con su hijo Valentino y su novia, Julieta Fillol que es, ni m\u00e1s ni menos, que la nieta del m\u00edtico arquero de la Selecci\u00f3n Argentina y el River Plate, Ubaldo el Pato Filliol.<\/p>\n\n\n\n<p>&nbsp;<br>Pero adem\u00e1s de estas stories, Wanda tambi\u00e9n comparte material en su &#8220;canal directo&#8221; de Instagram y all\u00ed mostr\u00f3 una imagen de la medicaci\u00f3n que le suministraron los especialistas que la atienden, con un texto que explica por qu\u00e9 lo hizo.<\/p>\n\n\n\n<p>&#8220;Estoy bien, pero comparto porque, aunque me gusta siempre mostrar rosas, a veces estoy as\u00ed&#8221;, escribi\u00f3 Wanda, en referencia a que no deja de lado el cuidado de su salud en ning\u00fan momento, con el fin de volver a estar en \u00f3ptimo estado lo m\u00e1s pronto posible.<\/p>\n\n\n\n<figure class=\"wp-block-image\"><img decoding=\"async\" src=\"https:\/\/www.radiodos.com.ar\/content\/bucket\/7\/211697w770h1654c.jpg.webp\" alt=\"\"\/><\/figure>\n\n\n\n<p><strong>WANDA NARA FIRM\u00d3 UN CONTRATO PARA VOLVER A LA M\u00daSICA<\/strong><br>Tras su breve debut como cantante en Italia, algunos a\u00f1os atr\u00e1s, Wanda Nara se anim\u00f3 a reincidir y volver\u00e1 al ruedo nada menos que con L-Gante, ya que firm\u00f3 un jugoso contrato con la productora de quien es su mejor socio en el mercado argentino.<\/p>\n\n\n\n<p>En Bien de ma\u00f1ana mostraron el contrato que la conductora de MasterChef firm\u00f3 con Zoona Music. &#8220;Es la misma productora que maneja la carrera de L-Gante y de otros artistas de trap y la cumbia 420\u2033, cont\u00f3 Pampa M\u00f3naco.<\/p>\n\n\n\n<p>&#8220;Es un contrato tipo fernet con cola 70\/30. El 70% de lo ganado de ahora en m\u00e1s va a ser para la productora y 30% para la cantante&#8221;, detall\u00f3, mientras Fabi\u00e1n Doman y el resto de los panelistas ironizaban sobre el talento para el canto de la animadora de MasterChef.<\/p>\n","protected":false},"excerpt":{"rendered":"<p>Wanda Nara comparti\u00f3 en sus redes sociales una imagen para concientizar a sus seguidores que contin\u00faa con su tratamiento para superar su enfermedad, y que lo hace mientras sigue mostrando&hellip; <\/p>\n","protected":false},"author":1,"featured_media":94387,"comment_status":"closed","ping_status":"open","sticky":false,"template":"","format":"standard","meta":{"footnotes":""},"categories":[19],"tags":[],"class_list":["post-94370","post","type-post","status-publish","format-standard","has-post-thumbnail","hentry","category-espectaculos"],"_links":{"self":[{"href":"https:\/\/corrientesdetarde.com\/index.php\/wp-json\/wp\/v2\/posts\/94370","targetHints":{"allow":["GET"]}}],"collection":[{"href":"https:\/\/corrientesdetarde.com\/index.php\/wp-json\/wp\/v2\/posts"}],"about":[{"href":"https:\/\/corrientesdetarde.com\/index.php\/wp-json\/wp\/v2\/types\/post"}],"author":[{"embeddable":true,"href":"https:\/\/corrientesdetarde.com\/index.php\/wp-json\/wp\/v2\/users\/1"}],"replies":[{"embeddable":true,"href":"https:\/\/corrientesdetarde.com\/index.php\/wp-json\/wp\/v2\/comments?post=94370"}],"version-history":[{"count":1,"href":"https:\/\/corrientesdetarde.com\/index.php\/wp-json\/wp\/v2\/posts\/94370\/revisions"}],"predecessor-version":[{"id":94388,"href":"https:\/\/corrientesdetarde.com\/index.php\/wp-json\/wp\/v2\/posts\/94370\/revisions\/94388"}],"wp:featuredmedia":[{"embeddable":true,"href":"https:\/\/corrientesdetarde.com\/index.php\/wp-json\/wp\/v2\/media\/94387"}],"wp:attachment":[{"href":"https:\/\/corrientesdetarde.com\/index.php\/wp-json\/wp\/v2\/media?parent=94370"}],"wp:term":[{"taxonomy":"category","embeddable":true,"href":"https:\/\/corrientesdetarde.com\/index.php\/wp-json\/wp\/v2\/categories?post=94370"},{"taxonomy":"post_tag","embeddable":true,"href":"https:\/\/corrientesdetarde.com\/index.php\/wp-json\/wp\/v2\/tags?post=94370"}],"curies":[{"name":"wp","href":"https:\/\/api.w.org\/{rel}","templated":true}]}}