{"id":94371,"date":"2023-10-11T10:58:27","date_gmt":"2023-10-11T13:58:27","guid":{"rendered":"https:\/\/corrientesdetarde.com\/?p=94371"},"modified":"2023-10-11T10:58:39","modified_gmt":"2023-10-11T13:58:39","slug":"11-de-octubre-primera-publicacion-de-patoruzito","status":"publish","type":"post","link":"https:\/\/corrientesdetarde.com\/index.php\/cultura\/11-de-octubre-primera-publicacion-de-patoruzito\/","title":{"rendered":"11 de octubre: primera publicaci\u00f3n de Patoruzito"},"content":{"rendered":"\n<p>Un 11 de octubre de 1945 se publica el primer n\u00famero de la revista semanal de historietas&nbsp;<strong>Patoruzito<\/strong>&nbsp;sobre las andanzas del ni\u00f1o Patoruz\u00fa, el cacique protagonista de la revista hom\u00f3nima que se publicaba desde 1936. Las revistas&nbsp;<strong>Patoruz\u00fa<\/strong>&nbsp;y&nbsp;<strong>Patoruzito<\/strong>, creadas y editadas por el guionista y dibujante&nbsp;<strong>Dante Quinterno<\/strong>, se convirtieron en cl\u00e1sicos de la historieta argentina.<\/p>\n\n\n\n<h2 class=\"wp-block-heading\">Patoruz\u00fa<\/h2>\n\n\n\n<figure class=\"wp-block-image\"><img decoding=\"async\" src=\"https:\/\/billiken.lat\/wp-content\/uploads\/2023\/10\/image-15-1024x505.png\" alt=\"\" class=\"wp-image-64634\"\/><\/figure>\n\n\n\n<p><strong>Dante Quinterno<\/strong>&nbsp;introdujo por primera vez al futuro Patoruz\u00fa en una tira publicada en el&nbsp;<strong>Diario Cr\u00edtica<\/strong>, llamada Las aventuras de don Gil Contento, cuyo protagonista era el personaje hom\u00f3nimo. Se public\u00f3 solos dos d\u00edas y luego desapareci\u00f3. Una de las explicaciones m\u00e1s difundidas sobre esto, seg\u00fan explica la p\u00e1gina del Ministerio de cultura, tiene que ver con los derechos de autor. Pero es s\u00f3lo una versi\u00f3n.<\/p>\n\n\n\n<p>Al tiempo, Quinterno volvi\u00f3 a introducir el personaje de Patoruz\u00fa en la serie&nbsp;<strong>Juli\u00e1n de Monte P\u00edo.<\/strong>&nbsp;Este lleg\u00f3 a ser tan popular que poco despu\u00e9s la historieta pas\u00f3 a llamarse Patoruz\u00fa. El nombre original con el que naci\u00f3 este personaje era Curugua Curuguag\u00fcigua, pero era casi imposible de pronunciar y de recordar, entonces Quinterno lo rebautiz\u00f3 \u201cPatoruz\u00fa\u201d, que derivaba de una golosina de la \u00e9poca llamada Pasta de Oroz\u00fa.<\/p>\n\n\n\n<p>Patoruz\u00fa fue creado en 1928 y se convirti\u00f3 en uno de los personajes m\u00e1s importantes e influyentes de la historieta argentina. Nacido como personaje secundario en dos tiras c\u00f3micas de corta vida, el cacique Patoruz\u00fa \u2014el \u00faltimo de los tehuelches, a los que los conquistadores espa\u00f1oles hab\u00edan visto en su momento como gigantes dotados de fuerza prodigiosa\u2014 obtuvo en poco tiempo su propia historieta, que dar\u00eda origen a la revista hom\u00f3nima, uno de los grandes hitos del humor gr\u00e1fico en Argentina.<\/p>\n\n\n\n<p>El indio tra\u00eda pureza y era, a la vez, un personaje nuevo, diferente al gaucho que ya estaba mitificado y se utilizaba para hablar del tipo bueno y perseguido. A\u00fan as\u00ed, Quinterno le dio a su personaje el lenguaje gauchesco del siglo XIX.<\/p>\n\n\n\n<p>En el a\u00f1o 1936 nace el semanario cuyo primer n\u00famero estaba \u00edntegramente realizado por Quinterno, quien hab\u00eda viajado a Estados Unidos cuatro a\u00f1os antes para trabajar en los Estudios Fleischer, que eran los que produc\u00edan historietas como Popeye y Betty Boop.<\/p>\n\n\n\n<p><strong>En 1941 comenz\u00f3 a publicarse Patoruz\u00fa como tira del diario neoyorquino P. M., un peri\u00f3dico sofisticado, de izquierda, en el que escrib\u00edan personalidades como Hemingway.<\/strong>&nbsp;Era reconocido por su calidad gr\u00e1fica y porque all\u00ed colaboraban grandes artistas.&nbsp;<\/p>\n\n\n\n<h2 class=\"wp-block-heading\">Patoruzito<\/h2>\n\n\n\n<figure class=\"wp-block-image\"><img decoding=\"async\" src=\"https:\/\/billiken.lat\/wp-content\/uploads\/2023\/10\/image-14-1024x631.png\" alt=\"\" class=\"wp-image-64633\"\/><\/figure>\n\n\n\n<p>Patoruzito era la versi\u00f3n infantil de aquel personaje. Apareci\u00f3 en escena a finales de 1945, con su propia revista, orientada a un p\u00fablico paralelamente m\u00e1s joven que el de Patoruz\u00fa. Ac\u00e1 el joven tehuelche habita en su estancia patag\u00f3nica, acompa\u00f1ado de la versi\u00f3n tambi\u00e9n infantil de Isidoro.<\/p>\n\n\n\n<p>El desarrollo del personaje correspondi\u00f3 al binomio formado por el dibujante Tulio Lovato y el guionista Mirco Repetto. Vestido igual que en su versi\u00f3n adulta, Patoruzito carece de la desmesurada nariz de \u00e9ste, y comparte solo a medias su car\u00e1cter; es fuerte, arrojado y generoso, pero mucho m\u00e1s ingenioso y astuto que su contraparte.<\/p>\n\n\n\n<p>La revista Patoruzito cambi\u00f3 frecuentemente de formato y tuvo una frecuencia de salida semanal hasta la edici\u00f3n del 31 de enero de 1963, comenzando entonces aparecer mensualmente. En 1957 cambia el nombre a Correr\u00edas de un peque\u00f1o gran cacique, que en las reediciones finalmente qued\u00f3 como Correr\u00edas de Patoruzito.<\/p>\n\n\n\n<p>La publicaci\u00f3n de originales durar\u00eda hasta abril de 1977. Desde entonces, lo que sigue public\u00e1ndose son reimpresiones con sutiles cambios que continuaron con el personaje hasta la actualidad.<\/p>\n","protected":false},"excerpt":{"rendered":"<p>Un 11 de octubre de 1945 se publica el primer n\u00famero de la revista semanal de historietas&nbsp;Patoruzito&nbsp;sobre las andanzas del ni\u00f1o Patoruz\u00fa, el cacique protagonista de la revista hom\u00f3nima que&hellip; <\/p>\n","protected":false},"author":1,"featured_media":94385,"comment_status":"closed","ping_status":"open","sticky":false,"template":"","format":"standard","meta":{"footnotes":""},"categories":[15],"tags":[],"class_list":["post-94371","post","type-post","status-publish","format-standard","has-post-thumbnail","hentry","category-cultura"],"_links":{"self":[{"href":"https:\/\/corrientesdetarde.com\/index.php\/wp-json\/wp\/v2\/posts\/94371","targetHints":{"allow":["GET"]}}],"collection":[{"href":"https:\/\/corrientesdetarde.com\/index.php\/wp-json\/wp\/v2\/posts"}],"about":[{"href":"https:\/\/corrientesdetarde.com\/index.php\/wp-json\/wp\/v2\/types\/post"}],"author":[{"embeddable":true,"href":"https:\/\/corrientesdetarde.com\/index.php\/wp-json\/wp\/v2\/users\/1"}],"replies":[{"embeddable":true,"href":"https:\/\/corrientesdetarde.com\/index.php\/wp-json\/wp\/v2\/comments?post=94371"}],"version-history":[{"count":1,"href":"https:\/\/corrientesdetarde.com\/index.php\/wp-json\/wp\/v2\/posts\/94371\/revisions"}],"predecessor-version":[{"id":94386,"href":"https:\/\/corrientesdetarde.com\/index.php\/wp-json\/wp\/v2\/posts\/94371\/revisions\/94386"}],"wp:featuredmedia":[{"embeddable":true,"href":"https:\/\/corrientesdetarde.com\/index.php\/wp-json\/wp\/v2\/media\/94385"}],"wp:attachment":[{"href":"https:\/\/corrientesdetarde.com\/index.php\/wp-json\/wp\/v2\/media?parent=94371"}],"wp:term":[{"taxonomy":"category","embeddable":true,"href":"https:\/\/corrientesdetarde.com\/index.php\/wp-json\/wp\/v2\/categories?post=94371"},{"taxonomy":"post_tag","embeddable":true,"href":"https:\/\/corrientesdetarde.com\/index.php\/wp-json\/wp\/v2\/tags?post=94371"}],"curies":[{"name":"wp","href":"https:\/\/api.w.org\/{rel}","templated":true}]}}