{"id":94392,"date":"2023-10-11T14:09:50","date_gmt":"2023-10-11T17:09:50","guid":{"rendered":"https:\/\/corrientesdetarde.com\/?p=94392"},"modified":"2023-10-11T14:10:02","modified_gmt":"2023-10-11T17:10:02","slug":"al-presidir-entrega-de-notebooks-valdes-anuncio-la-construccion-de-una-escuela-tecnica-para-santa-lucia","status":"publish","type":"post","link":"https:\/\/corrientesdetarde.com\/index.php\/locales\/al-presidir-entrega-de-notebooks-valdes-anuncio-la-construccion-de-una-escuela-tecnica-para-santa-lucia\/","title":{"rendered":"Al presidir entrega de notebooks, Vald\u00e9s anunci\u00f3 la construcci\u00f3n de una escuela t\u00e9cnica para Santa Luc\u00eda"},"content":{"rendered":"\n<p>En pos de continuar fortaleciendo el sistema educativo, el gobernador Gustavo Vald\u00e9s encabez\u00f3 este mi\u00e9rcoles, la entrega de 416 notebooks del programa \u201cIncluir Futuro\u201d, a &nbsp;cuatro establecimientos educativos del Departamento de Lavalle, en un acto desarrollado en la Escuela Normal \u201cDr. Hip\u00f3lito Ernesto Baibiene&#8221; de Santa Luc\u00eda. En la oportunidad, el mandatario provincial anunci\u00f3 la licitaci\u00f3n para la construcci\u00f3n una escuela t\u00e9cnica \u201cque los prepare para el futuro\u201d, en alusi\u00f3n a los j\u00f3venes oriundos de la comuna.<\/p>\n\n\n\n<p>Cabe remarcar que este plan provincial, por el cual se provee de estos dispositivos a alumnos secundarios a lo largo y ancho de la provincia, apunta a achicar la brecha digital y brindar igualdad de oportunidades, a trav\u00e9s de la conectividad y el conocimiento. Con estas computadoras, los estudiantes podr\u00e1n acceder a todos los contenidos dise\u00f1ados desde \u201cEducaPlay\u201d, el programa de formaci\u00f3n digital disponible en la plataforma \u201cCorrientes Play\u201d, para as\u00ed complementar el proceso de ense\u00f1anza y aprendizaje en las aulas correntinas.<\/p>\n\n\n\n<p>En la ocasi\u00f3n, los establecimientos beneficiados con la entrega fueron, la misma Escuela Normal \u201cDr. Hip\u00f3lito Ernesto Baibiene\u201d (163), y los colegios secundarios de Cecilio Echeverr\u00eda (42), \u201cMaestro Daisaku Ikeda\u201d de Santa Luc\u00eda (157), y \u201cPapa Francisco\u201d de Villa C\u00f3rdoba (54).<\/p>\n\n\n\n<p><strong>Construcci\u00f3n de una escuela t\u00e9cnica<\/strong><\/p>\n\n\n\n<p>Durante su alocuci\u00f3n, el gobernador Vald\u00e9s anunci\u00f3 la licitaci\u00f3n p\u00fablica para la construcci\u00f3n de una escuela t\u00e9cnica en la ciudad de Santa Luc\u00eda, por lo que detall\u00f3 que \u201cvamos a estar invirtiendo mil millones de pesos para tener un establecimiento que los prepare para el fututo\u201d.<\/p>\n\n\n\n<p><strong>Revolucionando la forma de educar<\/strong><\/p>\n\n\n\n<p>Continuando, el mandatario destac\u00f3 la importancia de Corrientes Play, plataforma que permite ense\u00f1ar contenidos a medida de los alumnos correntinos, con las costumbres, historia, geograf\u00eda y naturaleza de la provincia. \u201cLos actores son nuestros profesores y alumnos, son contenidos \u00e1giles y divertidos, una gu\u00eda para aprender y tambi\u00e9n para ense\u00f1ar\u201d, acot\u00f3.<\/p>\n\n\n\n<p>\u201cOtra cosa importante es que todos los chicos que ingresen a la secundaria van a tener acceso a ese contenido mediante la entrega de una computadora\u201d, declar\u00f3 el gobernador, aconsejando a los alumnos que cuiden los dispositivos.<\/p>\n\n\n\n<p>En otro orden de temas, el titular del Ejecutivo agradeci\u00f3 a la titular de la instituci\u00f3n, Teresa Zurdo \u201cpor los servicios prestados\u201d, quien culmin\u00f3 su ejercicio como docente, \u201cporque en ella se representa una lucha de muchos a\u00f1os, como se da con muchos colegas\u201d, y resalt\u00f3 que \u201cpodemos hablar de tecnolog\u00eda, pero sin docentes y profesores no hacemos nada, porque son irremplazables\u201d.<\/p>\n\n\n\n<p><strong>Intendente<\/strong><\/p>\n\n\n\n<p>Por su parte, el intendente de Santa Luc\u00eda, Norberto Villordo, resalt\u00f3 que \u201cde esta manera se brinda una educaci\u00f3n con mayor calidad\u201d y agradeci\u00f3 al Gobierno Provincial \u201cpor llevar adelante este importante emprendimiento, con la entrega de estas computadoras como herramienta\u201d.<\/p>\n\n\n\n<p>Adem\u00e1s, el jefe comunal hizo entrega de un presente al gobernador Vald\u00e9s, por su colaboraci\u00f3n con la Fiesta del Agricultor.<\/p>\n\n\n\n<p><strong>Ministra L\u00f3pez<\/strong><\/p>\n\n\n\n<p>En la ocasi\u00f3n, la ministra de Educaci\u00f3n, Pr\u00e1xedes L\u00f3pez, indic\u00f3 que \u201csin la entrega de esta herramienta no ser\u00eda posible la inclusi\u00f3n educativa\u201d, y agreg\u00f3 que \u201cel Gobernador busca una educaci\u00f3n a trav\u00e9s de la innovaci\u00f3n, y les presentamos estos contenidos que van desarrollando para primero, segundo, y ahora tercer a\u00f1o\u201d.<\/p>\n\n\n\n<p>\u201cLa educaci\u00f3n se transforma con todos, con los docentes incluidos, y esto es una ventana al conocimiento, y esto solo es posible con un Estado presente, una educaci\u00f3n p\u00fablica\u201d, concluy\u00f3 L\u00f3pez.<\/p>\n\n\n\n<p><strong>Rectora<\/strong><\/p>\n\n\n\n<p>En este contexto, la rectora de la instituci\u00f3n, Teresa Zurdo, brind\u00f3 unas palabras de agradecimiento al mandatario provincial, por ser la sexta vez que visita la misma, y \u201ccada vez que viene hay una noticia buena para la escuela;&nbsp;se preocup\u00f3 por nosotros, y siempre busc\u00f3 mejorar nuestra educaci\u00f3n\u201d.&nbsp;<\/p>\n\n\n\n<p><strong>Presencias<\/strong><\/p>\n\n\n\n<p>Acompa\u00f1aron a las autoridades mencionadas, los ministros de Desarrollo Social, Ad\u00e1n Gaya; de Seguridad, Buenaventura Duarte; de Justicia, Juan Jos\u00e9 L\u00f3pez Desimoni; intendentes de localidades vecinas, senadores provinciales y nacional.<\/p>\n\n\n\n<figure class=\"wp-block-image size-large\"><img loading=\"lazy\" decoding=\"async\" width=\"1024\" height=\"683\" src=\"https:\/\/corrientesdetarde.com\/wp-content\/uploads\/2023\/10\/image-339-1024x683.png\" alt=\"\" class=\"wp-image-94393\" srcset=\"https:\/\/corrientesdetarde.com\/wp-content\/uploads\/2023\/10\/image-339-1024x683.png 1024w, https:\/\/corrientesdetarde.com\/wp-content\/uploads\/2023\/10\/image-339-300x200.png 300w, https:\/\/corrientesdetarde.com\/wp-content\/uploads\/2023\/10\/image-339-768x512.png 768w, https:\/\/corrientesdetarde.com\/wp-content\/uploads\/2023\/10\/image-339-1536x1024.png 1536w, https:\/\/corrientesdetarde.com\/wp-content\/uploads\/2023\/10\/image-339.png 1599w\" sizes=\"auto, (max-width: 1024px) 100vw, 1024px\" \/><\/figure>\n\n\n\n<figure class=\"wp-block-image size-large\"><img loading=\"lazy\" decoding=\"async\" width=\"1024\" height=\"691\" src=\"https:\/\/corrientesdetarde.com\/wp-content\/uploads\/2023\/10\/image-340-1024x691.png\" alt=\"\" class=\"wp-image-94394\" srcset=\"https:\/\/corrientesdetarde.com\/wp-content\/uploads\/2023\/10\/image-340-1024x691.png 1024w, https:\/\/corrientesdetarde.com\/wp-content\/uploads\/2023\/10\/image-340-300x202.png 300w, https:\/\/corrientesdetarde.com\/wp-content\/uploads\/2023\/10\/image-340-768x518.png 768w, https:\/\/corrientesdetarde.com\/wp-content\/uploads\/2023\/10\/image-340.png 1113w\" sizes=\"auto, (max-width: 1024px) 100vw, 1024px\" \/><\/figure>\n\n\n\n<figure class=\"wp-block-image size-large\"><img loading=\"lazy\" decoding=\"async\" width=\"1024\" height=\"683\" src=\"https:\/\/corrientesdetarde.com\/wp-content\/uploads\/2023\/10\/image-341-1024x683.png\" alt=\"\" class=\"wp-image-94395\" srcset=\"https:\/\/corrientesdetarde.com\/wp-content\/uploads\/2023\/10\/image-341-1024x683.png 1024w, https:\/\/corrientesdetarde.com\/wp-content\/uploads\/2023\/10\/image-341-300x200.png 300w, https:\/\/corrientesdetarde.com\/wp-content\/uploads\/2023\/10\/image-341-768x512.png 768w, https:\/\/corrientesdetarde.com\/wp-content\/uploads\/2023\/10\/image-341-1536x1024.png 1536w, https:\/\/corrientesdetarde.com\/wp-content\/uploads\/2023\/10\/image-341.png 1599w\" sizes=\"auto, (max-width: 1024px) 100vw, 1024px\" \/><\/figure>\n\n\n\n<figure class=\"wp-block-image size-large\"><img loading=\"lazy\" decoding=\"async\" width=\"1024\" height=\"683\" src=\"https:\/\/corrientesdetarde.com\/wp-content\/uploads\/2023\/10\/image-342-1024x683.png\" alt=\"\" class=\"wp-image-94396\" srcset=\"https:\/\/corrientesdetarde.com\/wp-content\/uploads\/2023\/10\/image-342-1024x683.png 1024w, https:\/\/corrientesdetarde.com\/wp-content\/uploads\/2023\/10\/image-342-300x200.png 300w, https:\/\/corrientesdetarde.com\/wp-content\/uploads\/2023\/10\/image-342-768x512.png 768w, https:\/\/corrientesdetarde.com\/wp-content\/uploads\/2023\/10\/image-342-1536x1024.png 1536w, https:\/\/corrientesdetarde.com\/wp-content\/uploads\/2023\/10\/image-342.png 1599w\" sizes=\"auto, (max-width: 1024px) 100vw, 1024px\" \/><\/figure>\n\n\n\n<figure class=\"wp-block-image size-large\"><img loading=\"lazy\" decoding=\"async\" width=\"1024\" height=\"694\" src=\"https:\/\/corrientesdetarde.com\/wp-content\/uploads\/2023\/10\/image-343-1024x694.png\" alt=\"\" class=\"wp-image-94397\" srcset=\"https:\/\/corrientesdetarde.com\/wp-content\/uploads\/2023\/10\/image-343-1024x694.png 1024w, https:\/\/corrientesdetarde.com\/wp-content\/uploads\/2023\/10\/image-343-300x203.png 300w, https:\/\/corrientesdetarde.com\/wp-content\/uploads\/2023\/10\/image-343-768x520.png 768w, https:\/\/corrientesdetarde.com\/wp-content\/uploads\/2023\/10\/image-343.png 1477w\" sizes=\"auto, (max-width: 1024px) 100vw, 1024px\" \/><\/figure>\n\n\n\n<figure class=\"wp-block-image size-large\"><img loading=\"lazy\" decoding=\"async\" width=\"1024\" height=\"739\" src=\"https:\/\/corrientesdetarde.com\/wp-content\/uploads\/2023\/10\/image-344-1024x739.png\" alt=\"\" class=\"wp-image-94398\" srcset=\"https:\/\/corrientesdetarde.com\/wp-content\/uploads\/2023\/10\/image-344-1024x739.png 1024w, https:\/\/corrientesdetarde.com\/wp-content\/uploads\/2023\/10\/image-344-300x216.png 300w, https:\/\/corrientesdetarde.com\/wp-content\/uploads\/2023\/10\/image-344-768x554.png 768w, https:\/\/corrientesdetarde.com\/wp-content\/uploads\/2023\/10\/image-344.png 1393w\" sizes=\"auto, (max-width: 1024px) 100vw, 1024px\" \/><\/figure>\n\n\n\n<figure class=\"wp-block-image size-large\"><img loading=\"lazy\" decoding=\"async\" width=\"1024\" height=\"683\" src=\"https:\/\/corrientesdetarde.com\/wp-content\/uploads\/2023\/10\/image-345-1024x683.png\" alt=\"\" class=\"wp-image-94399\" srcset=\"https:\/\/corrientesdetarde.com\/wp-content\/uploads\/2023\/10\/image-345-1024x683.png 1024w, https:\/\/corrientesdetarde.com\/wp-content\/uploads\/2023\/10\/image-345-300x200.png 300w, https:\/\/corrientesdetarde.com\/wp-content\/uploads\/2023\/10\/image-345-768x512.png 768w, https:\/\/corrientesdetarde.com\/wp-content\/uploads\/2023\/10\/image-345-1536x1024.png 1536w, https:\/\/corrientesdetarde.com\/wp-content\/uploads\/2023\/10\/image-345.png 1599w\" sizes=\"auto, (max-width: 1024px) 100vw, 1024px\" \/><\/figure>\n\n\n\n<figure class=\"wp-block-image size-large\"><img loading=\"lazy\" decoding=\"async\" width=\"1024\" height=\"736\" src=\"https:\/\/corrientesdetarde.com\/wp-content\/uploads\/2023\/10\/image-346-1024x736.png\" alt=\"\" class=\"wp-image-94400\" srcset=\"https:\/\/corrientesdetarde.com\/wp-content\/uploads\/2023\/10\/image-346-1024x736.png 1024w, https:\/\/corrientesdetarde.com\/wp-content\/uploads\/2023\/10\/image-346-300x216.png 300w, https:\/\/corrientesdetarde.com\/wp-content\/uploads\/2023\/10\/image-346-768x552.png 768w, https:\/\/corrientesdetarde.com\/wp-content\/uploads\/2023\/10\/image-346.png 1357w\" sizes=\"auto, (max-width: 1024px) 100vw, 1024px\" \/><\/figure>\n\n\n\n<figure class=\"wp-block-image size-large\"><img loading=\"lazy\" decoding=\"async\" width=\"1024\" height=\"782\" src=\"https:\/\/corrientesdetarde.com\/wp-content\/uploads\/2023\/10\/image-347-1024x782.png\" alt=\"\" class=\"wp-image-94401\" srcset=\"https:\/\/corrientesdetarde.com\/wp-content\/uploads\/2023\/10\/image-347-1024x782.png 1024w, https:\/\/corrientesdetarde.com\/wp-content\/uploads\/2023\/10\/image-347-300x229.png 300w, https:\/\/corrientesdetarde.com\/wp-content\/uploads\/2023\/10\/image-347-768x586.png 768w, https:\/\/corrientesdetarde.com\/wp-content\/uploads\/2023\/10\/image-347.png 1331w\" sizes=\"auto, (max-width: 1024px) 100vw, 1024px\" \/><\/figure>\n","protected":false},"excerpt":{"rendered":"<p>En pos de continuar fortaleciendo el sistema educativo, el gobernador Gustavo Vald\u00e9s encabez\u00f3 este mi\u00e9rcoles, la entrega de 416 notebooks del programa \u201cIncluir Futuro\u201d, a &nbsp;cuatro establecimientos educativos del Departamento&hellip; <\/p>\n","protected":false},"author":8,"featured_media":94402,"comment_status":"closed","ping_status":"open","sticky":false,"template":"","format":"standard","meta":{"footnotes":""},"categories":[8],"tags":[],"class_list":["post-94392","post","type-post","status-publish","format-standard","has-post-thumbnail","hentry","category-locales"],"_links":{"self":[{"href":"https:\/\/corrientesdetarde.com\/index.php\/wp-json\/wp\/v2\/posts\/94392","targetHints":{"allow":["GET"]}}],"collection":[{"href":"https:\/\/corrientesdetarde.com\/index.php\/wp-json\/wp\/v2\/posts"}],"about":[{"href":"https:\/\/corrientesdetarde.com\/index.php\/wp-json\/wp\/v2\/types\/post"}],"author":[{"embeddable":true,"href":"https:\/\/corrientesdetarde.com\/index.php\/wp-json\/wp\/v2\/users\/8"}],"replies":[{"embeddable":true,"href":"https:\/\/corrientesdetarde.com\/index.php\/wp-json\/wp\/v2\/comments?post=94392"}],"version-history":[{"count":1,"href":"https:\/\/corrientesdetarde.com\/index.php\/wp-json\/wp\/v2\/posts\/94392\/revisions"}],"predecessor-version":[{"id":94403,"href":"https:\/\/corrientesdetarde.com\/index.php\/wp-json\/wp\/v2\/posts\/94392\/revisions\/94403"}],"wp:featuredmedia":[{"embeddable":true,"href":"https:\/\/corrientesdetarde.com\/index.php\/wp-json\/wp\/v2\/media\/94402"}],"wp:attachment":[{"href":"https:\/\/corrientesdetarde.com\/index.php\/wp-json\/wp\/v2\/media?parent=94392"}],"wp:term":[{"taxonomy":"category","embeddable":true,"href":"https:\/\/corrientesdetarde.com\/index.php\/wp-json\/wp\/v2\/categories?post=94392"},{"taxonomy":"post_tag","embeddable":true,"href":"https:\/\/corrientesdetarde.com\/index.php\/wp-json\/wp\/v2\/tags?post=94392"}],"curies":[{"name":"wp","href":"https:\/\/api.w.org\/{rel}","templated":true}]}}