{"id":94404,"date":"2023-10-11T14:20:31","date_gmt":"2023-10-11T17:20:31","guid":{"rendered":"https:\/\/corrientesdetarde.com\/?p=94404"},"modified":"2023-10-11T14:20:44","modified_gmt":"2023-10-11T17:20:44","slug":"diputados-otorgo-media-sancion-a-la-declaracion-de-ciudadano-ilustre-para-el-padre-adolfo-smiguel","status":"publish","type":"post","link":"https:\/\/corrientesdetarde.com\/index.php\/politica\/diputados-otorgo-media-sancion-a-la-declaracion-de-ciudadano-ilustre-para-el-padre-adolfo-smiguel\/","title":{"rendered":"<strong>Diputados otorg\u00f3 media sanci\u00f3n a la declaraci\u00f3n de Ciudadano Ilustre para el Padre Adolfo Smiguel<\/strong>"},"content":{"rendered":"\n<p><strong>Con la presencia de referentes de la comunidad barrial de San Benito, los Diputados aprobaron por unanimidad la iniciativa que representa la \u201cejemplaridad\u201d -destacada por j\u00f3venes- de un sacerdote que les ense\u00f1\u00f3 a so\u00f1ar y a trabajar para cumplir esos sue\u00f1os. Tambi\u00e9n lo toman como referencia para construir un futuro de progreso en base a la educaci\u00f3n. El proyecto pasa al Senado para completar su tr\u00e1mite legislativo.<\/strong><\/p>\n\n\n\n<p>\u201cQue los j\u00f3venes hayan elegido un ejemplo a seguir, basado en sue\u00f1os y el trabajo arduo para lograrlos, ratifica que la verdadera trascendencia est\u00e1 basada en lo que se hace y no en lo que se dice\u2026 Que hayan elegido al Padre Adolfo Smiguel, a quien conocen por sus obras educativas y comunitarias, como un modelo a seguir, es un gran orgullo para todos\u2026\u201d, dijo el presidente de la C\u00e1mara de Diputados Pedro Cassani tras otorgarse por unanimidad, media sanci\u00f3n al proyecto de ley que declara Ciudadano Ilustre -post mortem- al Padre Adolfo Smiguel.<\/p>\n\n\n\n<p>Con la presencia de los estudiantes y autoridades del Instituto San Benito -quienes presentaron el anteproyecto respectivo en el marco del Concurso \u201cSoy Protagonista\u201d, el cuerpo parlamentario aprob\u00f3 el texto que ahora, seguir\u00e1 su tr\u00e1mite legislativo en el Senado, bajo el seguimiento atento de los interesados, que son impulsores y motores de la futura ley.<\/p>\n\n\n\n<p>Durante la fundamentaci\u00f3n del expediente, en el recinto pudo conocerse un poco m\u00e1s de la vida y obra del presb\u00edtero con testimonios de quienes lo conocieron y contaron sus semblanzas y acciones ante los diputados que visitaron parte de su legado: el Complejo San Benito consistente en edificios escolares (inicial, primarios y secundarios -diurno y nocturno- y de oficios); la parroquia que fuera ampliada por \u00e9l y el Mausoleo donde descansan sus restos.<\/p>\n\n\n\n<p>Entre los presentes, se encontraba el Padre Ariel Weimann, vicario episcopal para la Educaci\u00f3n Cat\u00f3lica del Arzobispado de Corrientes, quien no ocult\u00f3 su benepl\u00e1cito por el homenaje a quien supo representar a la Iglesia Cat\u00f3lica como pastor gu\u00eda en una gran barriada, en aquel entonces: muy carenciada.<\/p>\n\n\n\n<p>Tambi\u00e9n asistieron: Alejandra Moncada, Directora de Ense\u00f1anza Privada del Ministerio de Educaci\u00f3n; la Representante Legal del Instituto San Benito Paola Conti y la Rectora Ver\u00f3nica Sosa, entre otros docentes y alumnos encabezados por la profesora Luc\u00eda Correa, adem\u00e1s del Comisario General Jorge Andr\u00e9s Cristaldo, Subjefe de la Polic\u00eda de Corrientes (al ser el Padre Smiguel, su Capell\u00e1n).<\/p>\n\n\n\n<p>Antes de ser aprobado por unanimidad de los presentes el expediente que ahora pasa al Senado, hicieron uso de la palabra los diputados Horacio Pozo, Any Pereyra, Jos\u00e9 Antonio Romero Brisco y Pedro Cassani destacando las virtudes de Smiguel, pero fundamentalmente subrayando la actitud de los j\u00f3venes de valorar la \u201cejemplaridad\u201d de quien dej\u00f3 huellas por \u201cpensar en los dem\u00e1s\u201d.<\/p>\n\n\n\n<p>\u201cSin dudas que el padre Smiguel gener\u00f3 ejemplaridad&nbsp;&nbsp;en un momento&nbsp;&nbsp;donde necesitamos imperiosamente en la Argentina&nbsp;&nbsp;encontrar y recuperar estos valores que tienen que ver con pensar&nbsp;&nbsp;en el otro; en un mundo tan din\u00e1mico, dif\u00edcil en este momento\u2026 En la figura del padre Smiguel se sintetiza&nbsp;&nbsp;un poco lo&nbsp;&nbsp;que necesitamos recrear en nuestros j\u00f3venes, en los estudiantes que est\u00e1n ac\u00e1\u201d, sostuvo Cassani.<\/p>\n\n\n\n<p>\u201cCuando la alumna expuso sobre el proyecto de Ley&nbsp;&nbsp;lo primero que dijo fue: es una persona ejemplar&nbsp;&nbsp;para nosotros, pens\u00e9: que importante que en estos d\u00edas donde hay pocos ejemplos dentro de la sociedad, la juventud vea en una persona que aport\u00f3 desde lo personal, desde la Iglesia Cat\u00f3lica, desde una instituci\u00f3n educativa al progreso de la educaci\u00f3n y al progreso de toda una comunidad\u201d, se\u00f1al\u00f3 la diputada Any Pereyra quien agreg\u00f3: \u201cfelicito a los padres y a los ni\u00f1os\u2026 que le ponen todo el esfuerzo y la voluntad para que no solamente la instrucci\u00f3n educativa,&nbsp;&nbsp;sino tambi\u00e9n los valores cristianos redunden en beneficio de todos los correntinos\u201d.<\/p>\n\n\n\n<p>El diputado Horacio Pozo, de la comisi\u00f3n de Educaci\u00f3n, agradeci\u00f3 a sus pares el acompa\u00f1amiento y record\u00f3 que la idea del concurso \u201cSoy Protagonista\u201d \u2013que permitiera la participaci\u00f3n de estudiantes- sirvi\u00f3 para que los j\u00f3venes se \u201cvinculen con el Parlamento, analicen alternativas y expresen ambiciones, deseos; iniciativas&nbsp;&nbsp;que fortalezcan a la democracia&nbsp;&nbsp;y fortalezcan la participaci\u00f3n ciudadana\u201d, se\u00f1al\u00f3 entre otros conceptos.<\/p>\n\n\n\n<p>Sobre el padre Smiguel indic\u00f3 que \u201c\u00e9l se consagr\u00f3 a la Iglesia Cat\u00f3lica y honr\u00f3 esa consagraci\u00f3n y tom\u00f3 de San Benito,&nbsp;&nbsp;-esa iglesia donde lo destinaron para que cumpla su tarea pastoral-, las famosas 500 reglas entre las que se destaca Ora y Trabaja\u201d.<\/p>\n\n\n\n<p><strong>MEDIA SANCI\u00d3N<\/strong><\/p>\n\n\n\n<p><strong>En la sesi\u00f3n 20, tambi\u00e9n se aprobaron los siguientes proyectos:<\/strong><\/p>\n\n\n\n<p>&#8211;&nbsp;&nbsp;&nbsp;&nbsp;&nbsp;&nbsp;&nbsp;&nbsp;&nbsp;&nbsp;&nbsp;&nbsp;&nbsp;&nbsp;La actualizaci\u00f3n del C\u00f3digo Fiscal, Ley 3.037, en su art\u00edculo N\u00ba 238, inciso j, el cual determina las exenciones del pago de los grav\u00e1menes expresados en las actuaciones judiciales, donde se establece la base imponible del impuesto, con respecto a las relaciones de familia que no tengan car\u00e1cter patrimonial, las demandas por alimentos y litisexpensas, y las atinentes al estado y capacidad de las personas; modific\u00e1ndolo acorde a la condici\u00f3n, situaci\u00f3n o posici\u00f3n de vulnerabilidad de las personas (en consonancia con otras normas); para garantizar el goce igualitario de derechos por parte de los grupos en situaci\u00f3n de vulnerabilidad (pobreza, discapacidad, etc)&nbsp;&nbsp;mediante el reconocimiento y respeto de su identidad, condici\u00f3n y necesidades particulares. Autor: Bloque PL.<\/p>\n\n\n\n<p>&#8211;&nbsp;&nbsp;&nbsp;&nbsp;&nbsp;&nbsp;&nbsp;&nbsp;&nbsp;&nbsp;&nbsp;&nbsp;&nbsp;&nbsp;Declaraci\u00f3n de Monumento Hist\u00f3rico e integrante del Patrimonio Cultural al edificio de la Casa \u201cCenteno\u201d, actualmente sede de la Casa de la Cultura en la ciudad de Santo Tom\u00e9. Autor: Dip. Cassani.<\/p>\n\n\n\n<p>&#8211;&nbsp;&nbsp;&nbsp;&nbsp;&nbsp;&nbsp;&nbsp;&nbsp;&nbsp;&nbsp;&nbsp;&nbsp;&nbsp;&nbsp;Proyecto de ley que declara \u201cPersonalidad Destacada\u201d al deportista Guillermo Federico Kammerichs. Autor: Bloque ELI.<\/p>\n\n\n\n<p>&#8211;&nbsp;&nbsp;&nbsp;&nbsp;&nbsp;&nbsp;&nbsp;&nbsp;&nbsp;&nbsp;&nbsp;&nbsp;&nbsp;&nbsp;Proyecto de ley que declara Ciudadano Ilustre de la Provincia de Corrientes al cabo correntino del Ej\u00e9rcito Argentino, Roberto Basilio Baruzzo, combatiente de la guerra de Malvinas, condecorado con la Cruz al Heroico Valor en Combate. Autor: Bloque Partido Liberal.<\/p>\n\n\n\n<p>&#8211;&nbsp;&nbsp;&nbsp;&nbsp;&nbsp;&nbsp;&nbsp;&nbsp;&nbsp;&nbsp;&nbsp;&nbsp;&nbsp;&nbsp;Proyecto de ley que modifica el art\u00edculo 1\u00ba de la ley 3278 -Instituye el D\u00eda del Chamam\u00e9 -debido a un error involuntario en la fecha de fallecimiento del artista homenajeado Don Tr\u00e1nsito Cocomarola-. Autor: Bloque Eli.<\/p>\n\n\n\n<p>&#8211;&nbsp;&nbsp;&nbsp;&nbsp;&nbsp;&nbsp;&nbsp;&nbsp;&nbsp;&nbsp;&nbsp;&nbsp;&nbsp;&nbsp;20 de agosto: \u201cD\u00eda del Poeta del Chamam\u00e9\u201d, por el aniversario del fallecimiento del compositor e int\u00e9rprete Salvador Miqueri. Autor: Bloque ELI.<\/p>\n\n\n\n<p><strong>SON RESOLUCIONES:<\/strong><\/p>\n\n\n\n<p>&#8211;&nbsp;&nbsp;&nbsp;&nbsp;&nbsp;&nbsp;&nbsp;&nbsp;&nbsp;&nbsp;&nbsp;&nbsp;&nbsp;&nbsp;Solicita al Banco de Corrientes S.A. la instalaci\u00f3n de un cajero autom\u00e1tico en la localidad de Cecilio Echavarr\u00eda (Autor: Dip. Giotta).<\/p>\n\n\n\n<p>&#8211;&nbsp;&nbsp;&nbsp;&nbsp;&nbsp;&nbsp;&nbsp;&nbsp;&nbsp;&nbsp;&nbsp;&nbsp;&nbsp;&nbsp;Solicita a las autoridades del Banco de Corrientes S.A. la instalaci\u00f3n de un cajero autom\u00e1tico en el barrio Laguna Soto de la ciudad de Corrientes. (Autor: Bloque Partido Popular).&nbsp;&nbsp;&nbsp;&nbsp;&nbsp;&nbsp;&nbsp;&nbsp;&nbsp;&nbsp;<\/p>\n\n\n\n<p>&#8211;&nbsp;&nbsp;&nbsp;&nbsp;&nbsp;&nbsp;&nbsp;&nbsp;&nbsp;&nbsp;&nbsp;&nbsp;&nbsp;&nbsp;Solicita al Banco de Corrientes S.A. la instalaci\u00f3n de un cajero autom\u00e1tico en el municipio de Colonia Libertad. (Autor: Dip. Martino).<\/p>\n\n\n\n<figure class=\"wp-block-image size-full\"><img loading=\"lazy\" decoding=\"async\" width=\"1024\" height=\"682\" src=\"https:\/\/corrientesdetarde.com\/wp-content\/uploads\/2023\/10\/SESION-20-Z.jpg\" alt=\"\" class=\"wp-image-94405\" srcset=\"https:\/\/corrientesdetarde.com\/wp-content\/uploads\/2023\/10\/SESION-20-Z.jpg 1024w, https:\/\/corrientesdetarde.com\/wp-content\/uploads\/2023\/10\/SESION-20-Z-300x200.jpg 300w, https:\/\/corrientesdetarde.com\/wp-content\/uploads\/2023\/10\/SESION-20-Z-768x512.jpg 768w\" sizes=\"auto, (max-width: 1024px) 100vw, 1024px\" \/><\/figure>\n\n\n\n<figure class=\"wp-block-image size-full\"><img loading=\"lazy\" decoding=\"async\" width=\"1024\" height=\"683\" src=\"https:\/\/corrientesdetarde.com\/wp-content\/uploads\/2023\/10\/SESION-20-f.jpg\" alt=\"\" class=\"wp-image-94406\" srcset=\"https:\/\/corrientesdetarde.com\/wp-content\/uploads\/2023\/10\/SESION-20-f.jpg 1024w, https:\/\/corrientesdetarde.com\/wp-content\/uploads\/2023\/10\/SESION-20-f-300x200.jpg 300w, https:\/\/corrientesdetarde.com\/wp-content\/uploads\/2023\/10\/SESION-20-f-768x512.jpg 768w\" sizes=\"auto, (max-width: 1024px) 100vw, 1024px\" \/><\/figure>\n\n\n\n<figure class=\"wp-block-image size-full\"><img loading=\"lazy\" decoding=\"async\" width=\"1024\" height=\"683\" src=\"https:\/\/corrientesdetarde.com\/wp-content\/uploads\/2023\/10\/SESION-20-C.jpg\" alt=\"\" class=\"wp-image-94407\" srcset=\"https:\/\/corrientesdetarde.com\/wp-content\/uploads\/2023\/10\/SESION-20-C.jpg 1024w, https:\/\/corrientesdetarde.com\/wp-content\/uploads\/2023\/10\/SESION-20-C-300x200.jpg 300w, https:\/\/corrientesdetarde.com\/wp-content\/uploads\/2023\/10\/SESION-20-C-768x512.jpg 768w\" sizes=\"auto, (max-width: 1024px) 100vw, 1024px\" \/><\/figure>\n\n\n\n<figure class=\"wp-block-image size-full\"><img loading=\"lazy\" decoding=\"async\" width=\"1024\" height=\"683\" src=\"https:\/\/corrientesdetarde.com\/wp-content\/uploads\/2023\/10\/SESION-20-.jpg\" alt=\"\" class=\"wp-image-94412\" srcset=\"https:\/\/corrientesdetarde.com\/wp-content\/uploads\/2023\/10\/SESION-20-.jpg 1024w, https:\/\/corrientesdetarde.com\/wp-content\/uploads\/2023\/10\/SESION-20--300x200.jpg 300w, https:\/\/corrientesdetarde.com\/wp-content\/uploads\/2023\/10\/SESION-20--768x512.jpg 768w\" sizes=\"auto, (max-width: 1024px) 100vw, 1024px\" \/><\/figure>\n\n\n\n<figure class=\"wp-block-image size-full\"><img loading=\"lazy\" decoding=\"async\" width=\"1024\" height=\"683\" src=\"https:\/\/corrientesdetarde.com\/wp-content\/uploads\/2023\/10\/SESION-20-A.jpg\" alt=\"\" class=\"wp-image-94408\" srcset=\"https:\/\/corrientesdetarde.com\/wp-content\/uploads\/2023\/10\/SESION-20-A.jpg 1024w, https:\/\/corrientesdetarde.com\/wp-content\/uploads\/2023\/10\/SESION-20-A-300x200.jpg 300w, https:\/\/corrientesdetarde.com\/wp-content\/uploads\/2023\/10\/SESION-20-A-768x512.jpg 768w\" sizes=\"auto, (max-width: 1024px) 100vw, 1024px\" \/><\/figure>\n\n\n\n<figure class=\"wp-block-image size-large\"><img loading=\"lazy\" decoding=\"async\" width=\"1024\" height=\"576\" src=\"https:\/\/corrientesdetarde.com\/wp-content\/uploads\/2023\/10\/DOCENTES-000-1024x576.jpg\" alt=\"\" class=\"wp-image-94413\" srcset=\"https:\/\/corrientesdetarde.com\/wp-content\/uploads\/2023\/10\/DOCENTES-000-1024x576.jpg 1024w, https:\/\/corrientesdetarde.com\/wp-content\/uploads\/2023\/10\/DOCENTES-000-300x169.jpg 300w, https:\/\/corrientesdetarde.com\/wp-content\/uploads\/2023\/10\/DOCENTES-000-768x432.jpg 768w, https:\/\/corrientesdetarde.com\/wp-content\/uploads\/2023\/10\/DOCENTES-000-1536x864.jpg 1536w, https:\/\/corrientesdetarde.com\/wp-content\/uploads\/2023\/10\/DOCENTES-000.jpg 1600w\" sizes=\"auto, (max-width: 1024px) 100vw, 1024px\" \/><\/figure>\n\n\n\n<figure class=\"wp-block-image size-full\"><img loading=\"lazy\" decoding=\"async\" width=\"1024\" height=\"683\" src=\"https:\/\/corrientesdetarde.com\/wp-content\/uploads\/2023\/10\/SESION-20-cc.jpg\" alt=\"\" class=\"wp-image-94409\" srcset=\"https:\/\/corrientesdetarde.com\/wp-content\/uploads\/2023\/10\/SESION-20-cc.jpg 1024w, https:\/\/corrientesdetarde.com\/wp-content\/uploads\/2023\/10\/SESION-20-cc-300x200.jpg 300w, https:\/\/corrientesdetarde.com\/wp-content\/uploads\/2023\/10\/SESION-20-cc-768x512.jpg 768w\" sizes=\"auto, (max-width: 1024px) 100vw, 1024px\" \/><\/figure>\n\n\n\n<figure class=\"wp-block-image size-large\"><img loading=\"lazy\" decoding=\"async\" width=\"1024\" height=\"1024\" src=\"https:\/\/corrientesdetarde.com\/wp-content\/uploads\/2023\/10\/SESION-20-MEDIA-SANCION-PARA-EL-PADRE-SMIGUEL-1024x1024.jpg\" alt=\"\" class=\"wp-image-94415\" srcset=\"https:\/\/corrientesdetarde.com\/wp-content\/uploads\/2023\/10\/SESION-20-MEDIA-SANCION-PARA-EL-PADRE-SMIGUEL-1024x1024.jpg 1024w, https:\/\/corrientesdetarde.com\/wp-content\/uploads\/2023\/10\/SESION-20-MEDIA-SANCION-PARA-EL-PADRE-SMIGUEL-300x300.jpg 300w, https:\/\/corrientesdetarde.com\/wp-content\/uploads\/2023\/10\/SESION-20-MEDIA-SANCION-PARA-EL-PADRE-SMIGUEL-150x150.jpg 150w, https:\/\/corrientesdetarde.com\/wp-content\/uploads\/2023\/10\/SESION-20-MEDIA-SANCION-PARA-EL-PADRE-SMIGUEL-768x768.jpg 768w, https:\/\/corrientesdetarde.com\/wp-content\/uploads\/2023\/10\/SESION-20-MEDIA-SANCION-PARA-EL-PADRE-SMIGUEL.jpg 1280w\" sizes=\"auto, (max-width: 1024px) 100vw, 1024px\" \/><\/figure>\n\n\n\n<figure class=\"wp-block-image size-large\"><img loading=\"lazy\" decoding=\"async\" width=\"1024\" height=\"576\" src=\"https:\/\/corrientesdetarde.com\/wp-content\/uploads\/2023\/10\/DOCENTES-3-1024x576.jpg\" alt=\"\" class=\"wp-image-94414\" srcset=\"https:\/\/corrientesdetarde.com\/wp-content\/uploads\/2023\/10\/DOCENTES-3-1024x576.jpg 1024w, https:\/\/corrientesdetarde.com\/wp-content\/uploads\/2023\/10\/DOCENTES-3-300x169.jpg 300w, https:\/\/corrientesdetarde.com\/wp-content\/uploads\/2023\/10\/DOCENTES-3-768x432.jpg 768w, https:\/\/corrientesdetarde.com\/wp-content\/uploads\/2023\/10\/DOCENTES-3-1536x864.jpg 1536w, https:\/\/corrientesdetarde.com\/wp-content\/uploads\/2023\/10\/DOCENTES-3.jpg 1600w\" sizes=\"auto, (max-width: 1024px) 100vw, 1024px\" \/><\/figure>\n\n\n\n<figure class=\"wp-block-image size-full\"><img loading=\"lazy\" decoding=\"async\" width=\"1024\" height=\"683\" src=\"https:\/\/corrientesdetarde.com\/wp-content\/uploads\/2023\/10\/SESION-20-mmmm.jpg\" alt=\"\" class=\"wp-image-94410\" srcset=\"https:\/\/corrientesdetarde.com\/wp-content\/uploads\/2023\/10\/SESION-20-mmmm.jpg 1024w, https:\/\/corrientesdetarde.com\/wp-content\/uploads\/2023\/10\/SESION-20-mmmm-300x200.jpg 300w, https:\/\/corrientesdetarde.com\/wp-content\/uploads\/2023\/10\/SESION-20-mmmm-768x512.jpg 768w\" sizes=\"auto, (max-width: 1024px) 100vw, 1024px\" \/><\/figure>\n\n\n\n<figure class=\"wp-block-image size-full\"><img loading=\"lazy\" decoding=\"async\" width=\"1024\" height=\"682\" src=\"https:\/\/corrientesdetarde.com\/wp-content\/uploads\/2023\/10\/SESION-20m.jpg\" alt=\"\" class=\"wp-image-94411\" srcset=\"https:\/\/corrientesdetarde.com\/wp-content\/uploads\/2023\/10\/SESION-20m.jpg 1024w, https:\/\/corrientesdetarde.com\/wp-content\/uploads\/2023\/10\/SESION-20m-300x200.jpg 300w, https:\/\/corrientesdetarde.com\/wp-content\/uploads\/2023\/10\/SESION-20m-768x512.jpg 768w\" sizes=\"auto, (max-width: 1024px) 100vw, 1024px\" \/><\/figure>\n","protected":false},"excerpt":{"rendered":"<p>Con la presencia de referentes de la comunidad barrial de San Benito, los Diputados aprobaron por unanimidad la iniciativa que representa la \u201cejemplaridad\u201d -destacada por j\u00f3venes- de un sacerdote que&hellip; <\/p>\n","protected":false},"author":8,"featured_media":94409,"comment_status":"closed","ping_status":"open","sticky":false,"template":"","format":"standard","meta":{"footnotes":""},"categories":[3],"tags":[],"class_list":["post-94404","post","type-post","status-publish","format-standard","has-post-thumbnail","hentry","category-politica"],"_links":{"self":[{"href":"https:\/\/corrientesdetarde.com\/index.php\/wp-json\/wp\/v2\/posts\/94404","targetHints":{"allow":["GET"]}}],"collection":[{"href":"https:\/\/corrientesdetarde.com\/index.php\/wp-json\/wp\/v2\/posts"}],"about":[{"href":"https:\/\/corrientesdetarde.com\/index.php\/wp-json\/wp\/v2\/types\/post"}],"author":[{"embeddable":true,"href":"https:\/\/corrientesdetarde.com\/index.php\/wp-json\/wp\/v2\/users\/8"}],"replies":[{"embeddable":true,"href":"https:\/\/corrientesdetarde.com\/index.php\/wp-json\/wp\/v2\/comments?post=94404"}],"version-history":[{"count":1,"href":"https:\/\/corrientesdetarde.com\/index.php\/wp-json\/wp\/v2\/posts\/94404\/revisions"}],"predecessor-version":[{"id":94416,"href":"https:\/\/corrientesdetarde.com\/index.php\/wp-json\/wp\/v2\/posts\/94404\/revisions\/94416"}],"wp:featuredmedia":[{"embeddable":true,"href":"https:\/\/corrientesdetarde.com\/index.php\/wp-json\/wp\/v2\/media\/94409"}],"wp:attachment":[{"href":"https:\/\/corrientesdetarde.com\/index.php\/wp-json\/wp\/v2\/media?parent=94404"}],"wp:term":[{"taxonomy":"category","embeddable":true,"href":"https:\/\/corrientesdetarde.com\/index.php\/wp-json\/wp\/v2\/categories?post=94404"},{"taxonomy":"post_tag","embeddable":true,"href":"https:\/\/corrientesdetarde.com\/index.php\/wp-json\/wp\/v2\/tags?post=94404"}],"curies":[{"name":"wp","href":"https:\/\/api.w.org\/{rel}","templated":true}]}}