{"id":94422,"date":"2023-10-11T14:41:58","date_gmt":"2023-10-11T17:41:58","guid":{"rendered":"https:\/\/corrientesdetarde.com\/?p=94422"},"modified":"2023-10-11T14:42:05","modified_gmt":"2023-10-11T17:42:05","slug":"la-municipalidad-avanza-en-un-plan-de-bacheo-sobre-el-corredor-belgrano","status":"publish","type":"post","link":"https:\/\/corrientesdetarde.com\/index.php\/informacion-general\/la-municipalidad-avanza-en-un-plan-de-bacheo-sobre-el-corredor-belgrano\/","title":{"rendered":"La Municipalidad avanza en un plan de bacheo sobre el corredor Belgrano"},"content":{"rendered":"\n<p>Las obras incluyen la intervenci\u00f3n sobre 5 mil metros cuadrados de baches sobre las bandas centrales, desde la bajada del puente General Belgrano hasta la rotonda de la Virgen.<\/p>\n\n\n\n<p>En el marco de las obras de&nbsp;reparaci\u00f3n del pavimento deteriorado, la Municipalidad de Corrientes, a trav\u00e9s de la Secretar\u00eda de Infraestructura, comenz\u00f3 con el plan de bacheo sobre el corredor Belgrano. Se trata de la intervenci\u00f3n en 5 mil metros cuadrados de baches sobre las bandas centrales de las avenidas Independencia, Pedro Ferr\u00e9 y 3 de Abril, desde la bajada del puente General Belgrano hasta la rotonda de la Virgen.<br><br>Por el momento, debido a estas obras, se encuentra interrumpido el tr\u00e1nsito por banda central sur de avenida 3 de abril entre Gdor. Pedro N. Soto (continuaci\u00f3n de Paraguay) y Ferreira, como as\u00ed tambi\u00e9n est\u00e1 cortado el cruce de avenida 3 de Abril y avenida Artigas. Estas intervenciones continuar\u00e1n al menos diez d\u00edas m\u00e1s.<br><br>\u201cAtentos a que es el corredor m\u00e1s utilizado de toda la Capital, por lo cual necesitamos tenerlo en condiciones, y hab\u00eda puntos que ya estaban rotos de manera cr\u00edtica, necesit\u00e1bamos esta intervenci\u00f3n\u201d, se\u00f1al\u00f3 el secretario de Infraestructura, Math\u00edas Cabrera.&nbsp;<br><br>\u201cDesde la bajada del puente vamos a ir por la banda central sur hasta la rotonda de la Virgen y vamos a volver desde la rotonda hasta la bajada del puente por la banda central norte interviniendo en todos los puntos\u201d, detall\u00f3 luego el funcionario.<br><br>Las obras se centran actualmente sobre el cruce de las avenidas Artigas y Ferr\u00e9. Cabrera si bien reconoci\u00f3 que estas obras \u201cgeneran muchos inconvenientes en el tr\u00e1nsito por el corte total que implica, era necesario porque hab\u00eda losas que estaban en muy mal estado y necesitaban repararse\u201d.<br><br>El secretario record\u00f3 que \u201cestas obras est\u00e1n siendo encaradas con fondos exclusivos del municipio&#8221;, y destac\u00f3 adem\u00e1s que junto al Gobierno provincial se vienen desarrollando una bater\u00eda de obras en simult\u00e1neo en distintos puntos de la ciudad con el objetivo de mejorar la transitabilidad.<br><br>Sobre la intervenci\u00f3n en el corredor Belgrano, remarc\u00f3: &#8220;Venimos reclamando hace mucho tiempo a la Naci\u00f3n porque eso deber\u00eda hacerse cargo el Estado Nacional, atento a que es un corredor bioce\u00e1nico el que utiliza entre la Ruta Nacional 12 y el inicio de la Ruta Nacional 16; pero como ya hace mucho tiempo Corrientes viene discriminada y esta no es la excepci\u00f3n, la Municipalidad ha tomado la posta, haci\u00e9ndonos cargo de esa gran avenida que es utilizada tanto por los correntinos como por much\u00edsima gente que pasa por Corrientes\u201d.<br><br>Cabrera record\u00f3 tambi\u00e9n que en esa zona de la ciudad \u201cya hemos intervenido con toda la semaforizaci\u00f3n nueva para agilizar el tr\u00e1nsito de toda la avenida, adem\u00e1s de la iluminaci\u00f3n LED y la pintura de todas las sendas peatonales.<br><br>Finalmente, el secretario comunal solicit\u00f3 a los conductores que circulen con precauci\u00f3n por la zona; \u201csabemos que estas obras generan contratiempos, pero son necesarias ya que redunda en beneficio para todos los vecinos\u201d.<br><br>BACHEO EN OTRAS ZONAS<br><br>Cabrera record\u00f3 que este plan de bacheo se lleva delante de manera simult\u00e1nea en diferentes puntos de la ciudad. As\u00ed, operarios comunales intervienen en distintas arterias de los barrios Aldana, Mil Viviendas, Laguna Seca, entre otras avenidas.&nbsp;<br><br>\u201cEstamos atendiendo a los reclamos que se reciben a trav\u00e9s de la l\u00ednea gratuita del municipio (0800-5555-6864), adem\u00e1s de expedientes que se generan por los concejales o por las delegaciones municipales\u201d, concluy\u00f3.<\/p>\n\n\n\n<p><em><a href=\"https:\/\/ciudaddecorrientes.us12.list-manage.com\/track\/click?u=253e4bcff71216c6af771c3c9&amp;id=1a09d4c1a8&amp;e=17643edfa8\" target=\"_blank\" rel=\"noreferrer noopener\">NOTA DE TV:<\/a>&nbsp;Math\u00edas Cabrera, secretario de Infraestructura<\/em><\/p>\n\n\n\n<figure class=\"wp-block-image size-large\"><img loading=\"lazy\" decoding=\"async\" width=\"1024\" height=\"768\" src=\"https:\/\/corrientesdetarde.com\/wp-content\/uploads\/2023\/10\/image-352-1024x768.png\" alt=\"\" class=\"wp-image-94425\" srcset=\"https:\/\/corrientesdetarde.com\/wp-content\/uploads\/2023\/10\/image-352-1024x768.png 1024w, https:\/\/corrientesdetarde.com\/wp-content\/uploads\/2023\/10\/image-352-300x225.png 300w, https:\/\/corrientesdetarde.com\/wp-content\/uploads\/2023\/10\/image-352-768x576.png 768w, https:\/\/corrientesdetarde.com\/wp-content\/uploads\/2023\/10\/image-352.png 1280w\" sizes=\"auto, (max-width: 1024px) 100vw, 1024px\" \/><\/figure>\n\n\n\n<figure class=\"wp-block-image size-large\"><img loading=\"lazy\" decoding=\"async\" width=\"1024\" height=\"682\" src=\"https:\/\/corrientesdetarde.com\/wp-content\/uploads\/2023\/10\/image-353-1024x682.png\" alt=\"\" class=\"wp-image-94426\" srcset=\"https:\/\/corrientesdetarde.com\/wp-content\/uploads\/2023\/10\/image-353-1024x682.png 1024w, https:\/\/corrientesdetarde.com\/wp-content\/uploads\/2023\/10\/image-353-300x200.png 300w, https:\/\/corrientesdetarde.com\/wp-content\/uploads\/2023\/10\/image-353-768x512.png 768w, https:\/\/corrientesdetarde.com\/wp-content\/uploads\/2023\/10\/image-353.png 1280w\" sizes=\"auto, (max-width: 1024px) 100vw, 1024px\" \/><\/figure>\n\n\n\n<figure class=\"wp-block-image size-large\"><img loading=\"lazy\" decoding=\"async\" width=\"1024\" height=\"682\" src=\"https:\/\/corrientesdetarde.com\/wp-content\/uploads\/2023\/10\/image-354-1024x682.png\" alt=\"\" class=\"wp-image-94427\" srcset=\"https:\/\/corrientesdetarde.com\/wp-content\/uploads\/2023\/10\/image-354-1024x682.png 1024w, https:\/\/corrientesdetarde.com\/wp-content\/uploads\/2023\/10\/image-354-300x200.png 300w, https:\/\/corrientesdetarde.com\/wp-content\/uploads\/2023\/10\/image-354-768x512.png 768w, https:\/\/corrientesdetarde.com\/wp-content\/uploads\/2023\/10\/image-354.png 1280w\" sizes=\"auto, (max-width: 1024px) 100vw, 1024px\" \/><\/figure>\n\n\n\n<figure class=\"wp-block-image size-large\"><img loading=\"lazy\" decoding=\"async\" width=\"1024\" height=\"682\" src=\"https:\/\/corrientesdetarde.com\/wp-content\/uploads\/2023\/10\/image-355-1024x682.png\" alt=\"\" class=\"wp-image-94428\" srcset=\"https:\/\/corrientesdetarde.com\/wp-content\/uploads\/2023\/10\/image-355-1024x682.png 1024w, https:\/\/corrientesdetarde.com\/wp-content\/uploads\/2023\/10\/image-355-300x200.png 300w, https:\/\/corrientesdetarde.com\/wp-content\/uploads\/2023\/10\/image-355-768x512.png 768w, https:\/\/corrientesdetarde.com\/wp-content\/uploads\/2023\/10\/image-355.png 1280w\" sizes=\"auto, (max-width: 1024px) 100vw, 1024px\" \/><\/figure>\n\n\n\n<figure class=\"wp-block-image size-large\"><img loading=\"lazy\" decoding=\"async\" width=\"1024\" height=\"682\" src=\"https:\/\/corrientesdetarde.com\/wp-content\/uploads\/2023\/10\/image-356-1024x682.png\" alt=\"\" class=\"wp-image-94429\" srcset=\"https:\/\/corrientesdetarde.com\/wp-content\/uploads\/2023\/10\/image-356-1024x682.png 1024w, https:\/\/corrientesdetarde.com\/wp-content\/uploads\/2023\/10\/image-356-300x200.png 300w, https:\/\/corrientesdetarde.com\/wp-content\/uploads\/2023\/10\/image-356-768x512.png 768w, https:\/\/corrientesdetarde.com\/wp-content\/uploads\/2023\/10\/image-356.png 1280w\" sizes=\"auto, (max-width: 1024px) 100vw, 1024px\" \/><\/figure>\n","protected":false},"excerpt":{"rendered":"<p>Las obras incluyen la intervenci\u00f3n sobre 5 mil metros cuadrados de baches sobre las bandas centrales, desde la bajada del puente General Belgrano hasta la rotonda de la Virgen. En&hellip; <\/p>\n","protected":false},"author":8,"featured_media":94423,"comment_status":"closed","ping_status":"open","sticky":false,"template":"","format":"standard","meta":{"footnotes":""},"categories":[1],"tags":[],"class_list":["post-94422","post","type-post","status-publish","format-standard","has-post-thumbnail","hentry","category-informacion-general"],"_links":{"self":[{"href":"https:\/\/corrientesdetarde.com\/index.php\/wp-json\/wp\/v2\/posts\/94422","targetHints":{"allow":["GET"]}}],"collection":[{"href":"https:\/\/corrientesdetarde.com\/index.php\/wp-json\/wp\/v2\/posts"}],"about":[{"href":"https:\/\/corrientesdetarde.com\/index.php\/wp-json\/wp\/v2\/types\/post"}],"author":[{"embeddable":true,"href":"https:\/\/corrientesdetarde.com\/index.php\/wp-json\/wp\/v2\/users\/8"}],"replies":[{"embeddable":true,"href":"https:\/\/corrientesdetarde.com\/index.php\/wp-json\/wp\/v2\/comments?post=94422"}],"version-history":[{"count":1,"href":"https:\/\/corrientesdetarde.com\/index.php\/wp-json\/wp\/v2\/posts\/94422\/revisions"}],"predecessor-version":[{"id":94430,"href":"https:\/\/corrientesdetarde.com\/index.php\/wp-json\/wp\/v2\/posts\/94422\/revisions\/94430"}],"wp:featuredmedia":[{"embeddable":true,"href":"https:\/\/corrientesdetarde.com\/index.php\/wp-json\/wp\/v2\/media\/94423"}],"wp:attachment":[{"href":"https:\/\/corrientesdetarde.com\/index.php\/wp-json\/wp\/v2\/media?parent=94422"}],"wp:term":[{"taxonomy":"category","embeddable":true,"href":"https:\/\/corrientesdetarde.com\/index.php\/wp-json\/wp\/v2\/categories?post=94422"},{"taxonomy":"post_tag","embeddable":true,"href":"https:\/\/corrientesdetarde.com\/index.php\/wp-json\/wp\/v2\/tags?post=94422"}],"curies":[{"name":"wp","href":"https:\/\/api.w.org\/{rel}","templated":true}]}}