{"id":94431,"date":"2023-10-11T14:47:53","date_gmt":"2023-10-11T17:47:53","guid":{"rendered":"https:\/\/corrientesdetarde.com\/?p=94431"},"modified":"2023-10-11T14:48:06","modified_gmt":"2023-10-11T17:48:06","slug":"alberto-fernandez-denuncio-penalmente-a-javier-milei-y-ramiro-marra-por-la-escalada-del-dolar-blue","status":"publish","type":"post","link":"https:\/\/corrientesdetarde.com\/index.php\/nacionales\/alberto-fernandez-denuncio-penalmente-a-javier-milei-y-ramiro-marra-por-la-escalada-del-dolar-blue\/","title":{"rendered":"Alberto Fern\u00e1ndez denunci\u00f3 penalmente a Javier Milei y Ramiro Marra por la escalada del d\u00f3lar blue"},"content":{"rendered":"\n<p>La presentaci\u00f3n contra los candidatos a presidente y jefe de Gobierno porte\u00f1o de La Libertad Avanza es por intimidaci\u00f3n p\u00fablica. El caso recay\u00f3 en el juzgado federal de Mar\u00eda Servini.<\/p>\n\n\n\n<p>El presidente,\u00a0Alberto Fern\u00e1ndez,\u00a0denunci\u00f3\u00a0<strong>penalmente\u00a0<\/strong>a\u00a0<strong>Javier Milei<\/strong>\u00a0y\u00a0<strong>Ramiro Marra<\/strong>\u00a0por la\u00a0escalada del d\u00f3lar blue. La presentaci\u00f3n contra los candidatos a presidente y jefe de gobierno porte\u00f1o de La Libertad Avanza es por<strong>\u00a0intimidaci\u00f3n p\u00fablica.\u00a0<\/strong>Recay\u00f3 en el juzgado federal de\u00a0<strong>Mar\u00eda Servini,\u00a0<\/strong>en los tribunales de Comodoro Py.<\/p>\n\n\n\n<p>Previo a la disparada del blue, el candidato presidencial de\u00a0La Libertad Abanza\u00a0confirm\u00f3 que en caso de ganar las elecciones habr\u00e1\u00a0<strong>dolarizaci\u00f3n,\u00a0<\/strong>recomend\u00f3\u00a0no renovar los plazos fijos\u00a0y calific\u00f3 de \u201cexcremento\u201d a los pesos. Marra escribi\u00f3: \u201cHoy m\u00e1s que nunca no ahorres en pesos. Cuida tu dinero, te cost\u00f3 mucho ganarlo\u201d.<\/p>\n\n\n\n<p>En respuesta a la denuncia del Presidente, Milei escribi\u00f3: \u201cLa casta tiene miedo&#8230; La Libertad Avanza, viva la libertad carajo\u201d, mientras que Marra plante\u00f3: \u201cIn\u00e9dito, apareci\u00f3 el \u2018presidente\u2019, lamentablemente para hacer boludeces y no para gobernar. La Libertad Avanza\u201d.<\/p>\n\n\n\n<h2 class=\"wp-block-heading\">Las claves de la denuncia de Alberto Fern\u00e1ndez contra Javier Milei y Ramiro Marra por la escalada del blue<\/h2>\n\n\n\n<ul class=\"wp-block-list\"><li>Seg\u00fan la presentaci\u00f3n del Presidente, patrocinada por el abogado Jos\u00e9 Ubeira, la conducta de los dirigentes de la Libertad Avanza constituye \u201cunagravedad institucional inusitada para la Rep\u00fablica\u201d y advierte sobre \u201cuna afrenta severa al sistema democr\u00e1tico\u201d.<\/li><li>La presentaci\u00f3n alcanza a Milei, Marra y al candidato a diputado provincial,&nbsp;<strong>Agust\u00edn Romo,<\/strong>&nbsp;que escribi\u00f3: \u201cLos c\u00ednicos c\u00f3mplices de los pol\u00edticos te van a decir que no ten\u00e9s que comprar d\u00f3lares. Ten\u00e9s que hacer todo lo contrario. Estos degenerados fiscales van a licuarte todo tu sueldo porque no les importa nada\u201d.<\/li><li>El Presidente consign\u00f3: \u201cMi funci\u00f3n actual como Presidente de la Naci\u00f3n no amerita la utilizaci\u00f3n de terminolog\u00eda impropia de mi desempe\u00f1o, pero lo que se experiment\u00f3 en el mercado cambiario de la Rep\u00fablica Argentina desde el d\u00eda lunes, no es<strong>&nbsp;ni m\u00e1s ni menos que una \u2018corrida\u2019\u201d.<\/strong><\/li><li>La denuncia menciona el art\u00edculo 211 del C\u00f3digo Penal, que contemplapenas de<strong>&nbsp;dos a seis a\u00f1os de c\u00e1rcel<\/strong>&nbsp;para \u201cel que, para infundir un temor p\u00fablico o suscitar tumultos o des\u00f3rdenes, hiciere se\u00f1ales, diere voces de alarma, amenazare con la comisi\u00f3n de un delito de peligro com\u00fan, o empleare otros medios materiales normalmente id\u00f3neos para producir tales efectos\u201d.<\/li><li>La presentaci\u00f3n habla de un \u201cmovimiento financiero inducido por la actividad&nbsp;<strong>premeditada y tendenciosa<\/strong>&nbsp;de estas personas\u201d que \u201cha generado en el pa\u00eds un da\u00f1o incalculable; no ya en t\u00e9rminos econ\u00f3micos solamente, sino a nivel confianza p\u00fablica principalmente\u201d.<\/li><li>Seg\u00fan la denuncia, \u201cla poblaci\u00f3n se atemoriz\u00f3 respecto de la real posibilidad de que nuestra moneda, el peso, no mantenga su valor y contin\u00fae siendo el signo monetario del pa\u00eds\u201d.<\/li><li>Para el Presidente era \u201cesperable de ellos (por los dirigentes de La Libertad Avanza) un mayor compromiso por la defensa de la soberan\u00eda monetaria\u201d y consider\u00f3 que actuaron \u201ccon el clar\u00edsimo e inobjetable fin de obtener el resultado que finalmente obtuvieron: atemorizar al pueblo argentino en t\u00e9rminos de pol\u00edtica monetaria, a la espera de una \u2013obtenida ciertamente como consecuencia de su accionar- desvalorizaci\u00f3n de la moneda nacional\u201d.<\/li><\/ul>\n\n\n\n<h2 class=\"wp-block-heading\">Las acusaciones del oficialismo a Javier Milei por la escalada del d\u00f3lar blue<\/h2>\n\n\n\n<p>En las \u00faltimas horas referentes del oficialismo como el ministro de Econom\u00eda y candidato de Uni\u00f3n por la Patria,\u00a0Sergio Massa, su compa\u00f1ero de f\u00f3rmula, el jefe de Gabinete,\u00a0<strong>Agustin Rossi,<\/strong>\u00a0y el ministro de Desarrollo de la Comunidad bonaerense,\u00a0<strong>Andr\u00e9s Larroque,\u00a0<\/strong>salieron a vincular a los libertarios con la tensi\u00f3n cambiaria.<\/p>\n\n\n\n<p>Massa le recrimin\u00f3 a Milei que saliera a \u201cagitar a la gente a que&nbsp;<strong>saquen los dep\u00f3sitos<\/strong>&nbsp;de manera irresponsable\u201d, luego de que Milei sugiriera no renovar plazos fijos, declaraciones a&nbsp;<em>Radio Mitre.<\/em>&nbsp;El ministro de Econom\u00eda plante\u00f3: \u201cCuando veo a un candidato que por un voto puede&nbsp;<strong>prender fuego a una casa,<\/strong>&nbsp;la verdad es que me preocupo, no les importa la gente, lo \u00fanico que les importa es alguna frase atractiva para generar alg\u00fan t\u00edtulo en un medio: estamos frente a una manga de irresponsables que no piensan en la Argentina como Naci\u00f3n\u201d.<\/p>\n\n\n\n<p>Rossi dijo que \u201cla irresponsabilidad de las declaraciones de Milei en campa\u00f1a son solo un&nbsp;<strong>bot\u00f3n de muestra<\/strong>&nbsp;de lo que puede llegar a ser como Presidente\u201d, que \u201cpor un pu\u00f1ado de votos especula con una de las preocupaciones m\u00e1s grandes de los argentinos haciendo subir el d\u00f3lar\u201d y que \u201ces una<strong>&nbsp;conducta antidemocr\u00e1tica<\/strong>&nbsp;y peligrosa procurar r\u00e9dito electoral rifando los ingresos del pueblo\u201d.<\/p>\n\n\n\n<p>Mientras que Larroque, en declaraciones a<em>&nbsp;El Destape radio,&nbsp;<\/em>los calific\u00f3 de \u201ccipayos y vendepatrias\u201d por intentar \u201cpulverizar la moneda nacional\u201d con sus declaraciones contra el peso: \u201dSi hay un excremento ac\u00e1 son los&nbsp;<strong>cipayos y vendepatrias&nbsp;<\/strong>que, por el inter\u00e9s electoral y en la l\u00f3gica de pulverizar la moneda nacional para dejar al pa\u00eds con menos capacidad soberana, se brindan a este espect\u00e1culo espantoso\u201d.<\/p>\n","protected":false},"excerpt":{"rendered":"<p>La presentaci\u00f3n contra los candidatos a presidente y jefe de Gobierno porte\u00f1o de La Libertad Avanza es por intimidaci\u00f3n p\u00fablica. El caso recay\u00f3 en el juzgado federal de Mar\u00eda Servini.&hellip; <\/p>\n","protected":false},"author":8,"featured_media":94432,"comment_status":"closed","ping_status":"open","sticky":false,"template":"","format":"standard","meta":{"footnotes":""},"categories":[10],"tags":[],"class_list":["post-94431","post","type-post","status-publish","format-standard","has-post-thumbnail","hentry","category-nacionales"],"_links":{"self":[{"href":"https:\/\/corrientesdetarde.com\/index.php\/wp-json\/wp\/v2\/posts\/94431","targetHints":{"allow":["GET"]}}],"collection":[{"href":"https:\/\/corrientesdetarde.com\/index.php\/wp-json\/wp\/v2\/posts"}],"about":[{"href":"https:\/\/corrientesdetarde.com\/index.php\/wp-json\/wp\/v2\/types\/post"}],"author":[{"embeddable":true,"href":"https:\/\/corrientesdetarde.com\/index.php\/wp-json\/wp\/v2\/users\/8"}],"replies":[{"embeddable":true,"href":"https:\/\/corrientesdetarde.com\/index.php\/wp-json\/wp\/v2\/comments?post=94431"}],"version-history":[{"count":1,"href":"https:\/\/corrientesdetarde.com\/index.php\/wp-json\/wp\/v2\/posts\/94431\/revisions"}],"predecessor-version":[{"id":94433,"href":"https:\/\/corrientesdetarde.com\/index.php\/wp-json\/wp\/v2\/posts\/94431\/revisions\/94433"}],"wp:featuredmedia":[{"embeddable":true,"href":"https:\/\/corrientesdetarde.com\/index.php\/wp-json\/wp\/v2\/media\/94432"}],"wp:attachment":[{"href":"https:\/\/corrientesdetarde.com\/index.php\/wp-json\/wp\/v2\/media?parent=94431"}],"wp:term":[{"taxonomy":"category","embeddable":true,"href":"https:\/\/corrientesdetarde.com\/index.php\/wp-json\/wp\/v2\/categories?post=94431"},{"taxonomy":"post_tag","embeddable":true,"href":"https:\/\/corrientesdetarde.com\/index.php\/wp-json\/wp\/v2\/tags?post=94431"}],"curies":[{"name":"wp","href":"https:\/\/api.w.org\/{rel}","templated":true}]}}