{"id":9445,"date":"2022-10-07T11:51:20","date_gmt":"2022-10-07T14:51:20","guid":{"rendered":"https:\/\/corrientesdetarde.com\/?p=9445"},"modified":"2022-10-07T11:51:23","modified_gmt":"2022-10-07T14:51:23","slug":"corrientes-no-registro-casos-nuevos-de-coronavirus-4","status":"publish","type":"post","link":"https:\/\/corrientesdetarde.com\/index.php\/informacion-general\/corrientes-no-registro-casos-nuevos-de-coronavirus-4\/","title":{"rendered":"Corrientes no registr\u00f3 casos nuevos de Coronavirus"},"content":{"rendered":"\n<p>El informe epidemiol\u00f3gico de este viernes de la provincia de Corrientes, indic\u00f3 que, no se registraron nuevos casos positivos de Coronavirus, tanto en Capital como en el Interior, al haberse analizado 461 muestras en las \u00faltimas 24 horas.<\/p>\n\n\n\n<p>Esto mantiene la cifra de casos activos en 5 y los acumulados en 196.463 en todo el territorio provincial al 7 de octubre de 2.022, con 2.015.716 testeos realizados desde que inici\u00f3 la pandemia y 194.517 recuperados.<\/p>\n\n\n\n<p>Mientras que son 2.132 los fallecidos acumulados y 4 los actuales internados en el Hospital de Campa\u00f1a, con resultado positivo para Covid-19, estando ocupado el 0,33% de los respiradores y donde adem\u00e1s durante la \u00faltima jornada, 1 paciente egres\u00f3 con alta m\u00e9dica.<\/p>\n\n\n\n<p><strong>Hospital de Campa\u00f1a<\/strong><\/p>\n\n\n\n<p>El Ministerio de Salud P\u00fablica inform\u00f3 el parte m\u00e9dico del Hospital de Campa\u00f1a \u201cEscuela Hogar\u201d, dando cuenta de la recuperaci\u00f3n de 1 paciente que recibi\u00f3 el alta m\u00e9dica.<\/p>\n\n\n\n<p>El informe emitido desde la instituci\u00f3n detalla que a la fecha (7de octubre), se encuentran internados 4 pacientes.<\/p>\n\n\n\n<p>Hay 3 pacientes con diagn\u00f3stico de Covid-19 en Sala de Cl\u00ednica General. Todos se encuentran cl\u00ednicamente estables.<\/p>\n\n\n\n<p>En la Unidad de Terapia Intensiva (UTI) hay 1 paciente con diagn\u00f3stico de Covid-19, con respiraci\u00f3n mec\u00e1nica asistida y con pron\u00f3stico reservado.<\/p>\n\n\n\n<p>Fue dado de alta 1 paciente recuperado.<\/p>\n\n\n\n<p>En consultorios externos se realizaron 28 atenciones, acumul\u00e1ndose 47.388<\/p>\n\n\n\n<p>Est\u00e1 ocupado el 0.33 % de los respiradores.<\/p>\n","protected":false},"excerpt":{"rendered":"<p>El informe epidemiol\u00f3gico de este viernes de la provincia de Corrientes, indic\u00f3 que, no se registraron nuevos casos positivos de Coronavirus, tanto en Capital como en el Interior, al haberse&hellip; <\/p>\n","protected":false},"author":1,"featured_media":9446,"comment_status":"closed","ping_status":"open","sticky":false,"template":"","format":"standard","meta":{"footnotes":""},"categories":[1],"tags":[],"class_list":["post-9445","post","type-post","status-publish","format-standard","has-post-thumbnail","hentry","category-informacion-general"],"_links":{"self":[{"href":"https:\/\/corrientesdetarde.com\/index.php\/wp-json\/wp\/v2\/posts\/9445","targetHints":{"allow":["GET"]}}],"collection":[{"href":"https:\/\/corrientesdetarde.com\/index.php\/wp-json\/wp\/v2\/posts"}],"about":[{"href":"https:\/\/corrientesdetarde.com\/index.php\/wp-json\/wp\/v2\/types\/post"}],"author":[{"embeddable":true,"href":"https:\/\/corrientesdetarde.com\/index.php\/wp-json\/wp\/v2\/users\/1"}],"replies":[{"embeddable":true,"href":"https:\/\/corrientesdetarde.com\/index.php\/wp-json\/wp\/v2\/comments?post=9445"}],"version-history":[{"count":1,"href":"https:\/\/corrientesdetarde.com\/index.php\/wp-json\/wp\/v2\/posts\/9445\/revisions"}],"predecessor-version":[{"id":9447,"href":"https:\/\/corrientesdetarde.com\/index.php\/wp-json\/wp\/v2\/posts\/9445\/revisions\/9447"}],"wp:featuredmedia":[{"embeddable":true,"href":"https:\/\/corrientesdetarde.com\/index.php\/wp-json\/wp\/v2\/media\/9446"}],"wp:attachment":[{"href":"https:\/\/corrientesdetarde.com\/index.php\/wp-json\/wp\/v2\/media?parent=9445"}],"wp:term":[{"taxonomy":"category","embeddable":true,"href":"https:\/\/corrientesdetarde.com\/index.php\/wp-json\/wp\/v2\/categories?post=9445"},{"taxonomy":"post_tag","embeddable":true,"href":"https:\/\/corrientesdetarde.com\/index.php\/wp-json\/wp\/v2\/tags?post=9445"}],"curies":[{"name":"wp","href":"https:\/\/api.w.org\/{rel}","templated":true}]}}