{"id":94457,"date":"2023-10-11T15:24:18","date_gmt":"2023-10-11T18:24:18","guid":{"rendered":"https:\/\/corrientesdetarde.com\/?p=94457"},"modified":"2023-10-11T15:24:24","modified_gmt":"2023-10-11T18:24:24","slug":"todo-listo-para-la-13a-edicion-del-festival-taragui-rock","status":"publish","type":"post","link":"https:\/\/corrientesdetarde.com\/index.php\/cultura\/todo-listo-para-la-13a-edicion-del-festival-taragui-rock\/","title":{"rendered":"Todo listo para la 13\u00aa edici\u00f3n del festival Tarag\u00fc\u00ed Rock"},"content":{"rendered":"\n<p>Organizado por el Gobierno de la Provincia de Corrientes, a trav\u00e9s del Instituto de Cultura, est\u00e1 todo preparado para el festival de rock m\u00e1s importante de la regi\u00f3n. El 14 y 15 de octubre el cors\u00f3dromo Nolo Al\u00edas recibir\u00e1 a grandes bandas nacionales, regionales y locales, y la expectativa es cada vez m\u00e1s grande.<\/p>\n\n\n\n<p>Entre las bandas visitantes llegan Catupecu Machu, La Kermesse Redonda, Miguel Mateos, Cielo Razzo, Masacre, Asspera, C.R.O., Gardelino, Un Verano, Escorpia, sumado a las mejores bandas correntinas de toda la provincia como La Murga, Lado 20, Hacha Leiva, The Pueblo, La Botica, Kairos, Olys Band, Northe Blues, Atropos, Mango Dub, Indoor En Lisboa, Agua Miel que completan una grilla atractiva que ofrece diferentes sonidos y ritmos para disfrutar durante las dos jornadas.<\/p>\n\n\n\n<p><strong>Horarios e ingresos<\/strong><\/p>\n\n\n\n<p>La apertura de puertas del cors\u00f3dromo Nolo Al\u00edas ser\u00e1 a las 15:30 hs para iniciar con los espect\u00e1culos a las 16:00 hs. Se invita a todos los concurrentes a ingresar temprano para poder disfrutar, no s\u00f3lo de los espect\u00e1culos musicales sino tambi\u00e9n de todas las ofertas gastron\u00f3micas, de bebida y diferentes entretenimientos que ofrece el Tarag\u00fc\u00ed Rock 2023.<\/p>\n\n\n\n<p>&nbsp;El ingreso ser\u00e1 por Acceso Perich\u00f3n, tanto del p\u00fablico en general como de la prensa acreditada.<\/p>\n\n\n\n<p><strong>Transporte al cors\u00f3dromo<\/strong><\/p>\n\n\n\n<p>Se dispondr\u00e1 de colectivos desde las 15 hs, y las paradas para abordar estar\u00e1n en el puerto, la plaza Cabral y la plaza Los Amigos. El valor ser\u00e1 de $800 por persona.<\/p>\n\n\n\n<p><strong>Entradas<\/strong><\/p>\n\n\n\n<p>Las entradas se pueden adquirir en Corrientes en las boleter\u00edas del Teatro Vera de lunes a viernes de 9 a 12:30 hs, y en Resistencia en Opui, Mitre 225 y tienen un costo de 4 mil pesos por d\u00eda. Tambi\u00e9n podes comprarlas v\u00eda online en&nbsp;<a href=\"https:\/\/4ue34.r.a.d.sendibm1.com\/mk\/cl\/f\/sh\/6rqJfgq8dINmNvd2HB7mP7OK8Ju\/QQzV35SlDc0d\" target=\"_blank\" rel=\"noreferrer noopener\">https:\/\/weepas.ar\/detalle-evento\/TARAGUI%20ROCK<\/a><\/p>\n\n\n\n<p>Adem\u00e1s, el Tarag\u00fc\u00ed Rock 2023 ofrecer\u00e1 distintas opciones como patio de comidas, cervecero, feria de emprendedores, indumentaria, tatuajes y mucho m\u00e1s. Como cada a\u00f1o, el festival aparece como una excelente opci\u00f3n para poder ir desde temprano y disfrutar de las bandas, tanto nacionales como locales, sumado a todos los atractivos que se ofrecen para aprovechar el festival desde temprano y vivir dos intensas jornadas en el cors\u00f3dromo Nolo Al\u00edas.<\/p>\n\n\n\n<figure class=\"wp-block-image size-large\"><img loading=\"lazy\" decoding=\"async\" width=\"1024\" height=\"1024\" src=\"https:\/\/corrientesdetarde.com\/wp-content\/uploads\/2023\/10\/image-372-1024x1024.png\" alt=\"\" class=\"wp-image-94458\" srcset=\"https:\/\/corrientesdetarde.com\/wp-content\/uploads\/2023\/10\/image-372-1024x1024.png 1024w, https:\/\/corrientesdetarde.com\/wp-content\/uploads\/2023\/10\/image-372-300x300.png 300w, https:\/\/corrientesdetarde.com\/wp-content\/uploads\/2023\/10\/image-372-150x150.png 150w, https:\/\/corrientesdetarde.com\/wp-content\/uploads\/2023\/10\/image-372-768x768.png 768w, https:\/\/corrientesdetarde.com\/wp-content\/uploads\/2023\/10\/image-372.png 1080w\" sizes=\"auto, (max-width: 1024px) 100vw, 1024px\" \/><\/figure>\n\n\n\n<figure class=\"wp-block-image size-large\"><img loading=\"lazy\" decoding=\"async\" width=\"576\" height=\"1024\" src=\"https:\/\/corrientesdetarde.com\/wp-content\/uploads\/2023\/10\/image-373-576x1024.png\" alt=\"\" class=\"wp-image-94459\" srcset=\"https:\/\/corrientesdetarde.com\/wp-content\/uploads\/2023\/10\/image-373-576x1024.png 576w, https:\/\/corrientesdetarde.com\/wp-content\/uploads\/2023\/10\/image-373-169x300.png 169w, https:\/\/corrientesdetarde.com\/wp-content\/uploads\/2023\/10\/image-373-768x1365.png 768w, https:\/\/corrientesdetarde.com\/wp-content\/uploads\/2023\/10\/image-373-864x1536.png 864w, https:\/\/corrientesdetarde.com\/wp-content\/uploads\/2023\/10\/image-373.png 900w\" sizes=\"auto, (max-width: 576px) 100vw, 576px\" \/><\/figure>\n\n\n\n<figure class=\"wp-block-image size-full\"><img loading=\"lazy\" decoding=\"async\" width=\"750\" height=\"420\" src=\"https:\/\/corrientesdetarde.com\/wp-content\/uploads\/2023\/10\/image-374.png\" alt=\"\" class=\"wp-image-94460\" srcset=\"https:\/\/corrientesdetarde.com\/wp-content\/uploads\/2023\/10\/image-374.png 750w, https:\/\/corrientesdetarde.com\/wp-content\/uploads\/2023\/10\/image-374-300x168.png 300w\" sizes=\"auto, (max-width: 750px) 100vw, 750px\" \/><\/figure>\n","protected":false},"excerpt":{"rendered":"<p>Organizado por el Gobierno de la Provincia de Corrientes, a trav\u00e9s del Instituto de Cultura, est\u00e1 todo preparado para el festival de rock m\u00e1s importante de la regi\u00f3n. El 14&hellip; <\/p>\n","protected":false},"author":8,"featured_media":94461,"comment_status":"closed","ping_status":"open","sticky":false,"template":"","format":"standard","meta":{"footnotes":""},"categories":[15],"tags":[],"class_list":["post-94457","post","type-post","status-publish","format-standard","has-post-thumbnail","hentry","category-cultura"],"_links":{"self":[{"href":"https:\/\/corrientesdetarde.com\/index.php\/wp-json\/wp\/v2\/posts\/94457","targetHints":{"allow":["GET"]}}],"collection":[{"href":"https:\/\/corrientesdetarde.com\/index.php\/wp-json\/wp\/v2\/posts"}],"about":[{"href":"https:\/\/corrientesdetarde.com\/index.php\/wp-json\/wp\/v2\/types\/post"}],"author":[{"embeddable":true,"href":"https:\/\/corrientesdetarde.com\/index.php\/wp-json\/wp\/v2\/users\/8"}],"replies":[{"embeddable":true,"href":"https:\/\/corrientesdetarde.com\/index.php\/wp-json\/wp\/v2\/comments?post=94457"}],"version-history":[{"count":1,"href":"https:\/\/corrientesdetarde.com\/index.php\/wp-json\/wp\/v2\/posts\/94457\/revisions"}],"predecessor-version":[{"id":94462,"href":"https:\/\/corrientesdetarde.com\/index.php\/wp-json\/wp\/v2\/posts\/94457\/revisions\/94462"}],"wp:featuredmedia":[{"embeddable":true,"href":"https:\/\/corrientesdetarde.com\/index.php\/wp-json\/wp\/v2\/media\/94461"}],"wp:attachment":[{"href":"https:\/\/corrientesdetarde.com\/index.php\/wp-json\/wp\/v2\/media?parent=94457"}],"wp:term":[{"taxonomy":"category","embeddable":true,"href":"https:\/\/corrientesdetarde.com\/index.php\/wp-json\/wp\/v2\/categories?post=94457"},{"taxonomy":"post_tag","embeddable":true,"href":"https:\/\/corrientesdetarde.com\/index.php\/wp-json\/wp\/v2\/tags?post=94457"}],"curies":[{"name":"wp","href":"https:\/\/api.w.org\/{rel}","templated":true}]}}