{"id":94552,"date":"2023-10-11T20:51:56","date_gmt":"2023-10-11T23:51:56","guid":{"rendered":"https:\/\/corrientesdetarde.com\/?p=94552"},"modified":"2023-10-11T20:52:00","modified_gmt":"2023-10-11T23:52:00","slug":"economia-destina-3-000-millones-en-asistencia-financiera-a-productores-de-lana","status":"publish","type":"post","link":"https:\/\/corrientesdetarde.com\/index.php\/economia\/economia-destina-3-000-millones-en-asistencia-financiera-a-productores-de-lana\/","title":{"rendered":"Econom\u00eda destina $3.000 millones en asistencia financiera a productores de lana"},"content":{"rendered":"\n<p>El Ministerio restableci\u00f3 el Programa Lanar,\u00a0ampli\u00f3 su alcance y estableci\u00f3 nuevas pautas para la determinaci\u00f3n del beneficio.<\/p>\n\n\n\n<p>El Ministerio de Econom\u00eda destinar\u00e1 hasta $3.000 millones para financiar a peque\u00f1os y medianos productores de lana de la Patagonia, para mitigar los efectos de la sequ\u00eda que afecta a esa regi\u00f3n.<\/p>\n\n\n\n<p>Con ese fin, el Palacio de Hacienda restableci\u00f3 el Programa de Compensaci\u00f3n Econ\u00f3mica para Peque\u00f1os y Medianos Productores de la Regi\u00f3n Patag\u00f3nica (Programa Lanar) que fuera creado en enero de este a\u00f1o.<\/p>\n\n\n\n<p>&#8220;Resulta necesario actualizar los par\u00e1metros para determinar el acceso al Programa, ampliar su alcance y establecer nuevas pautas para la determinaci\u00f3n del beneficio&#8221;, seg\u00fan la Resoluci\u00f3n 1549\/2023, publicada este mi\u00e9rcoles en el Bolet\u00edn Oficial.<\/p>\n\n\n\n<p>Econom\u00eda estableci\u00f3 los siguientes requisitos para acceder al Programa: el ingreso se determinar\u00e1 en funci\u00f3n de la existencia de ganado ovino por un total igual o menor a 10.000 cabezas registrado al 31 de marzo de 2023, mientras que la compensaci\u00f3n para cada persona beneficiaria ser\u00e1 de $850) por cabeza esquilable, con exclusi\u00f3n de aquellos que correspondan a la categor\u00eda corderos.<\/p>\n\n\n\n<p>En caso de que el valor de la compensaci\u00f3n para cada productor fuere superior a $3.400.000 millones, la asignaci\u00f3n final quedar\u00e1 limitada a este monto. Adem\u00e1s, el plazo que tienen los productores para presentar la solicitud ser\u00e1 de 60 d\u00edas corridos a partir de este mi\u00e9rcoles.<\/p>\n\n\n\n<p>El Poder Ejecutivo aclar\u00f3 que el beneficio alcanza a productores lana ovina de la Regi\u00f3n Patag\u00f3nica q registrados en el Registro Nacional Sanitario de Productores Agropecuarios (RENSPA).<\/p>\n\n\n\n<p>El restablecimiento del Programa, ampliando su alcance y actualizando el monto del beneficio, hab\u00eda sido solicitado por las provincias de R\u00edo Negro, Chubut, Neuqu\u00e9n, Tierra del Fuego y Santa Cruz.<\/p>\n\n\n\n<p>&#8220;Las causas que motivaron la creaci\u00f3n del Programa, que a\u00fan perduran, se le suma la falta de recuperaci\u00f3n de los precios internacionales de la lana y los efectos de la sequ\u00eda que afectaron la regi\u00f3n durante el verano y el oto\u00f1o, y que contin\u00faan hasta la actualidad&#8221;, justific\u00f3 el Ministerio de Econom\u00eda.<\/p>\n","protected":false},"excerpt":{"rendered":"<p>El Ministerio restableci\u00f3 el Programa Lanar,\u00a0ampli\u00f3 su alcance y estableci\u00f3 nuevas pautas para la determinaci\u00f3n del beneficio. El Ministerio de Econom\u00eda destinar\u00e1 hasta $3.000 millones para financiar a peque\u00f1os y&hellip; <\/p>\n","protected":false},"author":4,"featured_media":94565,"comment_status":"closed","ping_status":"open","sticky":false,"template":"","format":"standard","meta":{"footnotes":""},"categories":[20],"tags":[],"class_list":["post-94552","post","type-post","status-publish","format-standard","has-post-thumbnail","hentry","category-economia"],"_links":{"self":[{"href":"https:\/\/corrientesdetarde.com\/index.php\/wp-json\/wp\/v2\/posts\/94552","targetHints":{"allow":["GET"]}}],"collection":[{"href":"https:\/\/corrientesdetarde.com\/index.php\/wp-json\/wp\/v2\/posts"}],"about":[{"href":"https:\/\/corrientesdetarde.com\/index.php\/wp-json\/wp\/v2\/types\/post"}],"author":[{"embeddable":true,"href":"https:\/\/corrientesdetarde.com\/index.php\/wp-json\/wp\/v2\/users\/4"}],"replies":[{"embeddable":true,"href":"https:\/\/corrientesdetarde.com\/index.php\/wp-json\/wp\/v2\/comments?post=94552"}],"version-history":[{"count":1,"href":"https:\/\/corrientesdetarde.com\/index.php\/wp-json\/wp\/v2\/posts\/94552\/revisions"}],"predecessor-version":[{"id":94566,"href":"https:\/\/corrientesdetarde.com\/index.php\/wp-json\/wp\/v2\/posts\/94552\/revisions\/94566"}],"wp:featuredmedia":[{"embeddable":true,"href":"https:\/\/corrientesdetarde.com\/index.php\/wp-json\/wp\/v2\/media\/94565"}],"wp:attachment":[{"href":"https:\/\/corrientesdetarde.com\/index.php\/wp-json\/wp\/v2\/media?parent=94552"}],"wp:term":[{"taxonomy":"category","embeddable":true,"href":"https:\/\/corrientesdetarde.com\/index.php\/wp-json\/wp\/v2\/categories?post=94552"},{"taxonomy":"post_tag","embeddable":true,"href":"https:\/\/corrientesdetarde.com\/index.php\/wp-json\/wp\/v2\/tags?post=94552"}],"curies":[{"name":"wp","href":"https:\/\/api.w.org\/{rel}","templated":true}]}}