{"id":94592,"date":"2023-10-11T22:53:06","date_gmt":"2023-10-12T01:53:06","guid":{"rendered":"https:\/\/corrientesdetarde.com\/?p=94592"},"modified":"2023-10-11T22:53:17","modified_gmt":"2023-10-12T01:53:17","slug":"maria-eugenia-rito-contra-jesica-cirio-se-viralizo-el-trio-sexual-que-compartieron","status":"publish","type":"post","link":"https:\/\/corrientesdetarde.com\/index.php\/espectaculos\/maria-eugenia-rito-contra-jesica-cirio-se-viralizo-el-trio-sexual-que-compartieron\/","title":{"rendered":"Mar\u00eda Eugenia Rit\u00f3 contra J\u00e9sica Cirio: se viraliz\u00f3 el tr\u00edo sexual que compartieron"},"content":{"rendered":"\n<p>Desde las redes sociales y en entrevistas radiales, la vedette destroz\u00f3 a la ahora ex esposa de Mart\u00edn Insaurralde.<\/p>\n\n\n\n<p>Como si no tuviera problemas, ahora a&nbsp;<strong>J\u00e9sica Cirio<\/strong>&nbsp;se le sum\u00f3 uno m\u00e1s porque&nbsp;<strong>Mar\u00eda Eugenia Rit\u00f3<\/strong>, a trav\u00e9s de declaraciones radiales y desde su redes, destroz\u00f3 a la ex mujer del intendente, en uso de licencia, de&nbsp;<strong>Lomas de Zamora, Mart\u00edn Insaurralde.<\/strong><\/p>\n\n\n\n<p><strong>&#8220;Qu\u00e9 pas\u00f3 ahora que las personas se olvidan de sus vidas y trabajos del pasado? No tienen memoria? Nada que todo el pa\u00eds NO sepa JAJAJA&#8221;,<\/strong>&nbsp;escribi\u00f3 Rit\u00f3 desde sus redes sociales.<\/p>\n\n\n\n<figure class=\"wp-block-image\"><img decoding=\"async\" src=\"https:\/\/noticiasargentinas.com\/images\/NA\/Contenidos\/rito.webp\" alt=\"rito.png\"\/><\/figure>\n\n\n\n<h2 class=\"wp-block-heading\">C\u00f3mo fue el tr\u00edo entre Rit\u00f3 y J\u00e9sica Cirio<\/h2>\n\n\n\n<p>Luego de los dichos de Rit\u00f3 contra Cirio, se viraliz\u00f3 el supuesto tr\u00edo sexual del que participaron ambas con el marido de la primera.<\/p>\n\n\n\n<p><strong>&#8220;J\u00e9sica Cirio&nbsp;estuvo con mi marido y conmigo y ahora no me atiende el tel\u00e9fono&#8221;,<\/strong>&nbsp;dispar\u00f3, en su comento Rit\u00f3 contra Cirio.<\/p>\n\n\n\n<p><strong>&#8220;Se olvida de qui\u00e9n es y de las cosas que hizo.&nbsp;Cirio&nbsp;se hizo conocida por m\u00ed. La llam\u00e9 para que me de una mano y no me respondi\u00f3&#8221;,<\/strong>&nbsp;agreg\u00f3.<\/p>\n","protected":false},"excerpt":{"rendered":"<p>Desde las redes sociales y en entrevistas radiales, la vedette destroz\u00f3 a la ahora ex esposa de Mart\u00edn Insaurralde. Como si no tuviera problemas, ahora a&nbsp;J\u00e9sica Cirio&nbsp;se le sum\u00f3 uno&hellip; <\/p>\n","protected":false},"author":4,"featured_media":94600,"comment_status":"closed","ping_status":"open","sticky":false,"template":"","format":"standard","meta":{"footnotes":""},"categories":[19],"tags":[],"class_list":["post-94592","post","type-post","status-publish","format-standard","has-post-thumbnail","hentry","category-espectaculos"],"_links":{"self":[{"href":"https:\/\/corrientesdetarde.com\/index.php\/wp-json\/wp\/v2\/posts\/94592","targetHints":{"allow":["GET"]}}],"collection":[{"href":"https:\/\/corrientesdetarde.com\/index.php\/wp-json\/wp\/v2\/posts"}],"about":[{"href":"https:\/\/corrientesdetarde.com\/index.php\/wp-json\/wp\/v2\/types\/post"}],"author":[{"embeddable":true,"href":"https:\/\/corrientesdetarde.com\/index.php\/wp-json\/wp\/v2\/users\/4"}],"replies":[{"embeddable":true,"href":"https:\/\/corrientesdetarde.com\/index.php\/wp-json\/wp\/v2\/comments?post=94592"}],"version-history":[{"count":1,"href":"https:\/\/corrientesdetarde.com\/index.php\/wp-json\/wp\/v2\/posts\/94592\/revisions"}],"predecessor-version":[{"id":94601,"href":"https:\/\/corrientesdetarde.com\/index.php\/wp-json\/wp\/v2\/posts\/94592\/revisions\/94601"}],"wp:featuredmedia":[{"embeddable":true,"href":"https:\/\/corrientesdetarde.com\/index.php\/wp-json\/wp\/v2\/media\/94600"}],"wp:attachment":[{"href":"https:\/\/corrientesdetarde.com\/index.php\/wp-json\/wp\/v2\/media?parent=94592"}],"wp:term":[{"taxonomy":"category","embeddable":true,"href":"https:\/\/corrientesdetarde.com\/index.php\/wp-json\/wp\/v2\/categories?post=94592"},{"taxonomy":"post_tag","embeddable":true,"href":"https:\/\/corrientesdetarde.com\/index.php\/wp-json\/wp\/v2\/tags?post=94592"}],"curies":[{"name":"wp","href":"https:\/\/api.w.org\/{rel}","templated":true}]}}