{"id":94596,"date":"2023-10-11T22:36:39","date_gmt":"2023-10-12T01:36:39","guid":{"rendered":"https:\/\/corrientesdetarde.com\/?p=94596"},"modified":"2023-10-11T22:36:51","modified_gmt":"2023-10-12T01:36:51","slug":"messi-protagonizara-una-serie-animada-para-los-mas-chicos","status":"publish","type":"post","link":"https:\/\/corrientesdetarde.com\/index.php\/espectaculos\/messi-protagonizara-una-serie-animada-para-los-mas-chicos\/","title":{"rendered":"Messi protagonizar\u00e1 una serie animada para los m\u00e1s chicos"},"content":{"rendered":"\n<p>El capit\u00e1n de la Selecci\u00f3n argentina comparti\u00f3 un adelanto de la ficci\u00f3n de Sony Pictures que protagonizar\u00e1.<\/p>\n\n\n\n<p>En medio de las especulaciones sobre el futuro de\u00a0<strong>Lionel Messi<\/strong>,\u00a0ya que comenz\u00f3 la recta final de su carrera, el futbolista comenz\u00f3 a adentrarse en los proyectos cinematogr\u00e1ficos. Por ejemplo, este mi\u00e9rcoles estrenar\u00e1\u00a0<strong>Messi meets Am\u00e9rica<\/strong>, el documental que grab\u00f3 para Apple TV, el cual relata su llegada a Inter Miami.<\/p>\n\n\n\n<p>Pero no es el \u00fanico paso que dio en cuando a este tipo de planes, sino que ahora tambi\u00e9n&nbsp;<strong>ser\u00e1 la cara de una serie animada<\/strong>&nbsp;producida por Sony Pictures. Titulada<strong>&nbsp;\u201cMessi y los Gigantes\u201d,<\/strong>&nbsp;el capit\u00e1n de la Selecci\u00f3n se convertir\u00e1 en un dibujo animado y contar\u00e1 todas las dificultades de un nene de 12 a\u00f1os que quiere volver a su casa.<\/p>\n\n\n\n<p>\u201c<strong>Estamos encantados de presentar a Messi y los Gigantes<\/strong>&nbsp;en MIPCOM, el mercado global de contenidos de entretenimiento\u201d, dijo Fernando Cabral, vicepresidente ejecutivo de Desarrollo Comercial, Latinoam\u00e9rica-Iberia, Sony Music Entertainment en declaraciones recogidas por el sitio Broadway World.<\/p>\n\n\n\n<p>\u201cCon nuestros socios de Sony Pictures Television &#8211; Kids, estamos ansiosos por compartir la visi\u00f3n y la direcci\u00f3n creativa detr\u00e1s de esta serie inspiradora<strong>&nbsp;con el apoyo total de Leo y su incre\u00edble equipo<\/strong>\u201d, a\u00f1adi\u00f3.<\/p>\n\n\n\n<p>Por su parte, Joe D&#8217;Ambrosia, vicepresidente ejecutivo y director general de Sony Pictures Television \u2013 Kids, expres\u00f3 su emoci\u00f3n de tener al Diez rosarino en su proyecto:&nbsp;<strong>\u201cEl f\u00fatbol es el \u00fanico deporte en todo el mundo que puede inspirar emoci\u00f3n y conexi\u00f3n de la misma manera que lo hace la narraci\u00f3n de historias\u201d.<\/strong><\/p>\n\n\n\n<p>Tambi\u00e9n dio algunos detalles sobre de qu\u00e9 ir\u00e1 la historia: \u201cLo que hace que esta serie sea especial es que se centra en los mismos principios del buen esp\u00edritu deportivo&#8230;&nbsp;<strong>se trata de perseverancia, resiliencia, trabajo en equipo y creer en uno mismo.<\/strong>&nbsp;Hemos disfrutado trabajando con Leo y todo el equipo de Sony Music en esta colaboraci\u00f3n creativa, y esperamos compartir m\u00e1s sobre esta serie reflexiva e inspiradora con nuestros socios de transmisi\u00f3n y plataforma a finales de este mes\u201d.<\/p>\n","protected":false},"excerpt":{"rendered":"<p>El capit\u00e1n de la Selecci\u00f3n argentina comparti\u00f3 un adelanto de la ficci\u00f3n de Sony Pictures que protagonizar\u00e1. En medio de las especulaciones sobre el futuro de\u00a0Lionel Messi,\u00a0ya que comenz\u00f3 la&hellip; <\/p>\n","protected":false},"author":4,"featured_media":94597,"comment_status":"closed","ping_status":"open","sticky":false,"template":"","format":"standard","meta":{"footnotes":""},"categories":[19],"tags":[],"class_list":["post-94596","post","type-post","status-publish","format-standard","has-post-thumbnail","hentry","category-espectaculos"],"_links":{"self":[{"href":"https:\/\/corrientesdetarde.com\/index.php\/wp-json\/wp\/v2\/posts\/94596","targetHints":{"allow":["GET"]}}],"collection":[{"href":"https:\/\/corrientesdetarde.com\/index.php\/wp-json\/wp\/v2\/posts"}],"about":[{"href":"https:\/\/corrientesdetarde.com\/index.php\/wp-json\/wp\/v2\/types\/post"}],"author":[{"embeddable":true,"href":"https:\/\/corrientesdetarde.com\/index.php\/wp-json\/wp\/v2\/users\/4"}],"replies":[{"embeddable":true,"href":"https:\/\/corrientesdetarde.com\/index.php\/wp-json\/wp\/v2\/comments?post=94596"}],"version-history":[{"count":1,"href":"https:\/\/corrientesdetarde.com\/index.php\/wp-json\/wp\/v2\/posts\/94596\/revisions"}],"predecessor-version":[{"id":94598,"href":"https:\/\/corrientesdetarde.com\/index.php\/wp-json\/wp\/v2\/posts\/94596\/revisions\/94598"}],"wp:featuredmedia":[{"embeddable":true,"href":"https:\/\/corrientesdetarde.com\/index.php\/wp-json\/wp\/v2\/media\/94597"}],"wp:attachment":[{"href":"https:\/\/corrientesdetarde.com\/index.php\/wp-json\/wp\/v2\/media?parent=94596"}],"wp:term":[{"taxonomy":"category","embeddable":true,"href":"https:\/\/corrientesdetarde.com\/index.php\/wp-json\/wp\/v2\/categories?post=94596"},{"taxonomy":"post_tag","embeddable":true,"href":"https:\/\/corrientesdetarde.com\/index.php\/wp-json\/wp\/v2\/tags?post=94596"}],"curies":[{"name":"wp","href":"https:\/\/api.w.org\/{rel}","templated":true}]}}