{"id":94602,"date":"2023-10-11T22:55:03","date_gmt":"2023-10-12T01:55:03","guid":{"rendered":"https:\/\/corrientesdetarde.com\/?p=94602"},"modified":"2023-10-11T22:55:11","modified_gmt":"2023-10-12T01:55:11","slug":"reunion-de-mean-girls-lindsay-lohan-amanda-seyfried-y-lacey-chabert-fueron-vistas-grabando-juntas-en-los-angeles","status":"publish","type":"post","link":"https:\/\/corrientesdetarde.com\/index.php\/espectaculos\/reunion-de-mean-girls-lindsay-lohan-amanda-seyfried-y-lacey-chabert-fueron-vistas-grabando-juntas-en-los-angeles\/","title":{"rendered":"\u00bfReuni\u00f3n de Mean Girls? Lindsay Lohan, Amanda Seyfried y Lacey Chabert fueron vistas grabando juntas en Los \u00c1ngeles"},"content":{"rendered":"\n<p>Las protagonistas de la ic\u00f3nica pel\u00edcula se juntaron para un proyecto secreto casi dos d\u00e9cadas despu\u00e9s de que la comedia llegara a los cines.<\/p>\n\n\n\n<p>Tres de las cuatro int\u00e9rpretes del reparto de Mean Girls,&nbsp;<strong>Lindsay Lohan, Amanda Seyfried y Lacey Chabert,<\/strong>&nbsp;fueron vistas grabando juntas en una cancha de f\u00fatbol de Los \u00c1ngeles. Su presencia en el set encendi\u00f3 el entusiasmo de los fan\u00e1ticos de la pel\u00edcula de los 2000, esperanzados por tener una segunda parte de la ic\u00f3nica comedia.<\/p>\n\n\n\n<figure class=\"wp-block-image\"><img decoding=\"async\" src=\"https:\/\/noticiasargentinas.com\/images\/NA\/Contenidos\/los_argentinos_eligen_irse_del_pa%C3%ADs_en_busca_de_oportunidades_5_copy_copy.webp\" alt=\"los_argentinos_eligen_irse_del_pa\u00eds_en_busca_de_oportunidades_5_copy_copy.png\"\/><\/figure>\n\n\n\n<p>En las im\u00e1genes se puede ver la ausencia de&nbsp;<strong>Rachel McAdams<\/strong>, la actriz que le dio vida a Regina George, el personaje m\u00e1s querido por los fans y la principal antagonista de la historia. Aun as\u00ed, el tr\u00edo irradi\u00f3 felicidad durante su reuni\u00f3n, con Amanda (int\u00e9rprete de Karen Smith) y Lacey (int\u00e9rprete de Gretchen Wieners) vistiendo tajes rosas, en una clara referencia a la pel\u00edcula en la que se visten de rosa los mi\u00e9rcoles.<\/p>\n\n\n\n<p>Adem\u00e1s, Amanda fue vista conduciendo un convertible plateado, en un gui\u00f1o a la memorable escena<strong>&nbsp;\u201cEntra, perdedora. \u00a1Vamos de compras!\u201d.<\/strong>&nbsp;No s\u00f3lo eso, sino que tambi\u00e9n fue vista sosteniendo un micr\u00f3fono mientras vest\u00eda una chaqueta, lo que hace referencia al famoso informe meteorol\u00f3gico que hac\u00eda su personaje en la pel\u00edcula<\/p>\n\n\n\n<figure class=\"wp-block-image\"><img decoding=\"async\" src=\"https:\/\/noticiasargentinas.com\/images\/NA\/Contenidos\/WhatsApp_Image_2023-10-09_at_21.12.27.webp\" alt=\"WhatsApp_Image_2023-10-09_at_21.12.27.jpeg\"\/><\/figure>\n\n\n\n<p>Por su parte, Lindsay (quien le dio vida a Cady Heron, el personaje principal) apareci\u00f3 en el set vestida completamente de negro con una bolsa que dec\u00eda&nbsp;<strong>\u201cMiembro del Plastic\u2019s Club\u201d,<\/strong>&nbsp;reafirmando la conexi\u00f3n de la reuni\u00f3n con la ic\u00f3nica cinta.<\/p>\n\n\n\n<p><strong>\u00bfDe qu\u00e9 va este proyecto? \u00bfSe trata de una secuela?<\/strong>&nbsp;La realidad es que los detalles sobre la reuni\u00f3n permanecen en secreto, pero cabe destacar que Mean Girls celebrar\u00e1 su vig\u00e9simo aniversario el pr\u00f3ximo a\u00f1o.<\/p>\n\n\n\n<p>Seg\u00fan arroj\u00f3 TMZ, una de las posibilidades es que las ex coprotagonistas se hayan reunido para filmar una&nbsp;<strong>publicidad de Pepsi<\/strong>&nbsp;que podr\u00eda estrenarse en el Super Bowl 2024, el cual tendr\u00e1 lugar en febrero.<\/p>\n\n\n\n<p>De momento, no hay confirmaciones oficiales al respecto.<\/p>\n","protected":false},"excerpt":{"rendered":"<p>Las protagonistas de la ic\u00f3nica pel\u00edcula se juntaron para un proyecto secreto casi dos d\u00e9cadas despu\u00e9s de que la comedia llegara a los cines. Tres de las cuatro int\u00e9rpretes del&hellip; <\/p>\n","protected":false},"author":4,"featured_media":94603,"comment_status":"closed","ping_status":"open","sticky":false,"template":"","format":"standard","meta":{"footnotes":""},"categories":[19],"tags":[],"class_list":["post-94602","post","type-post","status-publish","format-standard","has-post-thumbnail","hentry","category-espectaculos"],"_links":{"self":[{"href":"https:\/\/corrientesdetarde.com\/index.php\/wp-json\/wp\/v2\/posts\/94602","targetHints":{"allow":["GET"]}}],"collection":[{"href":"https:\/\/corrientesdetarde.com\/index.php\/wp-json\/wp\/v2\/posts"}],"about":[{"href":"https:\/\/corrientesdetarde.com\/index.php\/wp-json\/wp\/v2\/types\/post"}],"author":[{"embeddable":true,"href":"https:\/\/corrientesdetarde.com\/index.php\/wp-json\/wp\/v2\/users\/4"}],"replies":[{"embeddable":true,"href":"https:\/\/corrientesdetarde.com\/index.php\/wp-json\/wp\/v2\/comments?post=94602"}],"version-history":[{"count":1,"href":"https:\/\/corrientesdetarde.com\/index.php\/wp-json\/wp\/v2\/posts\/94602\/revisions"}],"predecessor-version":[{"id":94604,"href":"https:\/\/corrientesdetarde.com\/index.php\/wp-json\/wp\/v2\/posts\/94602\/revisions\/94604"}],"wp:featuredmedia":[{"embeddable":true,"href":"https:\/\/corrientesdetarde.com\/index.php\/wp-json\/wp\/v2\/media\/94603"}],"wp:attachment":[{"href":"https:\/\/corrientesdetarde.com\/index.php\/wp-json\/wp\/v2\/media?parent=94602"}],"wp:term":[{"taxonomy":"category","embeddable":true,"href":"https:\/\/corrientesdetarde.com\/index.php\/wp-json\/wp\/v2\/categories?post=94602"},{"taxonomy":"post_tag","embeddable":true,"href":"https:\/\/corrientesdetarde.com\/index.php\/wp-json\/wp\/v2\/tags?post=94602"}],"curies":[{"name":"wp","href":"https:\/\/api.w.org\/{rel}","templated":true}]}}