{"id":94607,"date":"2023-10-11T22:59:34","date_gmt":"2023-10-12T01:59:34","guid":{"rendered":"https:\/\/corrientesdetarde.com\/?p=94607"},"modified":"2023-10-11T22:59:45","modified_gmt":"2023-10-12T01:59:45","slug":"con-messi-confirmado-entre-los-titulares-argentina-recibe-a-paraguay-en-el-monumental","status":"publish","type":"post","link":"https:\/\/corrientesdetarde.com\/index.php\/deportes\/con-messi-confirmado-entre-los-titulares-argentina-recibe-a-paraguay-en-el-monumental\/","title":{"rendered":"Con Messi confirmado entre los titulares, Argentina recibe a Paraguay en El Monumental"},"content":{"rendered":"\n<p>Adem\u00e1s, Lionel Scaloni est\u00e1 pensando en el doble nueve con Lautaro Mart\u00ednez y Juli\u00e1n \u00c1lvarez.<\/p>\n\n\n\n<p><strong>La Selecci\u00f3n argentina, con el capit\u00e1n Lionel Messi confirmado entre los titulares por\u00a0Lionel Scaloni<\/strong>, se enfrentar\u00e1 ma\u00f1ana a las 20 como local a Paraguay por la tercera fecha de las Eliminatorias Sudamericanas para clasificar al Mundial de Estados Unidos, M\u00e9xico y Canad\u00e1 2026, en donde el equipo de Lionel Scaloni es l\u00edder con seis puntos.<\/p>\n\n\n\n<p>El \u00e1rbitro principal del encuentro ser\u00e1 el brasilero&nbsp;<strong>Raphael Clauss<\/strong>, mientras que su compatriota&nbsp;<strong>Rodolpho Toski<\/strong>&nbsp;ser\u00e1 el encargado del VAR. El partido ser\u00e1 transmitido por la se\u00f1al de TyC Sports y por el streaming de TyC Sports Play.<\/p>\n\n\n\n<p>Finalmente, para este encuentro&nbsp;<strong>el capit\u00e1n Lionel Messi volver\u00e1 a vestir la camiseta celeste y blanca despu\u00e9s de no haber jugado en la goleada por 3 a 0 frente a Bolivia y adem\u00e1s ser\u00e1 parte de los titulares en El Monumental<\/strong>, acompa\u00f1ado por Nicol\u00e1s Gonz\u00e1lez y por Juli\u00e1n \u00c1lvarez o Lautaro Mart\u00ednez, una de las dudas de Scaloni.<\/p>\n\n\n\n<p>Las otras dos dudas son en la defensa, en los dos laterales:&nbsp;<strong>Gonzalo Montiel o Nahuel Molina por el lado derecho, y Nicol\u00e1s Tagliafico o Marcos Acu\u00f1a -ya recuperado de su molestia- por el lado derecho.<\/strong>&nbsp;Los centrales, como siempre, ser\u00e1n Nicol\u00e1s Otamendi y Cristian &#8220;Cuti&#8221; Romero.<\/p>\n\n\n\n<p>En la mitad de la cancha, a pesar del regreso de Giovani Lo Celso y de contar con varios futbolistas en distintos puestos, el entrenador se decantar\u00e1 por el tr\u00edo&nbsp;<strong>Rodrigo De Paul, Enzo Fern\u00e1ndez y Alexis Mac Allister<\/strong>.<\/p>\n\n\n\n<p>Por el lado de Paraguay, que&nbsp;<strong>tendr\u00e1 el debut de Daniel Garnero como entrenador en lugar de Guillermo Barros Schelotto<\/strong>, cont\u00f3 con las novedades de tres futbolistas que militan en el f\u00fatbol argentino que no fueron convocados en la primera fecha: Adam Bareiro de San Lorenzo, Alberto Esp\u00edndola de Col\u00f3n y Mat\u00edas Galarza de Talleres de C\u00f3rdoba.<\/p>\n\n\n\n<h2 class=\"wp-block-heading\">Argentina vs. Paraguay: datos y probables formaciones:<\/h2>\n\n\n\n<p><strong>Eliminatorias Mundial&nbsp;Estados Unidos, M\u00e9xico y Canad\u00e1 2026.<\/strong><br><strong>Fecha 3.<\/strong><br><strong>Estadio:<\/strong>&nbsp;El Monumental.<br><strong>\u00c1rbitro:<\/strong>&nbsp;Raphael Clauss.<br><strong>VAR:<\/strong>&nbsp;Rodolpho Toski.<br><strong>Hora:<\/strong>&nbsp;20.&nbsp;<strong>TV:<\/strong>&nbsp;TyC Sports y TyC Sports Play.<\/p>\n\n\n\n<p><strong>Argentina:<\/strong>&nbsp;Emiliano Mart\u00ednez; Nahuel Molina o Gonzalo Montiel, Cristian Romero, Nicol\u00e1s Otamendi, Nicol\u00e1s Tagliafico o Marcos Acu\u00f1a; Rodrigo De Paul, Enzo Fern\u00e1ndez, Alexis Mac Allister; Lionel Messi, Juli\u00e1n \u00c1lvarez o Lautaro Mart\u00ednez, Nicol\u00e1s Gonz\u00e1lez.&nbsp;<strong>DT:<\/strong>&nbsp;Lionel Scaloni.<\/p>\n\n\n\n<p><strong>Paraguay:<\/strong>&nbsp;Carlos Coronel; Alberto Esp\u00ednola, Gustavo G\u00f3mez, Fabi\u00e1n Balbuena y Mat\u00edas Espinoza; Gast\u00f3n Gim\u00e9nez, Math\u00edas Villasanti, Mat\u00edas Rojas, Ram\u00f3n Sosa y Miguel Almir\u00f3n; Antonio Sanabria.&nbsp;<strong>DT:<\/strong>&nbsp;Daniel Garnero.<\/p>\n","protected":false},"excerpt":{"rendered":"<p>Adem\u00e1s, Lionel Scaloni est\u00e1 pensando en el doble nueve con Lautaro Mart\u00ednez y Juli\u00e1n \u00c1lvarez. La Selecci\u00f3n argentina, con el capit\u00e1n Lionel Messi confirmado entre los titulares por\u00a0Lionel Scaloni, se&hellip; <\/p>\n","protected":false},"author":4,"featured_media":94608,"comment_status":"closed","ping_status":"open","sticky":false,"template":"","format":"standard","meta":{"footnotes":""},"categories":[4],"tags":[],"class_list":["post-94607","post","type-post","status-publish","format-standard","has-post-thumbnail","hentry","category-deportes"],"_links":{"self":[{"href":"https:\/\/corrientesdetarde.com\/index.php\/wp-json\/wp\/v2\/posts\/94607","targetHints":{"allow":["GET"]}}],"collection":[{"href":"https:\/\/corrientesdetarde.com\/index.php\/wp-json\/wp\/v2\/posts"}],"about":[{"href":"https:\/\/corrientesdetarde.com\/index.php\/wp-json\/wp\/v2\/types\/post"}],"author":[{"embeddable":true,"href":"https:\/\/corrientesdetarde.com\/index.php\/wp-json\/wp\/v2\/users\/4"}],"replies":[{"embeddable":true,"href":"https:\/\/corrientesdetarde.com\/index.php\/wp-json\/wp\/v2\/comments?post=94607"}],"version-history":[{"count":1,"href":"https:\/\/corrientesdetarde.com\/index.php\/wp-json\/wp\/v2\/posts\/94607\/revisions"}],"predecessor-version":[{"id":94609,"href":"https:\/\/corrientesdetarde.com\/index.php\/wp-json\/wp\/v2\/posts\/94607\/revisions\/94609"}],"wp:featuredmedia":[{"embeddable":true,"href":"https:\/\/corrientesdetarde.com\/index.php\/wp-json\/wp\/v2\/media\/94608"}],"wp:attachment":[{"href":"https:\/\/corrientesdetarde.com\/index.php\/wp-json\/wp\/v2\/media?parent=94607"}],"wp:term":[{"taxonomy":"category","embeddable":true,"href":"https:\/\/corrientesdetarde.com\/index.php\/wp-json\/wp\/v2\/categories?post=94607"},{"taxonomy":"post_tag","embeddable":true,"href":"https:\/\/corrientesdetarde.com\/index.php\/wp-json\/wp\/v2\/tags?post=94607"}],"curies":[{"name":"wp","href":"https:\/\/api.w.org\/{rel}","templated":true}]}}