{"id":94636,"date":"2023-10-12T08:54:59","date_gmt":"2023-10-12T11:54:59","guid":{"rendered":"https:\/\/corrientesdetarde.com\/?p=94636"},"modified":"2023-10-12T08:55:11","modified_gmt":"2023-10-12T11:55:11","slug":"ester-velazquez-quiso-matarme-y-la-justicia-jamas-me-defendio","status":"publish","type":"post","link":"https:\/\/corrientesdetarde.com\/index.php\/policiales\/ester-velazquez-quiso-matarme-y-la-justicia-jamas-me-defendio\/","title":{"rendered":"Ester Vel\u00e1zquez: &#8220;Quiso matarme y la Justicia jam\u00e1s me defendi\u00f3&#8221;"},"content":{"rendered":"\n<p>La C\u00e1mara de apelaciones de la ciudad de Mercedes decidi\u00f3 a comienzos del mes de septiembre liberar a un sujeto, acusado por el intento de femicidio contra su expareja. A dos meses del brutal ataque en el que casi pierde la vida, Ester Vel\u00e1zquez decidi\u00f3 hablar y exigir justicia. Todav\u00eda con grav\u00edsimas secuelas para comunicarse, como consecuencia de las lesiones que sufri\u00f3 en el hecho, asegura que jam\u00e1s se sinti\u00f3 defendida o protegida por la Justicia. &#8220;Las pericias fueron p\u00e9simamente hechas y, para colmo, un bombero se rob\u00f3 la barreta con la fui golpeada, que era la principal evidencia del caso y que luego el fiscal no la present\u00f3 debidamente ante el tribunal&#8221;, confirm\u00f3 la v\u00edctima, en di\u00e1logo con diario \u00e9poca.<\/p>\n\n\n\n<p>&#8220;Tengo much\u00edsimo miedo, vivo encerrada mirando por la ventana, deseando que este tipo no vuelva a aparecer y termine lo que hace dos meses empez\u00f3. Siempre dijo que si volv\u00edamos me iba a matar y se iba a matar \u00e9l luego. No cumpli\u00f3 ninguna de las dos cosas, por suerte para m\u00ed&#8221;, dijo Ester.<\/p>\n\n\n\n<p>La mujer, actualmente de 45 a\u00f1os, madre de dos hijos menores de 17 y 8 a\u00f1os, hab\u00eda iniciado una relaci\u00f3n con J. Sol\u00eds, de 50 a\u00f1os, en el 2019. Durante el primer tiempo todo fue muy rom\u00e1ntico y afectivo, hasta que a los pocos meses el hombre comenz\u00f3 con sus problemas de alcoholismo, violencia verbal, psicol\u00f3gica y hasta f\u00edsica. A fines de mayo, Ester decidi\u00f3 poner punto final a la relaci\u00f3n y los encuentros entre ambos se fueron terminando, pese a la insistencia de Sol\u00eds por otro acercamiento.<\/p>\n\n\n\n<p>&#8220;El domingo 6 de agosto, \u00e9l me pidi\u00f3 nuevamente para hablar y yo acept\u00e9, sin poner fecha y hora. Estaba en mi casa durmiendo ya cuando lleg\u00f3 en su moto y comenz\u00f3 a golpear para que hablemos. Medio dormida le abr\u00ed la puerta y lo dej\u00e9 entrar. Lleg\u00f3 y otra vez parec\u00eda haber bebido bastante o ingerido algo m\u00e1s. Ese fue mi gran error. Enseguida comenz\u00f3 a indagarme si hab\u00eda salido el fin de semana, con qui\u00e9n y qu\u00e9 hab\u00eda hecho. Me empez\u00f3 a gritar, a insultarme dici\u00e9ndome cosas horribles. Me tom\u00f3 del cuello, me tir\u00f3 a la cama y me dijo \u2018ahora te voy a matar\u2019. Tom\u00f3 el rifle calibre 22 que tengo en casa, me apunt\u00f3 a la nuca y antes que disparara le pegu\u00e9 un manotazo y la bala impact\u00f3 en mi cama&#8221;, cont\u00f3 a\u00fan conmocionada por lo sucedido.<\/p>\n\n\n\n<figure class=\"wp-block-image\"><img decoding=\"async\" src=\"https:\/\/www.diarioepoca.com\/content\/bucket\/6\/1325306w380h438c.jpg.webp\" alt=\"\"\/><\/figure>\n\n\n\n<p>Tras el disparo, el sujeto corri\u00f3 hasta donde estaba la moto y lleg\u00f3 con una barreta en la mano con la que sin mediar palabras le aplic\u00f3 un golpe en el centro de la cabeza a Ester. Tan violento fue, que le fractur\u00f3 el cr\u00e1neo, le destroz\u00f3 la frente y afect\u00f3 directamente a su ojo izquierdo.<\/p>\n\n\n\n<p>Ester continu\u00f3 su relato: &#8220;Despu\u00e9s de pegarme, me arroj\u00f3 alcohol, me prendi\u00f3 fuego y huy\u00f3. Con lo poco que me quedaba de fuerza y lucidez, me arranqu\u00e9 la remera que estaba en llamas y pegada a mi brazo izquierdo y sal\u00ed a la calle. Mis vecinos me asistieron y llamaron a la Polic\u00eda y a los bomberos. Sangraba un mont\u00f3n por las lesiones. Estuve 48 horas inconciente en el hospital, adolorida y desfigurada por el ataque&#8221;.<\/p>\n\n\n\n<figure class=\"wp-block-image\"><img decoding=\"async\" src=\"https:\/\/www.diarioepoca.com\/content\/bucket\/7\/1325307w380h438c.jpg.webp\" alt=\"\"\/><\/figure>\n\n\n\n<h2 class=\"wp-block-heading\">Pericias cuestionadas<\/h2>\n\n\n\n<p>Mientras tanto, las pericias que se realizaron en la casa de Ester, al parecer, no fueron concluyentes para la Justicia. Nunca hallaron la vaina servida de disparo del rifle, tampoco el plomo que se supone debi\u00f3 quedar en la cama o incrustado en la mamposter\u00eda. Lo mismo pas\u00f3 con la barreta, aunque en este caso ten\u00eda una explicaci\u00f3n, un bombero de apellido Paredes decidi\u00f3 llev\u00e1rselo con \u00e9l, pese a que no le pertenec\u00eda, alterando de esta manera la escena de un intento de femicidio, borrando las posibles huellas que pudo haber dejado el agresor.<\/p>\n\n\n\n<p>La propia v\u00edctima, tras salir de su internaci\u00f3n, tuvo que ir a buscar la barreta, que luego el imprudente bombero la present\u00f3 a la fiscal\u00eda pero, incre\u00edblemente, el ministerio p\u00fablico no la habr\u00eda presentado ante los jueces para acreditar con ella parte de la agresi\u00f3n.<\/p>\n\n\n\n<p>Sol\u00eds estuvo preso alrededor de 12 d\u00edas y tras la primera semana de septiembre sus abogados, que ya hab\u00edan apelado la prisi\u00f3n preventiva, lograron que la c\u00e1mara de apelaciones de Mercedes libere al \u00fanico acusado de la agresi\u00f3n.<\/p>\n\n\n\n<p>Hoy, Ester vive momentos de zozobra. Por momentos le vuelven a la mente aquellos momentos que la marcaron, f\u00edsica y emocionalmente. &#8220;No bast\u00f3 que me reviente la cabeza de un barretazo, tampoco mostrarles mis lesiones que incluyen la p\u00e9rdida de un ojo y mi rostro desfigurado; ni siquiera mi brazo quemado por el alcohol que me arroj\u00f3, ni que me haya disparado un tiro. Para ellos no hubo un intento de femicidio. Hoy no puedo dormir bien, vivo encerrada y con miedo. Mientras, el que intent\u00f3 asesinarme goza de su libertad, gracias a la inacci\u00f3n de la Justicia, a quien hago responsable por lo que me pase o a mis hijos&#8221;, agreg\u00f3. Ester ya tiene asistencia legal y va por la apelaci\u00f3n de la libertad de Sol\u00eds. &#8220;Solo espero encontrar jueces a la altura de las circunstancias&#8221;, concluy\u00f3.<\/p>\n","protected":false},"excerpt":{"rendered":"<p>La C\u00e1mara de apelaciones de la ciudad de Mercedes decidi\u00f3 a comienzos del mes de septiembre liberar a un sujeto, acusado por el intento de femicidio contra su expareja. A&hellip; <\/p>\n","protected":false},"author":12,"featured_media":94646,"comment_status":"closed","ping_status":"open","sticky":false,"template":"","format":"standard","meta":{"footnotes":""},"categories":[33],"tags":[],"class_list":["post-94636","post","type-post","status-publish","format-standard","has-post-thumbnail","hentry","category-policiales"],"_links":{"self":[{"href":"https:\/\/corrientesdetarde.com\/index.php\/wp-json\/wp\/v2\/posts\/94636","targetHints":{"allow":["GET"]}}],"collection":[{"href":"https:\/\/corrientesdetarde.com\/index.php\/wp-json\/wp\/v2\/posts"}],"about":[{"href":"https:\/\/corrientesdetarde.com\/index.php\/wp-json\/wp\/v2\/types\/post"}],"author":[{"embeddable":true,"href":"https:\/\/corrientesdetarde.com\/index.php\/wp-json\/wp\/v2\/users\/12"}],"replies":[{"embeddable":true,"href":"https:\/\/corrientesdetarde.com\/index.php\/wp-json\/wp\/v2\/comments?post=94636"}],"version-history":[{"count":1,"href":"https:\/\/corrientesdetarde.com\/index.php\/wp-json\/wp\/v2\/posts\/94636\/revisions"}],"predecessor-version":[{"id":94647,"href":"https:\/\/corrientesdetarde.com\/index.php\/wp-json\/wp\/v2\/posts\/94636\/revisions\/94647"}],"wp:featuredmedia":[{"embeddable":true,"href":"https:\/\/corrientesdetarde.com\/index.php\/wp-json\/wp\/v2\/media\/94646"}],"wp:attachment":[{"href":"https:\/\/corrientesdetarde.com\/index.php\/wp-json\/wp\/v2\/media?parent=94636"}],"wp:term":[{"taxonomy":"category","embeddable":true,"href":"https:\/\/corrientesdetarde.com\/index.php\/wp-json\/wp\/v2\/categories?post=94636"},{"taxonomy":"post_tag","embeddable":true,"href":"https:\/\/corrientesdetarde.com\/index.php\/wp-json\/wp\/v2\/tags?post=94636"}],"curies":[{"name":"wp","href":"https:\/\/api.w.org\/{rel}","templated":true}]}}