{"id":94651,"date":"2023-10-12T09:21:23","date_gmt":"2023-10-12T12:21:23","guid":{"rendered":"https:\/\/corrientesdetarde.com\/?p=94651"},"modified":"2023-10-12T09:21:34","modified_gmt":"2023-10-12T12:21:34","slug":"jesica-cirio-explico-como-es-el-acuerdo-economico-actual-que-establecieron-con-martin-insaurralde","status":"publish","type":"post","link":"https:\/\/corrientesdetarde.com\/index.php\/espectaculos\/jesica-cirio-explico-como-es-el-acuerdo-economico-actual-que-establecieron-con-martin-insaurralde\/","title":{"rendered":"Jesica Cirio explic\u00f3 c\u00f3mo es el acuerdo econ\u00f3mico actual que establecieron con Mart\u00edn Insaurralde"},"content":{"rendered":"\n<p><strong>Jesica Cirio se siente colapsada por el caso Insaurralde<\/strong>. En medio de la desilusi\u00f3n por las fotos y el video que salieron a luz y confirman que el pol\u00edtico la enga\u00f1\u00f3 con<strong>\u00a0Sof\u00eda Clerici,<\/strong>\u00a0desea cerrar este cap\u00edtulo cuanto antes, pero necesita que se agilice la\u00a0<strong>divisi\u00f3n de bienes.<\/strong><\/p>\n\n\n\n<p>Si bien firmaron el divorcio en julio &#8211; ocho meses despu\u00e9s de la separaci\u00f3n-, todav\u00eda quedan cuestiones econ\u00f3micas por resolver. Por eso la modelo neg\u00f3 haber recibido 20 millones de d\u00f3lares de parte de\u00a0<strong>Mart\u00edn Insaurralde<\/strong>, y explic\u00f3\u00a0<strong>cu\u00e1l es el acuerdo que tienen actualmente.<\/strong><\/p>\n\n\n\n<p>En uno de los noticieros de&nbsp;<em>Telefe<\/em>, sostuvo que&nbsp;<strong>\u00e9l solo paga la cuota del colegio de su hija Chlo\u00e9 -que en noviembre cumplir\u00e1 6 a\u00f1os- y la obra social de la nena.&nbsp;<\/strong>\u201cDe la ropa me encargo yo. Nuestro v\u00ednculo es complejo, pero quiero aclarar que es un pap\u00e1 muy presente\u201d, se ataj\u00f3.<\/p>\n\n\n\n<figure class=\"wp-block-image\"><img decoding=\"async\" src=\"https:\/\/tn.com.ar\/resizer\/mzdZbUlUYVpyIWf5ozTewHf7LBA=\/767x0\/smart\/filters:format(webp)\/cloudfront-us-east-1.images.arcpublishing.com\/artear\/K6YFYXECFVEYTEQZAC5PWXPG6E.jpg\" alt=\"Jesica Cirio y Mart\u00edn Insaurralde tienen una hija en com\u00fan. (Foto: instagram\/jesicacirio)\"\/><figcaption>Jesica Cirio y Mart\u00edn Insaurralde tienen una hija en com\u00fan. (Foto: instagram\/jesicacirio)<\/figcaption><\/figure>\n\n\n\n<h2 class=\"wp-block-heading\">El momento en el que Jesica Cirio le pidi\u00f3 el divorcio a Mart\u00edn Insaurralde<\/h2>\n\n\n\n<p><strong>Jesica Cirio<\/strong>\u00a0habl\u00f3 por primera vez del d\u00eda que\u00a0<strong>le puso punto final a su matrimonio con Mart\u00edn Insaurralde,\u00a0<\/strong>con quien se hab\u00eda casado en 2014. Al aire de\u00a0<em>El Noticiero de la Gente (Telefe),\u00a0<\/em>se\u00f1al\u00f3 que la separaci\u00f3n se dio en noviembre, aunque decidi\u00f3 comunicarlo a fines de junio por algunas cuestiones en las que no profundiz\u00f3.<\/p>\n\n\n\n<figure class=\"wp-block-image\"><img decoding=\"async\" src=\"https:\/\/tn.com.ar\/resizer\/-fofFu9XBA2pigly0hd0kKp84iQ=\/767x0\/smart\/filters:format(webp)\/cloudfront-us-east-1.images.arcpublishing.com\/artear\/BDKBY6EPG5BVXONJTJ55EVYJS4.jpg\" alt=\"Jesica Cirio y Mart\u00edn Insaurralde se separaron en noviembre, pero lo anunciaron en junio de este a\u00f1o. (Foto: Twitter\/jescirio)\"\/><figcaption>Jesica Cirio y Mart\u00edn Insaurralde se separaron en noviembre, pero lo anunciaron en junio de este a\u00f1o. (Foto: Twitter\/jescirio)<\/figcaption><\/figure>\n\n\n\n<p>\u201cMe empec\u00e9 a dar cuenta que no ten\u00edamos cosas en com\u00fan. La esencia de \u00e9l siempre fue la misma, muy familiero. El trabajo excesivo puede que lo haya cambiado un poco. Tal vez fue por el desgaste de la relaci\u00f3n y no llevarnos tan bien. Tenemos caminos muy distintos. La independencia que yo ten\u00eda no colabor\u00f3 demasiado para que esto siga\u201d, explic\u00f3, y dijo que inmediatamente se mud\u00f3 a su departamento de soltera, en Palermo.<\/p>\n\n\n\n<figure class=\"wp-block-image\"><img decoding=\"async\" src=\"https:\/\/tn.com.ar\/resizer\/9xmatxu4EiieJC-o9WT1H5NqJkI=\/767x0\/smart\/filters:format(webp)\/cloudfront-us-east-1.images.arcpublishing.com\/artear\/JWDCVGQYZNGRPEXEM5GC3QXBHQ.jpg\" alt=\"Jesica Cirio y Mart\u00edn Insaurralde solo se hablan por la hija que tienen en com\u00fan. (Foto: instagram\/jesicacirio)\"\/><figcaption>Jesica Cirio y Mart\u00edn Insaurralde solo se hablan por la hija que tienen en com\u00fan. (Foto: instagram\/jesicacirio)<\/figcaption><\/figure>\n\n\n\n<p>Por \u00faltimo, se refiri\u00f3 al escandaloso video que se viraliz\u00f3 d\u00edas atr\u00e1s, donde se lo ve\u00eda teniendo sexo con Sof\u00eda Clerici. \u201cLo de Mart\u00edn con Clerici no lo sab\u00eda. De otras infidelidades no me enter\u00e9. Hac\u00eda tiempo que la relaci\u00f3n no estaba bien. Yo ve\u00eda ciertas situaciones y no estaba c\u00f3moda\u201d, concluy\u00f3 sobre los motivos que la impulsaron a terminar la historia de una d\u00e9cada.<\/p>\n","protected":false},"excerpt":{"rendered":"<p>Jesica Cirio se siente colapsada por el caso Insaurralde. En medio de la desilusi\u00f3n por las fotos y el video que salieron a luz y confirman que el pol\u00edtico la&hellip; <\/p>\n","protected":false},"author":12,"featured_media":94657,"comment_status":"closed","ping_status":"open","sticky":false,"template":"","format":"standard","meta":{"footnotes":""},"categories":[19],"tags":[],"class_list":["post-94651","post","type-post","status-publish","format-standard","has-post-thumbnail","hentry","category-espectaculos"],"_links":{"self":[{"href":"https:\/\/corrientesdetarde.com\/index.php\/wp-json\/wp\/v2\/posts\/94651","targetHints":{"allow":["GET"]}}],"collection":[{"href":"https:\/\/corrientesdetarde.com\/index.php\/wp-json\/wp\/v2\/posts"}],"about":[{"href":"https:\/\/corrientesdetarde.com\/index.php\/wp-json\/wp\/v2\/types\/post"}],"author":[{"embeddable":true,"href":"https:\/\/corrientesdetarde.com\/index.php\/wp-json\/wp\/v2\/users\/12"}],"replies":[{"embeddable":true,"href":"https:\/\/corrientesdetarde.com\/index.php\/wp-json\/wp\/v2\/comments?post=94651"}],"version-history":[{"count":1,"href":"https:\/\/corrientesdetarde.com\/index.php\/wp-json\/wp\/v2\/posts\/94651\/revisions"}],"predecessor-version":[{"id":94658,"href":"https:\/\/corrientesdetarde.com\/index.php\/wp-json\/wp\/v2\/posts\/94651\/revisions\/94658"}],"wp:featuredmedia":[{"embeddable":true,"href":"https:\/\/corrientesdetarde.com\/index.php\/wp-json\/wp\/v2\/media\/94657"}],"wp:attachment":[{"href":"https:\/\/corrientesdetarde.com\/index.php\/wp-json\/wp\/v2\/media?parent=94651"}],"wp:term":[{"taxonomy":"category","embeddable":true,"href":"https:\/\/corrientesdetarde.com\/index.php\/wp-json\/wp\/v2\/categories?post=94651"},{"taxonomy":"post_tag","embeddable":true,"href":"https:\/\/corrientesdetarde.com\/index.php\/wp-json\/wp\/v2\/tags?post=94651"}],"curies":[{"name":"wp","href":"https:\/\/api.w.org\/{rel}","templated":true}]}}