{"id":94652,"date":"2023-10-12T09:35:47","date_gmt":"2023-10-12T12:35:47","guid":{"rendered":"https:\/\/corrientesdetarde.com\/?p=94652"},"modified":"2023-10-12T09:35:52","modified_gmt":"2023-10-12T12:35:52","slug":"devolucion-del-iva-como-reclamar-si-no-se-recibio-el-reintegro-del-21-y-otras-claves-del-programa","status":"publish","type":"post","link":"https:\/\/corrientesdetarde.com\/index.php\/economia\/devolucion-del-iva-como-reclamar-si-no-se-recibio-el-reintegro-del-21-y-otras-claves-del-programa\/","title":{"rendered":"Devoluci\u00f3n del IVA: c\u00f3mo reclamar si no se recibi\u00f3 el reintegro del 21% y otras claves del programa"},"content":{"rendered":"\n<p>A casi un mes de su puesta en marcha, los beneficiarios del programa\u00a0\u201c<strong>Compre sin IVA<\/strong>\u201d\u00a0que realizaron compras de<strong>\u00a0alimentos y otros productos\u00a0<\/strong>de la canasta b\u00e1sica con\u00a0<strong>tarjeta de d\u00e9bito<\/strong>reciben la\u00a0<strong>devoluci\u00f3n del 21%<\/strong>\u00a0o el proporcional correspondiente en sus cuentas bancarias. Sin embargo, algunas personas reportan\u00a0<strong>demoras\u00a0<\/strong>e\u00a0<strong>inconvenientes\u00a0<\/strong>en el reembolso del dinero.<\/p>\n\n\n\n<p>El\u00a0<strong>reintegro,<\/strong>\u00a0que tiene un tope mensual de $18.800, ser\u00e1\u00a0<strong>acreditado<\/strong>\u00a0de\u00a0<strong>forma autom\u00e1tica<\/strong>\u00a0en la\u00a0<strong>cuenta bancaria<\/strong>\u00a0donde la persona percibe sus\u00a0<strong>ingresos<\/strong>,\u00a0<strong>asignaci\u00f3n<\/strong>,\u00a0<strong>pensi\u00f3n<\/strong>\u00a0o\u00a0<strong>jubilaci\u00f3n<\/strong>. La devoluci\u00f3n\u00a0<strong>puede tardar hasta 48 horas<\/strong>\u00a0despu\u00e9s de la compra. En caso de no recibirlo, pueden\u00a0<strong>iniciar un reclamo\u00a0<\/strong>ante la\u00a0<strong>AFIP<\/strong>.<\/p>\n\n\n\n<p>En octubre, los beneficiarios del programa nacional son<strong>&nbsp;jubilados y pensionados&nbsp;<\/strong>con ingresos de hasta $524.754;&nbsp;<strong>monotributistas<\/strong>,&nbsp;<strong>trabajadores registrados<\/strong>&nbsp;con ingresos de hasta&nbsp;<strong>$792.000&nbsp;<\/strong>(seis salarios m\u00ednimos); personal de&nbsp;<strong>Casas Particulares<\/strong>; titulares de&nbsp;<strong>AUH, Tarjeta Alimentar y Potenciar Trabajo<\/strong>.<\/p>\n\n\n\n<h2 class=\"wp-block-heading\">C\u00f3mo reclamar ante AFIP si no se recibe el reintegro del 21%<\/h2>\n\n\n\n<p>Antes de iniciar el reclamo, los beneficiarios del programa de\u00a0<strong>devoluci\u00f3n del IVA<\/strong>\u00a0deben tener en cuenta un requisito operativo para recibir el reintegro: tienen que tener el\u00a0<strong>CBU declarado ante la AFIP<\/strong>para poder recibir la devoluci\u00f3n.<\/p>\n\n\n\n<p>Para&nbsp;<strong>iniciar el reclamo<\/strong>&nbsp;por la falta del reintegro del 21%, se debe:<\/p>\n\n\n\n<ul class=\"wp-block-list\"><li>Ingresar a la web de AFIP con&nbsp;<strong>Clave Fiscal&nbsp;<\/strong>y&nbsp;<strong>CUIT\/CUIL<\/strong>;<\/li><li>En la secci\u00f3n Reclamos y Sugerencias hacer clic en \u201c<strong>Programa de Asistencia al Ciudadano<\/strong>\u201d;<\/li><li>Completar el formulario con&nbsp;<strong>datos personales<\/strong>,&nbsp;<strong>n\u00famero de tel\u00e9fono&nbsp;<\/strong>y&nbsp;<strong>mail<\/strong>;<\/li><li>Detallar los&nbsp;<strong>motivos del reclamo<\/strong>, en este caso, la no devoluci\u00f3n del IVA.<\/li><\/ul>\n\n\n\n<p>Tambi\u00e9n se puede hacer el reclamo por tel\u00e9fono en la l\u00ednea de Atenci\u00f3n al Usuario a trav\u00e9s del&nbsp;<strong>0800 999 2347<\/strong>.<\/p>\n\n\n\n<figure class=\"wp-block-image\"><img decoding=\"async\" src=\"https:\/\/tn.com.ar\/resizer\/F4_j9L-a23uPDF3qKtGKxZkMj3E=\/767x0\/smart\/filters:format(webp)\/cloudfront-us-east-1.images.arcpublishing.com\/artear\/4LHOAWNMMVAMXIVD7AEMDGGOHI.jpg\" alt=\"DEVOLUCI\u00d3N DEL IVA. A casi un mes de su implementaci\u00f3n, algunas personas reportan demoras o impago del reintegro del 21% (Foto: EFE)\"\/><figcaption>DEVOLUCI\u00d3N DEL IVA. A casi un mes de su implementaci\u00f3n, algunas personas reportan demoras o impago del reintegro del 21% (Foto: EFE)<\/figcaption><\/figure>\n\n\n\n<h2 class=\"wp-block-heading\">Cu\u00e1ndo se reintegra el dinero de la devoluci\u00f3n del IVA<\/h2>\n\n\n\n<ul class=\"wp-block-list\"><li>El reintegro&nbsp;<strong>se deposita hasta 48 horas despu\u00e9s de la compra<\/strong>, de forma autom\u00e1tica y&nbsp;<strong>en la cuenta bancaria<\/strong>&nbsp;de la tarjeta de d\u00e9bito asociada.<\/li><li>Seg\u00fan AFIP, las<strong>&nbsp;compras realizadas hasta las 17:00<\/strong>&nbsp;de un d\u00eda ser\u00e1n reintegradas&nbsp;<strong>a las 24 horas&nbsp;<\/strong>de efectuado el consumo.<\/li><li>Aquellas compras efectuadas<strong>&nbsp;despu\u00e9s de las 17:00&nbsp;<\/strong>se acreditar\u00e1n en la cuenta del consumo&nbsp;<strong>a las 48 horas.<\/strong><\/li><li>La devoluci\u00f3n del dinero ser\u00e1 sobre el&nbsp;<strong>total del ticket<\/strong>, al menos hasta que AFIP afine el sistema por productos.<\/li><li>El reintegro figurar\u00e1 en el resumen de cuenta de la tarjeta de d\u00e9bito con la leyenda&nbsp;<strong>\u201cReintegro programa COMPRE SIN IVA\u201d<\/strong>.<\/li><\/ul>\n\n\n\n<p><strong>Le\u00e9 tambi\u00e9n:\u00a0Devoluci\u00f3n del IVA: en qu\u00e9 cuenta se acredita el reintegro del 21%<\/strong><\/p>\n\n\n\n<h2 class=\"wp-block-heading\">Qu\u00e9 compras est\u00e1n alcanzadas por la devoluci\u00f3n del IVA<\/h2>\n\n\n\n<p><strong>La AFIP&nbsp;<\/strong>record\u00f3 que&nbsp;<strong>la devoluci\u00f3n del 21% para compras con tarjeta de d\u00e9bito<\/strong>&nbsp;alcanza<strong>&nbsp;\u00fanicamente a productos de la canasta b\u00e1sica<\/strong>.<\/p>\n\n\n\n<p>Rige para<strong>&nbsp;comercios mayoristas y minoristas de alimentos, art\u00edculos de higiene personal y medicamentos,<\/strong>&nbsp;por un monto mensual de hasta $18.800.<\/p>\n\n\n\n<p>El organismo desminti\u00f3 que el programa compre sin IVA incluya reintegros al dinero retirado en l\u00ednea de cajas de los supermercados. Remarc\u00f3 que desde la implementaci\u00f3n del programa,<strong>&nbsp;el organismo verifica el cumplimiento del reintegro&nbsp;<\/strong>acorde a la normativa vigente&nbsp;<strong>para evitar eventuales maniobras fraudulenta<\/strong>s. Las acciones permanentes de fiscalizaci\u00f3n pueden dar lugar a multas sobre los establecimientos, usuarios y la suspensi\u00f3n de sus respectivos CUIT o CUIL.<\/p>\n","protected":false},"excerpt":{"rendered":"<p>A casi un mes de su puesta en marcha, los beneficiarios del programa\u00a0\u201cCompre sin IVA\u201d\u00a0que realizaron compras de\u00a0alimentos y otros productos\u00a0de la canasta b\u00e1sica con\u00a0tarjeta de d\u00e9bitoreciben la\u00a0devoluci\u00f3n del 21%\u00a0o&hellip; <\/p>\n","protected":false},"author":12,"featured_media":94659,"comment_status":"closed","ping_status":"open","sticky":false,"template":"","format":"standard","meta":{"footnotes":""},"categories":[20],"tags":[],"class_list":["post-94652","post","type-post","status-publish","format-standard","has-post-thumbnail","hentry","category-economia"],"_links":{"self":[{"href":"https:\/\/corrientesdetarde.com\/index.php\/wp-json\/wp\/v2\/posts\/94652","targetHints":{"allow":["GET"]}}],"collection":[{"href":"https:\/\/corrientesdetarde.com\/index.php\/wp-json\/wp\/v2\/posts"}],"about":[{"href":"https:\/\/corrientesdetarde.com\/index.php\/wp-json\/wp\/v2\/types\/post"}],"author":[{"embeddable":true,"href":"https:\/\/corrientesdetarde.com\/index.php\/wp-json\/wp\/v2\/users\/12"}],"replies":[{"embeddable":true,"href":"https:\/\/corrientesdetarde.com\/index.php\/wp-json\/wp\/v2\/comments?post=94652"}],"version-history":[{"count":1,"href":"https:\/\/corrientesdetarde.com\/index.php\/wp-json\/wp\/v2\/posts\/94652\/revisions"}],"predecessor-version":[{"id":94660,"href":"https:\/\/corrientesdetarde.com\/index.php\/wp-json\/wp\/v2\/posts\/94652\/revisions\/94660"}],"wp:featuredmedia":[{"embeddable":true,"href":"https:\/\/corrientesdetarde.com\/index.php\/wp-json\/wp\/v2\/media\/94659"}],"wp:attachment":[{"href":"https:\/\/corrientesdetarde.com\/index.php\/wp-json\/wp\/v2\/media?parent=94652"}],"wp:term":[{"taxonomy":"category","embeddable":true,"href":"https:\/\/corrientesdetarde.com\/index.php\/wp-json\/wp\/v2\/categories?post=94652"},{"taxonomy":"post_tag","embeddable":true,"href":"https:\/\/corrientesdetarde.com\/index.php\/wp-json\/wp\/v2\/tags?post=94652"}],"curies":[{"name":"wp","href":"https:\/\/api.w.org\/{rel}","templated":true}]}}