{"id":94653,"date":"2023-10-12T10:33:12","date_gmt":"2023-10-12T13:33:12","guid":{"rendered":"https:\/\/corrientesdetarde.com\/?p=94653"},"modified":"2023-10-12T10:33:23","modified_gmt":"2023-10-12T13:33:23","slug":"homenaje-a-salvador-miqueri","status":"publish","type":"post","link":"https:\/\/corrientesdetarde.com\/index.php\/informacion-general\/homenaje-a-salvador-miqueri\/","title":{"rendered":"Homenaje a Salvador Miqueri"},"content":{"rendered":"\n<p>De lograr la sanci\u00f3n en la C\u00e1mara de Senadores, el 20 de agosto ser\u00e1 instituido por ley como el &#8220;D\u00eda del Poeta del Chamam\u00e9&#8221;. En la sesi\u00f3n de ayer se vot\u00f3 la media sanci\u00f3n de un proyecto de ley por el cual se le rinde homenaje al creador chamamecero, compositor e int\u00e9rprete Salvador Miqueri.<\/p>\n\n\n\n<p>Tambi\u00e9n se vot\u00f3 una modificaci\u00f3n al art\u00edculo 1\u00ba de la Ley N\u00b03.278, que instituye el D\u00eda del Chamam\u00e9, debido a un error involuntario en la fecha de fallecimiento del artista, a quien se rinde honor, don Mario del Tr\u00e1nsito Cocomarola.<\/p>\n\n\n\n<p>La fundamentaci\u00f3n del proyecto de ley que rinde homenaje a Salvador Miqueri estuvo a cargo del diputado Horacio Pozo (foto), quien destac\u00f3 la prol\u00edfica obra del autor de innumerables piezas chamameceras y remarc\u00f3 su rol docente, adem\u00e1s de reconocerle su aporte a la cultura correntina.<\/p>\n\n\n\n<p>Tambi\u00e9n aprovech\u00f3 la tecnolog\u00eda instalada para pedir que se transmita un video animado con la polca &#8220;Paran\u00e1&#8221;, que para el legislador es una muestra de la sensibilidad art\u00edstica de quien fuera int\u00e9rprete y autor de temas sustanciales en la historia del g\u00e9nero. Tambi\u00e9n ley\u00f3 composiciones hechas en guaran\u00ed.<\/p>\n","protected":false},"excerpt":{"rendered":"<p>De lograr la sanci\u00f3n en la C\u00e1mara de Senadores, el 20 de agosto ser\u00e1 instituido por ley como el &#8220;D\u00eda del Poeta del Chamam\u00e9&#8221;. En la sesi\u00f3n de ayer se&hellip; <\/p>\n","protected":false},"author":12,"featured_media":94669,"comment_status":"closed","ping_status":"open","sticky":false,"template":"","format":"standard","meta":{"footnotes":""},"categories":[1],"tags":[],"class_list":["post-94653","post","type-post","status-publish","format-standard","has-post-thumbnail","hentry","category-informacion-general"],"_links":{"self":[{"href":"https:\/\/corrientesdetarde.com\/index.php\/wp-json\/wp\/v2\/posts\/94653","targetHints":{"allow":["GET"]}}],"collection":[{"href":"https:\/\/corrientesdetarde.com\/index.php\/wp-json\/wp\/v2\/posts"}],"about":[{"href":"https:\/\/corrientesdetarde.com\/index.php\/wp-json\/wp\/v2\/types\/post"}],"author":[{"embeddable":true,"href":"https:\/\/corrientesdetarde.com\/index.php\/wp-json\/wp\/v2\/users\/12"}],"replies":[{"embeddable":true,"href":"https:\/\/corrientesdetarde.com\/index.php\/wp-json\/wp\/v2\/comments?post=94653"}],"version-history":[{"count":1,"href":"https:\/\/corrientesdetarde.com\/index.php\/wp-json\/wp\/v2\/posts\/94653\/revisions"}],"predecessor-version":[{"id":94670,"href":"https:\/\/corrientesdetarde.com\/index.php\/wp-json\/wp\/v2\/posts\/94653\/revisions\/94670"}],"wp:featuredmedia":[{"embeddable":true,"href":"https:\/\/corrientesdetarde.com\/index.php\/wp-json\/wp\/v2\/media\/94669"}],"wp:attachment":[{"href":"https:\/\/corrientesdetarde.com\/index.php\/wp-json\/wp\/v2\/media?parent=94653"}],"wp:term":[{"taxonomy":"category","embeddable":true,"href":"https:\/\/corrientesdetarde.com\/index.php\/wp-json\/wp\/v2\/categories?post=94653"},{"taxonomy":"post_tag","embeddable":true,"href":"https:\/\/corrientesdetarde.com\/index.php\/wp-json\/wp\/v2\/tags?post=94653"}],"curies":[{"name":"wp","href":"https:\/\/api.w.org\/{rel}","templated":true}]}}