{"id":94661,"date":"2023-10-12T10:05:09","date_gmt":"2023-10-12T13:05:09","guid":{"rendered":"https:\/\/corrientesdetarde.com\/?p=94661"},"modified":"2023-10-12T10:05:13","modified_gmt":"2023-10-12T13:05:13","slug":"manejo-drogado-choco-y-quiso-cruzar-la-panamericana-gateando-hasta-que-fue-atropellado-por-un-camion","status":"publish","type":"post","link":"https:\/\/corrientesdetarde.com\/index.php\/policiales\/manejo-drogado-choco-y-quiso-cruzar-la-panamericana-gateando-hasta-que-fue-atropellado-por-un-camion\/","title":{"rendered":"Manej\u00f3 drogado, choc\u00f3 y quiso cruzar la Panamericana gateando hasta que fue atropellado por un cami\u00f3n"},"content":{"rendered":"\n<p>En el camino, el conductor choc\u00f3 varios autos y peatones. (Foto: captura)<\/p>\n\n\n\n<p>Un joven de 28 a\u00f1os manej\u00f3\u00a0<strong>drogado\u00a0<\/strong>por la autopista Panamericana<strong>,\u00a0choc\u00f3\u00a0varios autos, motos y peatones\u00a0<\/strong>y cuando iba a cruzar un puente se baj\u00f3 de su veh\u00edculo, y\u00a0<strong>fue\u00a0atropellado\u00a0por un cami\u00f3n a la altura de\u00a0Vicente L\u00f3pez.<\/strong><\/p>\n\n\n\n<p>El dram\u00e1tico episodio ocurri\u00f3 la semana pasada, pero se dio a conocer este mi\u00e9rcoles y toda la secuencia qued\u00f3 registrada por un hombre que lo sigui\u00f3 durante varios kil\u00f3metros junto a su hijo y que fueron quienes alertaron a la Polic\u00eda sobre el temible accionar.<\/p>\n\n\n\n<p>El conductor manejaba por la mano a Provincia de la autopista Panamericana y todo el tiempo ten\u00eda las balizas puestas. En determinado momento, un hombre y su hijo notaron lo que estaba sucediendo y llamaron al 911.<\/p>\n\n\n\n<p>En las im\u00e1genes se puede ver como iba chocando autos y motos mientras cruzaba el puente de Debenedetti.&nbsp;<strong>\u201cEstoy siguiendo a un auto que est\u00e1 chocando a todo el mundo.<\/strong>&nbsp;Casi pisa a una persona, me choc\u00f3 a m\u00ed\u201d, se escucha que el hombre detallaba por tel\u00e9fono a los efectivos.<\/p>\n\n\n\n<figure class=\"wp-block-image\"><img decoding=\"async\" src=\"https:\/\/tn.com.ar\/resizer\/VNDibt06p33Sx5mLbIDEOd4OVjg=\/767x0\/smart\/filters:format(webp)\/cloudfront-us-east-1.images.arcpublishing.com\/artear\/NUN4CSHGYZGFNCXQPK757QRIJA.PNG\" alt=\"El conductor manejaba con las balizas puestas y choc\u00f3 varios veh\u00edculos. (Foto: captura)\"\/><figcaption>El conductor manejaba con las balizas puestas y choc\u00f3 varios veh\u00edculos. (Foto: captura)<\/figcaption><\/figure>\n\n\n\n<p>En medio de la denuncia, el conductor cruz\u00f3 a una estaci\u00f3n de servicio, se subi\u00f3 arriba de la vereda y&nbsp;<strong>atropell\u00f3 a varios peatones que se encontraban en el lugar.<\/strong>&nbsp;\u201c\u00a1Est\u00e1 rompiendo todo!&nbsp;<strong>\u00a1Est\u00e1 matando a todo el mundo!<\/strong>&nbsp;\u00a1Vengan, por favor, est\u00e1 matando gente!\u201d, comenzaron a gritar desesperados padre e hijo tras presenciar la dram\u00e1tica escena. \u201cEst\u00e1 re loco\u201d, sumaron.<\/p>\n\n\n\n<p>Enseguida, el joven de 28 a\u00f1os volvi\u00f3 a cruzar el puente y fren\u00f3 en el medio. Tras salir del auto,\u00a0<strong>baj\u00f3 hacia la autopista y cay\u00f3 por un terrapl\u00e9n\u00a0<\/strong>sin escuchar los gritos de los dos hombres que lo siguieron.<\/p>\n\n\n\n<p>Luego comenz\u00f3 a&nbsp;<strong>gatear en medio de la autopista,<\/strong>&nbsp;mano a Capital, y fue&nbsp;<strong>embestido por un cami\u00f3n,&nbsp;<\/strong>que le provoc\u00f3 una fractura de pierna. Todo suced\u00eda mientras padre e hijo filmaban la situaci\u00f3n.<strong>&nbsp;\u201cSe quiere matar a toda costa\u201d,<\/strong>&nbsp;expres\u00f3 el chico que grababa.<\/p>\n\n\n\n<figure class=\"wp-block-image\"><img decoding=\"async\" src=\"https:\/\/tn.com.ar\/resizer\/_Xb_zPMvAZqQpjnAEnAtExAyX9o=\/767x0\/smart\/filters:format(webp)\/cloudfront-us-east-1.images.arcpublishing.com\/artear\/GKCDOCAQRRF4HPCTXKRVX5D56E.PNG\" alt=\"El joven de 28 a\u00f1os comenz\u00f3 a gatear en medio de la autopista. (Foto: captura)\"\/><figcaption>El joven de 28 a\u00f1os comenz\u00f3 a gatear en medio de la autopista. (Foto: captura)<\/figcaption><\/figure>\n\n\n\n<p>Los servicios de emergencia llegaron poco despu\u00e9s y lo sacaron de la traza. Fue derivado a un hospital cercano, en el que se comprob\u00f3 que estaba bajo una&nbsp;<strong>intoxicaci\u00f3n&nbsp;<\/strong>aguda por el consumo de&nbsp;<strong>coca\u00edna<\/strong>. Los antecedentes del denunciado tambi\u00e9n arrojaban que tuvo problemas con el consumo de drogas previamente.<\/p>\n\n\n\n<p>En los pr\u00f3ximos d\u00edas se determinar\u00e1 si es o no inimputable debido a su estado mental. Afortunadamente para los involucrados, la \u00fanica v\u00edctima que requiri\u00f3 atenci\u00f3n m\u00e9dica fue una mujer que fue atropellada mientras iba como acompa\u00f1ante en una moto, a quien ya le fue dada el alta m\u00e9dica. Aunque a\u00fan faltan por conocerse los partes m\u00e9dicos de otros afectados, pero la salud de ninguno de ellos estar\u00eda en peligro.<\/p>\n","protected":false},"excerpt":{"rendered":"<p>En el camino, el conductor choc\u00f3 varios autos y peatones. (Foto: captura) Un joven de 28 a\u00f1os manej\u00f3\u00a0drogado\u00a0por la autopista Panamericana,\u00a0choc\u00f3\u00a0varios autos, motos y peatones\u00a0y cuando iba a cruzar un&hellip; <\/p>\n","protected":false},"author":12,"featured_media":94664,"comment_status":"closed","ping_status":"open","sticky":false,"template":"","format":"standard","meta":{"footnotes":""},"categories":[33],"tags":[],"class_list":["post-94661","post","type-post","status-publish","format-standard","has-post-thumbnail","hentry","category-policiales"],"_links":{"self":[{"href":"https:\/\/corrientesdetarde.com\/index.php\/wp-json\/wp\/v2\/posts\/94661","targetHints":{"allow":["GET"]}}],"collection":[{"href":"https:\/\/corrientesdetarde.com\/index.php\/wp-json\/wp\/v2\/posts"}],"about":[{"href":"https:\/\/corrientesdetarde.com\/index.php\/wp-json\/wp\/v2\/types\/post"}],"author":[{"embeddable":true,"href":"https:\/\/corrientesdetarde.com\/index.php\/wp-json\/wp\/v2\/users\/12"}],"replies":[{"embeddable":true,"href":"https:\/\/corrientesdetarde.com\/index.php\/wp-json\/wp\/v2\/comments?post=94661"}],"version-history":[{"count":1,"href":"https:\/\/corrientesdetarde.com\/index.php\/wp-json\/wp\/v2\/posts\/94661\/revisions"}],"predecessor-version":[{"id":94665,"href":"https:\/\/corrientesdetarde.com\/index.php\/wp-json\/wp\/v2\/posts\/94661\/revisions\/94665"}],"wp:featuredmedia":[{"embeddable":true,"href":"https:\/\/corrientesdetarde.com\/index.php\/wp-json\/wp\/v2\/media\/94664"}],"wp:attachment":[{"href":"https:\/\/corrientesdetarde.com\/index.php\/wp-json\/wp\/v2\/media?parent=94661"}],"wp:term":[{"taxonomy":"category","embeddable":true,"href":"https:\/\/corrientesdetarde.com\/index.php\/wp-json\/wp\/v2\/categories?post=94661"},{"taxonomy":"post_tag","embeddable":true,"href":"https:\/\/corrientesdetarde.com\/index.php\/wp-json\/wp\/v2\/tags?post=94661"}],"curies":[{"name":"wp","href":"https:\/\/api.w.org\/{rel}","templated":true}]}}